{"id":126340,"date":"2025-05-25T06:38:18","date_gmt":"2025-05-25T06:38:18","guid":{"rendered":"https:\/\/www.europesays.com\/fr\/126340\/"},"modified":"2025-05-25T06:38:18","modified_gmt":"2025-05-25T06:38:18","slug":"lille-malgre-la-crise-cette-boutique-de-vetements-rencontre-un-tres-beau-succes","status":"publish","type":"post","link":"https:\/\/www.europesays.com\/fr\/126340\/","title":{"rendered":"Lille. Malgr\u00e9 la crise, cette boutique de v\u00eatements rencontre un tr\u00e8s beau succ\u00e8s"},"content":{"rendered":"<p>            Par<br \/>\n        <strong><br \/>\n            <a href=\"https:\/\/actu.fr\/auteur\/hervine-mahaud\" title=\"Consulter tous les articles de Hervine Mahaud\" target=\"_blank\" rel=\"noopener\">Hervine Mahaud<\/a><br \/>\n        <\/strong><\/p>\n<p>        Publi\u00e9 le<\/p>\n<p>            25 mai 2025 \u00e0 6h10        <\/p>\n<p>C\u2019est le genre de <b>commerce<\/b> que l\u2019on aimerait voir plus souvent \u00e0 <a href=\"https:\/\/actu.fr\/hauts-de-france\/lille_59350\" target=\"_blank\" rel=\"noopener\"><b>Lille<\/b><\/a>. Mais face aux nombreuses difficult\u00e9s auxquelles doivent faire face les ind\u00e9pendants, sans compter la <a href=\"https:\/\/actu.fr\/economie\/kookai-andre-camaieu-go-sport-le-secteur-de-l-habillement-est-il-en-crise_57338868.html\" target=\"_blank\" rel=\"noopener\">crise du secteur de l\u2019habillement<\/a>, il est devenu rare de croiser des <b>boutiques<\/b> comme celle de Clara. \u00c0 26 ans, la Lilloise est \u00e0 la t\u00eate d\u2019<b>\u00catre<\/b>, qui a d\u00e9m\u00e9nag\u00e9 de l\u2019avenue du Peuple Belge pour rouvrir rue Lepelletier fin mars 2025. Depuis deux ans, le <b>concept store<\/b> propose des <b>v\u00eatements pour femmes<\/b>, mais avec des <b>marques<\/b> que l\u2019on ne retrouve pas \u00e0 chaque coin de rue. L\u2019expertise et la bonne humeur communicative de la cheffe d\u2019entreprise ont permis de <b>fid\u00e9liser une client\u00e8le<\/b>, avide de nouveaut\u00e9s et de conseils bienveillants. La jeune femme aurait-elle r\u00e9ussi \u00e0 trouver la formule magique pour r\u00e9ussir, alors que les <a href=\"https:\/\/actu.fr\/tag\/textile\" target=\"_blank\" rel=\"noopener\">boutiques de pr\u00eat-\u00e0-porter<\/a> ferment les unes apr\u00e8s les autres ?<\/p>\n<p>Un concept diff\u00e9rent qui a r\u00e9ussi son pari<\/p>\n<p class=\" wall-content\">Le pari de d\u00e9part \u00e9tait pourtant tr\u00e8s os\u00e9. Ouvrir une boutique dans une zone confidentielle \u2013 l\u2019avenue du Peuple Belge \u2013 avec des marques peu connues car inexistantes \u00e0 Lille. \u00ab\u00a0On a une <b>dizaine de marques, surtout scandinaves<\/b> ou des pays nordiques. Je suis tr\u00e8s \u00e0 l\u2019aff\u00fbt sur les r\u00e9seaux sociaux pour <b>proposer quelque chose de diff\u00e9rent<\/b>. C\u2019est assez risqu\u00e9 car, m\u00eame si les clients aiment la nouveaut\u00e9, ils sont parfois frileux avec de nouvelles marques.\u00a0\u00bb\u00a0<\/p>\n<p>    <img   decoding=\"async\" loading=\"lazy\" class=\"size-large\" src=\"https:\/\/www.europesays.com\/fr\/wp-content\/uploads\/2025\/05\/aeb54e9d80386a2c54e9d803886c54v-960x640.jpg\" alt=\"\u00c0 l'oppos\u00e9 des grandes cha\u00eenes insipides, l'accueil de Clara est chaleureux. Et ses conseils sont toujours bienveillants.\" width=\"960\" height=\"640\"\/><br \/>\n    \u00c0 l\u2019oppos\u00e9 des grandes cha\u00eenes insipides, l\u2019accueil de Clara est chaleureux. Et ses conseils sont toujours bienveillants. \u00a9Hervine Mahaud<\/p>\n<p class=\" wall-content\">\u00c9paul\u00e9e dans l\u2019aventure par son mari Corentin, <a href=\"https:\/\/actu.fr\/hauts-de-france\/lille_59350\/lille-clara-et-son-mari-ouvrent-etre-leur-concept-store-mode-et-deco_57410740.html\" target=\"_blank\" rel=\"noopener\">Clara croit dur comme fer \u00e0 son concept et r\u00e9ussit \u00e0 faire d\u2019\u00catre un lieu de destination<\/a>. \u00ab\u00a0On ne voulait pas ouvrir dans le <b>Vieux-Lille<\/b> car on voulait \u00eatre un lieu \u00e0 part et se diff\u00e9rencier de ce qui se faisait.\u00a0\u00bb En deux ans, Clara se constitue une belle client\u00e8le, des femmes surtout, qui lui font enti\u00e8rement confiance.<\/p>\n<p class=\" wall-content\">\u00ab\u00a0<b>Ce n\u2019est pas juste une boutique de fringues<\/b>, c\u2019est plus que \u00e7a. Mon but, c\u2019est que mes clientes ressortent en ayant une tenue qui leur pla\u00eet et qui les mettent en valeur. Je veux qu\u2019elles ressortent reboost\u00e9e\u00a0\u00bb, explique la <b>conseill\u00e8re en image<\/b>.<\/p>\n<p>D\u2019un lieu confidentiel \u00e0 l\u2019une des plus belles rues de Lille<\/p>\n<p class=\" wall-content\">En septembre 2024, son mari <a href=\"https:\/\/actu.fr\/hauts-de-france\/lille_59350\/vieux-lille-avec-ses-cocktails-sa-musique-et-sa-salle-secrete-ce-bar-est-deja-devenu-incontournable_62507518.html\" target=\"_blank\" rel=\"noopener\">Corentin ouvre Cosmo, son bar branch\u00e9 dans le Vieux-Lille<\/a>. Clara, d\u00e9sormais seule en boutique, r\u00e9fl\u00e9chit \u00e0 l\u2019avenir d\u2019\u00catre. \u00ab\u00a0J\u2019ai voulu me r\u00e9appropier le concept \u00e0 100% alors j\u2019ai cherch\u00e9 un nouveau local. Quitte \u00e0 partir, autant s\u2019installer dans une rue passante. Je savais que mon concept plaisait mais il fallait que les gens trouvent la boutique plus facilement.\u00a0\u00bb<\/p>\n<p class=\" wall-content\">Apr\u00e8s avoir visit\u00e9 une quinzaine de locaux dans le Vieux-Lille, un agent immobilier lui propose un emplacement de r\u00eave, au <b>35 rue Lepelletie<\/b>r, l\u00e0 o\u00f9 s\u2019\u00e9tait install\u00e9 le <a href=\"https:\/\/actu.fr\/hauts-de-france\/lille_59350\/mi-cafe-mi-boutique-la-marque-q-de-bouteilles-s-est-installee-dans-le-vieux-lille_54823583.html\" target=\"_blank\" rel=\"noopener\">caf\u00e9 Q de Bouteilles<\/a>. \u00ab\u00a0J\u2019ai commenc\u00e9 \u00e0 travailler comme vendeuse dans une boutique de cette rue. Et aujourd\u2019hui je retrouve des commer\u00e7ants qui m\u2019ont connue quand j\u2019avais 18 ans.\u00a0\u00bb<\/p>\n<p>    <img   decoding=\"async\" loading=\"lazy\" class=\"size-large\" src=\"https:\/\/www.europesays.com\/fr\/wp-content\/uploads\/2025\/05\/57dc4e9d80386cbdc4e9d803893ec4v-960x640.jpg\" alt=\"Une adresse rare, \u00e0 contre courant de ce que l'on retrouve habituellement dans les centres-villes.Certaines marques sont distribu\u00e9es en exclusivit\u00e9 ici.\" width=\"960\" height=\"640\"\/><br \/>\n    Une adresse rare, \u00e0 contre courant de ce que l\u2019on retrouve habituellement dans les centres-villes.Certaines marques sont distribu\u00e9es en exclusivit\u00e9 ici. \u00a9Hervine Mahaud<\/p>\n<p class=\" wall-content\">Aujourd\u2019hui \u00e2g\u00e9e de 26 ans, Clara est devenue une cheffe d\u2019entreprise qui a fait ses preuves. Elle a pourtant encore du mal \u00e0 r\u00e9aliser qu\u2019elle est en train de r\u00e9ussir son pari. \u00ab\u00a0J\u2019ai un peu le syndrome de l\u2019imposteur car <b>le secteur de l\u2019habillement est en crise<\/b>. Je vois <a href=\"https:\/\/actu.fr\/hauts-de-france\/lille_59350\/lille-ce-magasin-historique-du-centre-commercial-les-tanneurs-va-fermer-ses-portes_62418637.html\" target=\"_blank\" rel=\"noopener\">les boutiques de pr\u00eat-\u00e0-porter fermer les unes apr\u00e8s les autres<\/a>. Alors oui, j\u2019ai peur mais je ne veux pas avoir de regrets et je veux faire ce que j\u2019aime.\u00a0\u00bb<\/p>\n<p>Un m\u00e9tier stressant mais passionnant<\/p>\n<p class=\" wall-content\">D\u00e9sormais implant\u00e9e dans l\u2019une des rues les plus fr\u00e9quent\u00e9es du Vieux-Lille, \u00catre a gagn\u00e9 en visibilit\u00e9. Alors Clara a du adapter son offre. \u00ab\u00a0Je dois prendre en compte que j\u2019ai plus de passage et g\u00e9rer mon stock en fonction de cela.\u00a0\u00bb<\/p>\n<p>    <img   decoding=\"async\" loading=\"lazy\" class=\"size-large\" src=\"https:\/\/www.europesays.com\/fr\/wp-content\/uploads\/2025\/05\/ef315e9d80386e3415e9d8038d7415v-960x640.jpg\" alt=\"Alors que le secteur de l'habillement fait grise-mine en France, le concept store \u00catre tire son \u00e9pingle du jeu gr\u00e2ce \u00e0 sa singularit\u00e9.\" width=\"960\" height=\"640\"\/><br \/>\n    Alors que le secteur de l\u2019habillement fait grise-mine en France, le concept store \u00catre tire son \u00e9pingle du jeu gr\u00e2ce \u00e0 sa singularit\u00e9. \u00a9Hervine Mahaud<\/p>\n<p class=\" wall-content\">Les commandes se pr\u00e9parent un an \u00e0 l\u2019avance, un exercice difficile car \u00ab\u00a0il y a un \u00e9quilibre \u00e0 trouver d\u2019une ann\u00e9e sur l\u2019autre. Cela peut \u00eatre <b>stressant comme m\u00e9tier<\/b> mais c\u2019est ce que j\u2019aime : \u00eatre stimul\u00e9e.\u00a0\u00bb Et m\u00eame si la p\u00e9riode est compliqu\u00e9e pour le secteur du textile, Clara n\u2019oublie pas qu\u2019elle doit sans cesse avoir des \u00ab\u00a0propositions pour celles qui veulent de la nouveaut\u00e9. J\u2019ai des <b>arrivages toutes les semaines<\/b>, avec toutes les gammes de prix mais toujours des produits qualitatifs.\u00a0\u00bb<\/p>\n<blockquote class=\"ac-article-quote wall-content\">\n<p>\u00ab\u00a0Lorsque je fais mes s\u00e9lections, je pense toujours \u00e0 mes clientes. Parfois je me dis : \u2018\u00c7a, c\u2019est fait pour elle, elle va adorer !&rsquo;\u00a0\u00bb<\/p>\n<\/blockquote>\n<p class=\" wall-content\">Prochainement, la fondatrice d\u2019\u00catre esp\u00e8re pouvoir embaucher une personne pour l\u2019aider \u00e0 la boutique. \u00ab\u00a0Cela me permettra de me d\u00e9gager du temps car j\u2019ai <b>plein d\u2019id\u00e9es en t\u00eate pour faire \u00e9voluer \u00catre<\/b> !\u00a0\u00bb Elle voudrait bient\u00f4t proposer une nouvelle gamme d\u2019accessoires \u00ab\u00a0girly\u00a0\u00bb pour le quotidien et des id\u00e9es cadeaux. Bien d\u2019autres choses se pr\u00e9parent, alors pour ne rien louper, <a href=\"https:\/\/www.instagram.com\/etre_conceptstore\/\" target=\"_blank\" rel=\"noopener\">suivez le concept store sur Instagram<\/a>.<\/p>\n<p class=\" wall-content\">Suivez toute l\u2019actualit\u00e9 de vos villes et m\u00e9dias favoris en vous inscrivant \u00e0 <a href=\"https:\/\/moncompte.actu.fr\" title=\"D\u00e9couvez Mon Actu\" rel=\"nofollow noopener\" data-trk=\"{&quot;cta&quot;:{&quot;action&quot;:&quot;https:\\\/\\\/moncompte.actu.fr&quot;,&quot;category&quot;:&quot;mon compte&quot;,&quot;from&quot;:&quot;article footer&quot;,&quot;name&quot;:&quot;Mon actu&quot;,&quot;type&quot;:&quot;cta&quot;}}\" target=\"_blank\">Mon Actu<\/a>.<\/p>\n<p>                    <script async src=\"\/\/www.instagram.com\/embed.js\"><\/script><\/p>\n","protected":false},"excerpt":{"rendered":"Par Hervine Mahaud Publi\u00e9 le 25 mai 2025 \u00e0 6h10 C\u2019est le genre de commerce que l\u2019on aimerait&hellip;\n","protected":false},"author":2,"featured_media":126341,"comment_status":"","ping_status":"","sticky":false,"template":"","format":"standard","meta":{"footnotes":""},"categories":[2815],"tags":[1111,11,33,1777,674,1011,27,811,1307,12,3147,25,2422],"class_list":{"0":"post-126340","1":"post","2":"type-post","3":"status-publish","4":"format-standard","5":"has-post-thumbnail","7":"category-lille","8":"tag-actu","9":"tag-actualites","10":"tag-economie","11":"tag-eu","12":"tag-europe","13":"tag-fr","14":"tag-france","15":"tag-hauts-de-france","16":"tag-lille","17":"tag-news","18":"tag-nouveaux-commerces","19":"tag-republique-francaise","20":"tag-textile"},"share_on_mastodon":{"url":"https:\/\/pubeurope.com\/@fr\/114567099498749861","error":""},"_links":{"self":[{"href":"https:\/\/www.europesays.com\/fr\/wp-json\/wp\/v2\/posts\/126340","targetHints":{"allow":["GET"]}}],"collection":[{"href":"https:\/\/www.europesays.com\/fr\/wp-json\/wp\/v2\/posts"}],"about":[{"href":"https:\/\/www.europesays.com\/fr\/wp-json\/wp\/v2\/types\/post"}],"author":[{"embeddable":true,"href":"https:\/\/www.europesays.com\/fr\/wp-json\/wp\/v2\/users\/2"}],"replies":[{"embeddable":true,"href":"https:\/\/www.europesays.com\/fr\/wp-json\/wp\/v2\/comments?post=126340"}],"version-history":[{"count":0,"href":"https:\/\/www.europesays.com\/fr\/wp-json\/wp\/v2\/posts\/126340\/revisions"}],"wp:featuredmedia":[{"embeddable":true,"href":"https:\/\/www.europesays.com\/fr\/wp-json\/wp\/v2\/media\/126341"}],"wp:attachment":[{"href":"https:\/\/www.europesays.com\/fr\/wp-json\/wp\/v2\/media?parent=126340"}],"wp:term":[{"taxonomy":"category","embeddable":true,"href":"https:\/\/www.europesays.com\/fr\/wp-json\/wp\/v2\/categories?post=126340"},{"taxonomy":"post_tag","embeddable":true,"href":"https:\/\/www.europesays.com\/fr\/wp-json\/wp\/v2\/tags?post=126340"}],"curies":[{"name":"wp","href":"https:\/\/api.w.org\/{rel}","templated":true}]}}