{"id":126344,"date":"2025-05-25T06:40:08","date_gmt":"2025-05-25T06:40:08","guid":{"rendered":"https:\/\/www.europesays.com\/fr\/126344\/"},"modified":"2025-05-25T06:40:08","modified_gmt":"2025-05-25T06:40:08","slug":"le-rappeur-marseillais-zamdane-partage-son-histoire-de-la-vraie-vie-un-documentaire-poignant","status":"publish","type":"post","link":"https:\/\/www.europesays.com\/fr\/126344\/","title":{"rendered":"Le rappeur marseillais Zamdane partage son \u00ab\u00a0Histoire de la vraie vie\u201d\u00a0: un documentaire poignant"},"content":{"rendered":"<p>S\u2019il affirme se mettre \u00e0 nu dans ses morceaux, <a href=\"https:\/\/www.laprovence.com\/article\/region\/52962533992242\/zamdane-et-werenoi-en-feu-a-marsatac\" target=\"_blank\" rel=\"noopener\">Zamdane<\/a> confie que c\u2019est encore plus vrai dans son documentaire Histoire de la vraie vie. Un exercice loin d\u2019\u00eatre \u00e9vident pour lui, qu\u2019il d\u00e9crit m\u00eame comme \u00ab\u00a0inconfortable\u00a0\u00bb.<\/p>\n<p>Mais, ce qui a donn\u00e9 envie au jeune homme de 27\u00a0ans de mettre sa pudeur de c\u00f4t\u00e9 le temps de cinquante minutes, c\u2019est l\u2019id\u00e9e de se d\u00e9voiler \u00e0 ses auditeurs. Il explique\u00a0: \u00ab\u00a0Le public m\u00e9rite d\u2019en savoir plus. J\u2019ai envie qu\u2019on comprenne un peu mieux qui je suis, qu\u2019on comprenne mieux ma musique\u00a0\u00bb. Aussi, le rappeur esp\u00e8re que ce travail sera source d\u2019inspiration et de motivation, autant pour ceux qui l\u2019\u00e9coutent que pour les artistes en devenir.<\/p>\n<p>Une immersion dans sa r\u00e9alit\u00e9<\/p>\n<p>En effet, le Franco-marocain a d\u00fb faire preuve de r\u00e9silience, de pers\u00e9v\u00e9rance mais aussi de beaucoup de courage avant d\u2019en arriver l\u00e0 o\u00f9 il en est aujourd\u2019hui. Il quitte Marrakech et pose ses bagages \u00e0 Marseille en\u00a02015, \u00e0 l\u2019\u00e2ge de 17\u00a0ans, o\u00f9 il s\u2019impr\u00e8gne de la sc\u00e8ne rap locale. Le d\u00e9but de sa carri\u00e8re est bouscul\u00e9 par des \u00e9v\u00e9nements tragiques, qui ont fa\u00e7onn\u00e9 sa musique.<\/p>\n<p>Plus r\u00e9cemment, Ayoub Zaidine de son vrai nom, a \u00e9t\u00e9 victime d\u2019un grave accident de voiture, dont il a encore du mal \u00e0 parler. Si ses deuils, pertes et accidents sont \u00e9voqu\u00e9s dans le documentaire, il le fait toujours avec discr\u00e9tion.<\/p>\n<p>\u00ab\u00a0D\u2019abord tu exp\u00e9rimentes l\u2019ombre, apr\u00e8s tu vois la lumi\u00e8re\u00a0\u00bb, explique Zamdane d\u00e8s les premi\u00e8res minutes de son documentaire. Lui qui conna\u00eet aujourd\u2019hui une existence lumineuse souhaite aider\u00a0: \u00ab\u00a0\u00c0\u00a0quoi \u00e7a sert d\u2019avoir toute cette exposition m\u00e9diatique [\u2026] si tu utilises ton nom que pour ton profit personnel\u00a0?\u00a0\u00bb. Tr\u00e8s <a href=\"https:\/\/www.laprovence.com\/videos\/sos-mditerrane-a-fait-vibrer-le-dock-des-suds-samedi-soir\/1728218441371\" target=\"_blank\" rel=\"noopener\">engag\u00e9 aux c\u00f4t\u00e9s de l\u2019association SOS M\u00e9diterran\u00e9e<\/a>, qui porte secours aux migrants partis en mer, le rappeur a organis\u00e9, \u00e0 deux reprises \u00e0 Marseille, un concert rassemblant des artistes vari\u00e9s, dont les fonds ont \u00e9t\u00e9 revers\u00e9s \u00e0 l\u2019organisation.<\/p>\n<p>C\u2019est un projet en lien avec son histoire, qu\u2019il \u00e9voque avec fiert\u00e9, et met en lumi\u00e8re dans son film documentaire. \u00ab\u00a0C\u2019est important parce que c\u2019est quelque chose qui est omnipr\u00e9sent dans nos cultures et nos peuples, de voir des gens partir et ne pas revenir\u00a0\u00bb, raconte le jeune Franco-marocain qui a connu ce parcours de migrant.<\/p>\n<p>L\u2019art comme \u00ab\u00a0devoir de m\u00e9moire\u00a0\u00bb<\/p>\n<p>Sa famille est essentielle \u00e0 sa vie. C\u2019est avec les yeux p\u00e9tillants que l\u2019artiste, qui se qualifie lui-m\u00eame \u00ab\u00a0d\u2019homme de famille\u00a0\u00bb, en parle\u00a0: \u00ab\u00a0On a tous v\u00e9cu la m\u00eame base, donc on se sait, on se comprend et \u00e7a cr\u00e9e une \u00e9motion collective\u00a0\u00bb. Sources d\u2019inspiration pour sa musique, ses proches occupent une place primordiale dans son documentaire. Mais pour lui, la famille ne s\u2019arr\u00eate pas aux liens du sang\u00a0: \u00ab\u00a0Quand on parle de famille, on parle d\u2019amis aussi. Ce sont ceux que j\u2019ai laiss\u00e9s derri\u00e8re moi, ceux qui n\u2019ont pas eu la m\u00eame chance. C\u2019est un devoir de m\u00e9moire\u00a0\u00bb.<\/p>\n<p>Alors, sans tout \u00e0 fait le choisir, ces \u00e9l\u00e9ments de vie qui teintent le quotidien de Zamdane sont d\u00e9peints dans son nouvel album Rahma, au travers de titres comme \u00c0\u00a0quel prix\u00a0?, Beretta ou D\u00e9sol\u00e9e Mama. Quand on l\u2019interroge sur son \u00e9criture, il r\u00e9pond sans h\u00e9siter\u00a0: c\u2019est plut\u00f4t l\u2019instinct qui le guide. Pour autant, il avoue que lui et son \u00e9quipe ont veill\u00e9 \u00e0 ne rien laisser au hasard.<\/p>\n<p>\u00c0 commencer par le titre de l\u2019album, Rahma (qui signifie en arabe mis\u00e9ricorde)\u00a0: \u00ab\u00a0J\u2019aime donner un pr\u00e9nom \u00e0 un projet, pour moi c\u2019est une fa\u00e7on de le personnifier, que ce ne soit pas juste un objet banal, mais qu\u2019il ait une identit\u00e9\u00a0\u00bb. Des feats jusqu\u2019aux m\u00e9lodies, le rappeur l\u2019affirme, c\u2019est le projet dont il est le plus fier. Il y m\u00eale notamment sa voix \u00e0 celle de l\u2019incontournable SCH, ou encore de la r\u00e9v\u00e9lation f\u00e9minine de l\u2019ann\u00e9e, Solann.<\/p>\n","protected":false},"excerpt":{"rendered":"S\u2019il affirme se mettre \u00e0 nu dans ses morceaux, Zamdane confie que c\u2019est encore plus vrai dans son&hellip;\n","protected":false},"author":2,"featured_media":126345,"comment_status":"","ping_status":"","sticky":false,"template":"","format":"standard","meta":{"footnotes":""},"categories":[2814],"tags":[17,1111,11,251,1777,674,1011,27,937,761,884,12,14992,882,6198,25,3711,24994,24993],"class_list":{"0":"post-126344","1":"post","2":"type-post","3":"status-publish","4":"format-standard","5":"has-post-thumbnail","7":"category-marseille","8":"tag-17","9":"tag-actu","10":"tag-actualites","11":"tag-culture","12":"tag-eu","13":"tag-europe","14":"tag-fr","15":"tag-france","16":"tag-histoire","17":"tag-marseillais","18":"tag-marseille","19":"tag-news","20":"tag-partage","21":"tag-provence-alpes-cote-dazur","22":"tag-rappeur","23":"tag-republique-francaise","24":"tag-son","25":"tag-vraie","26":"tag-zamdane"},"share_on_mastodon":{"url":"https:\/\/pubeurope.com\/@fr\/114567107312010301","error":""},"_links":{"self":[{"href":"https:\/\/www.europesays.com\/fr\/wp-json\/wp\/v2\/posts\/126344","targetHints":{"allow":["GET"]}}],"collection":[{"href":"https:\/\/www.europesays.com\/fr\/wp-json\/wp\/v2\/posts"}],"about":[{"href":"https:\/\/www.europesays.com\/fr\/wp-json\/wp\/v2\/types\/post"}],"author":[{"embeddable":true,"href":"https:\/\/www.europesays.com\/fr\/wp-json\/wp\/v2\/users\/2"}],"replies":[{"embeddable":true,"href":"https:\/\/www.europesays.com\/fr\/wp-json\/wp\/v2\/comments?post=126344"}],"version-history":[{"count":0,"href":"https:\/\/www.europesays.com\/fr\/wp-json\/wp\/v2\/posts\/126344\/revisions"}],"wp:featuredmedia":[{"embeddable":true,"href":"https:\/\/www.europesays.com\/fr\/wp-json\/wp\/v2\/media\/126345"}],"wp:attachment":[{"href":"https:\/\/www.europesays.com\/fr\/wp-json\/wp\/v2\/media?parent=126344"}],"wp:term":[{"taxonomy":"category","embeddable":true,"href":"https:\/\/www.europesays.com\/fr\/wp-json\/wp\/v2\/categories?post=126344"},{"taxonomy":"post_tag","embeddable":true,"href":"https:\/\/www.europesays.com\/fr\/wp-json\/wp\/v2\/tags?post=126344"}],"curies":[{"name":"wp","href":"https:\/\/api.w.org\/{rel}","templated":true}]}}