{"id":126346,"date":"2025-05-25T06:41:08","date_gmt":"2025-05-25T06:41:08","guid":{"rendered":"https:\/\/www.europesays.com\/fr\/126346\/"},"modified":"2025-05-25T06:41:08","modified_gmt":"2025-05-25T06:41:08","slug":"un-chauffeur-de-vtc-victime-dun-carjacking-a-marseille","status":"publish","type":"post","link":"https:\/\/www.europesays.com\/fr\/126346\/","title":{"rendered":"Un chauffeur de VTC victime d&rsquo;un carjacking \u00e0 Marseille"},"content":{"rendered":"<p>Un <a href=\"https:\/\/www.laprovence.com\/article\/faits-divers-justice\/4033278980955914\/le-chauffeur-vtc-ayant-percute-deux-chauffeurs-de-taxi-a-marseille-sera-juge-en-juillet\" target=\"_blank\" rel=\"noopener\">chauffeur de VTC<\/a> a \u00e9t\u00e9 victime d\u2019un carjacking vendredi soir, dans le 9e arrondissement de Marseille, pendant qu\u2019il effectuait une course. Sollicit\u00e9, peu avant 19\u00a0heures, par un client qui souhaitait \u00eatre conduit du <a href=\"https:\/\/www.laprovence.com\/article\/faits-divers-justice\/1082175902573714\/un-snack-detruit-par-lexplosion-dun-vehicule-a-marseille\" target=\"_blank\" rel=\"noopener\">boulevard Mireille Lauze<\/a> (10e) jusqu\u2019\u00e0 un bureau de tabac proche du <a href=\"https:\/\/www.laprovence.com\/article\/region\/2079281688070115\/a-marseille-les-riverains-des-baumettes-3-se-calfeutrent-avant-l-ouverture-de-la-prison-en-decembre-2025\" target=\"_blank\" rel=\"noopener\">centre de d\u00e9tention des Baumettes<\/a>, le chauffeur s\u2019est ex\u00e9cut\u00e9, avant d\u2019acc\u00e9der \u00e0 la requ\u00eate de son client qui voulait cette fois \u00eatre d\u00e9pos\u00e9 devant l\u2019Ehpad <a href=\"https:\/\/www.laprovence.com\/article\/region\/15709152290091\/a-la-cite-de-la-cayolle-a-marseille-on-veut-proposer-aux-jeunes-un-autre-avenir\" target=\"_blank\" rel=\"noopener\">de la Cayolle<\/a>.<\/p>\n<p>Mais une fois \u00e0 destination, le passager aurait exhib\u00e9 une arme de poing et menac\u00e9 son chauffeur, avant d\u2019appuyer sur la d\u00e9tente, a relat\u00e9 la victime aux policiers.<\/p>\n<p>L\u2019arme \u00e9tait-elle vraiment charg\u00e9e ou s\u2019est-elle enray\u00e9e\u00a0? Toujours est-il que le chauffeur n\u2019aurait entendu qu\u2019un clic et en a profit\u00e9 pour jaillir de son VTC et prendre la fuite en courant.<\/p>\n<p>Les policiers accueillis avec des projectiles<\/p>\n<p>Le champ ainsi libre pour s\u2019emparer du v\u00e9hicule, l\u2019assaillant s\u2019est install\u00e9 au volant et s\u2019est empress\u00e9 de quitter le <a href=\"https:\/\/www.laprovence.com\/article\/faits-divers-justice\/63564707750789\/marseille-a-la-cayolle-une-famille-harcelee-au-pistolet-mitrailleur\" target=\"_blank\" rel=\"noopener\">chemin de Sormiou<\/a>.<\/p>\n<p>Alert\u00e9e par la victime, indemne mais choqu\u00e9e et surtout priv\u00e9e de son outil de travail, la police s\u2019est aussit\u00f4t rendue sur place. Muni du signalement de l\u2019auteur pr\u00e9sum\u00e9 du carjacking et de la plaque d\u2019immatriculation du VTC, un \u00e9quipage de fonctionnaires a rapidement ralli\u00e9 la cit\u00e9 de la Cayolle o\u00f9 il a \u00e9t\u00e9 accueilli avec des <a href=\"https:\/\/www.laprovence.com\/article\/region\/25871253101238\/consulat-de-russie-vise-par-des-projectiles-a-marseille-2-gardes-a-vue-3-bouteilles-retrouvees-ce-que-lon-sait\" target=\"_blank\" rel=\"noopener\">projectiles<\/a>.<\/p>\n","protected":false},"excerpt":{"rendered":"Un chauffeur de VTC a \u00e9t\u00e9 victime d\u2019un carjacking vendredi soir, dans le 9e arrondissement de Marseille, pendant&hellip;\n","protected":false},"author":2,"featured_media":126347,"comment_status":"","ping_status":"","sticky":false,"template":"","format":"standard","meta":{"footnotes":""},"categories":[2814],"tags":[17,1111,11,24995,9698,2837,1777,674,274,1011,27,884,12,882,25,9418,9699],"class_list":{"0":"post-126346","1":"post","2":"type-post","3":"status-publish","4":"format-standard","5":"has-post-thumbnail","7":"category-marseille","8":"tag-17","9":"tag-actu","10":"tag-actualites","11":"tag-carjacking","12":"tag-chauffeur","13":"tag-dun","14":"tag-eu","15":"tag-europe","16":"tag-faits-divers-justice","17":"tag-fr","18":"tag-france","19":"tag-marseille","20":"tag-news","21":"tag-provence-alpes-cote-dazur","22":"tag-republique-francaise","23":"tag-victime","24":"tag-vtc"},"share_on_mastodon":{"url":"https:\/\/pubeurope.com\/@fr\/114567112099531771","error":""},"_links":{"self":[{"href":"https:\/\/www.europesays.com\/fr\/wp-json\/wp\/v2\/posts\/126346","targetHints":{"allow":["GET"]}}],"collection":[{"href":"https:\/\/www.europesays.com\/fr\/wp-json\/wp\/v2\/posts"}],"about":[{"href":"https:\/\/www.europesays.com\/fr\/wp-json\/wp\/v2\/types\/post"}],"author":[{"embeddable":true,"href":"https:\/\/www.europesays.com\/fr\/wp-json\/wp\/v2\/users\/2"}],"replies":[{"embeddable":true,"href":"https:\/\/www.europesays.com\/fr\/wp-json\/wp\/v2\/comments?post=126346"}],"version-history":[{"count":0,"href":"https:\/\/www.europesays.com\/fr\/wp-json\/wp\/v2\/posts\/126346\/revisions"}],"wp:featuredmedia":[{"embeddable":true,"href":"https:\/\/www.europesays.com\/fr\/wp-json\/wp\/v2\/media\/126347"}],"wp:attachment":[{"href":"https:\/\/www.europesays.com\/fr\/wp-json\/wp\/v2\/media?parent=126346"}],"wp:term":[{"taxonomy":"category","embeddable":true,"href":"https:\/\/www.europesays.com\/fr\/wp-json\/wp\/v2\/categories?post=126346"},{"taxonomy":"post_tag","embeddable":true,"href":"https:\/\/www.europesays.com\/fr\/wp-json\/wp\/v2\/tags?post=126346"}],"curies":[{"name":"wp","href":"https:\/\/api.w.org\/{rel}","templated":true}]}}