{"id":126348,"date":"2025-05-25T06:42:24","date_gmt":"2025-05-25T06:42:24","guid":{"rendered":"https:\/\/www.europesays.com\/fr\/126348\/"},"modified":"2025-05-25T06:42:24","modified_gmt":"2025-05-25T06:42:24","slug":"immobilier-le-top-10-des-rues-les-plus-cheres-de-lyon","status":"publish","type":"post","link":"https:\/\/www.europesays.com\/fr\/126348\/","title":{"rendered":"Immobilier. Le top 10 des rues les plus ch\u00e8res de Lyon"},"content":{"rendered":"<p>Au 1er\u00a0mai 2025, le prix moyen au m2 \u00e0 Lyon \u00e9tait de <strong>4\u00a0405\u00a0\u20ac<\/strong> pour les appartements et de <strong>5\u00a0959\u00a0\u20ac<\/strong> pour les maisons, selon le barom\u00e8tre SeLoger\/Meilleurs agents. Il existe pourtant de fortes disparit\u00e9s selon les quartiers, avec des appartements \u00e0 vendre autour de 2\u00a0000\u00a0\u20ac\/m2 dans certains secteurs quand d\u2019autres d\u00e9passent les 6\u00a0000\u00a0\u20ac\/m2.<\/p>\n<p>Certaines rues de la capitale des Gaules sont r\u00e9put\u00e9es pour \u00eatre particuli\u00e8rement pris\u00e9es par une client\u00e8le ais\u00e9e, pr\u00eate \u00e0 mettre le prix pour un emplacement unique. C\u2019est justement celles qui nous int\u00e9ressent. On vous d\u00e9voile les 10 rues les plus ch\u00e8res de Lyon.<\/p>\n<p>10<\/p>\n<p>Passage de l\u2019Argue (Lyon 2e) &#8211; 5\u00a0887\u00a0\u20ac\/m2<\/p>\n<ul class=\"galerieContent carousel-wrapper__slides\" id=\"a8a8ed4b-8410-4ad2-903f-ed8e3f4a7521\">        &#13;<\/p>\n<li class=\"carousel-wrapper__slides--slide item\" id=\"slide-1\">&#13;<br \/>\n                                    &#13;<br \/>\n                        <a class=\"chocolat-image GA-tracking\" data-ga_type=\"click\" data-ga_category=\"D\u00e9tail\" data-ga_action=\"zoomer\" data-ga_label=\"aggrandir image\" href=\"https:\/\/cdn-s-www.leprogres.fr\/images\/127454a2-1f37-40cb-b013-f769a3ca2dd2\/NW_raw\/le-passage-de-l-argue-abrite-certains-commerces-parmi-les-plus-anciens-de-lyon-photo-d-archives-maxime-jegat-1748123766.jpg\" title=\"Le passage de l\u2019Argue abrite certains commerces parmi les plus anciens de Lyon. \u00a0 Photo d\u2019archives Maxime Jegat\" target=\"_blank\" rel=\"noopener\">&#13;<br \/>\n                            <img decoding=\"async\" src=\"https:\/\/www.europesays.com\/fr\/wp-content\/uploads\/2025\/05\/le-passage-de-l-argue-abrite-certains-commerces-parmi-les-plus-anciens-de-lyon-photo-d-archives-maxi.jpeg\"   alt=\"Le passage de l\u2019Argue abrite certains commerces parmi les plus anciens de Lyon. \u00a0 Photo d\u2019archives Maxime Jegat\" fetchpriority=\"high\" data-mobile=\"NW_listA_M|1748123766\" data-base=\"NW_listA|1748123766\"\/>&#13;<br \/>\n                        <\/a>&#13;<\/p>\n<p> Le passage de l\u2019Argue abrite certains commerces parmi les plus anciens de Lyon. \u00a0 Photo d\u2019archives Maxime Jegat <\/p>\n<p>                        &#13;<br \/>\n                                           &#13;\n                <\/li>\n<p>&#13;<br \/>\n            &#13;<\/p>\n<li class=\"carousel-wrapper__slides--slide item slideWithPub\" id=\"slide-2\">&#13;<br \/>\n                        &#13;<br \/>\n                            <a class=\"chocolat-image\" title=\"Publicit\u00e9\" href=\"data:image\/gif;base64,R0lGODlhAQABAAD\/ACwAAAAAAQABAAACADs=\">&#13;<br \/>\n                                <img decoding=\"async\" src=\"data:image\/gif;base64,R0lGODlhAQABAAD\/ACwAAAAAAQABAAACADs=\" alt=\"Publicit\u00e9\" loading=\"lazy\" fetchpriority=\"low\"\/>&#13;<br \/>\n                            <\/a>&#13;<br \/>\n                        &#13;\n                    <\/li>\n<p>&#13;<\/p>\n<li class=\"carousel-wrapper__slides--slide item\" id=\"slide-3\">&#13;<br \/>\n                                    &#13;<br \/>\n                        <a class=\"chocolat-image GA-tracking\" data-ga_type=\"click\" data-ga_category=\"D\u00e9tail\" data-ga_action=\"zoomer\" data-ga_label=\"aggrandir image\" href=\"https:\/\/cdn-s-www.leprogres.fr\/images\/6c7f5061-eaab-458b-b848-01a1c374a6b8\/NW_raw\/le-coeur-en-mosaique-qui-fait-battre-le-coeur-du-passage-de-l-argue-a-pris-sa-place-apres-la-disparition-de-la-statue-du-petit-mercure-a-maintes-reprises-volee-et-vandalisee-photo-d-archives-nadine-micholin-1748123765.jpg\" title=\"Le c\u0153ur en mosa\u00efque qui fait battre le c\u0153ur du passage de l\u2019Argue, a pris sa place apr\u00e8s la disparition de la statue du petit Mercure, \u00e0 maintes reprises vol\u00e9e et vandalis\u00e9e. \u00a0 Photo d\u2019archives Nadine Micholin\" target=\"_blank\" rel=\"noopener\">&#13;<br \/>\n                            <img decoding=\"async\" src=\"https:\/\/www.europesays.com\/fr\/wp-content\/uploads\/2025\/05\/le-coeur-en-mosaique-qui-fait-battre-le-coeur-du-passage-de-l-argue-a-pris-sa-place-apres-la-dispari.jpeg\"   alt=\"Le c\u0153ur en mosa\u00efque qui fait battre le c\u0153ur du passage de l\u2019Argue, a pris sa place apr\u00e8s la disparition de la statue du petit Mercure, \u00e0 maintes reprises vol\u00e9e et vandalis\u00e9e. \u00a0 Photo d\u2019archives Nadine Micholin\" loading=\"lazy\" fetchpriority=\"low\" data-mobile=\"NW_listA_M|1748123765\" data-base=\"NW_listA|1748123765\"\/>&#13;<br \/>\n                        <\/a>&#13;<\/p>\n<p> Le c\u0153ur en mosa\u00efque qui fait battre le c\u0153ur du passage de l\u2019Argue, a pris sa place apr\u00e8s la disparition de la statue du petit Mercure, \u00e0 maintes reprises vol\u00e9e et vandalis\u00e9e. \u00a0 Photo d\u2019archives Nadine Micholin <\/p>\n<p>                        &#13;<br \/>\n                                           &#13;\n                <\/li>\n<p>&#13;<br \/>\n            &#13;\n                <\/ul>\n<p>On d\u00e9marre ce top 10 par une rue qui n\u2019en est pas vraiment une. Puisqu\u2019il s\u2019agit du passage de l\u2019Argue, <a href=\"https:\/\/www.leprogres.fr\/magazine-lifestyle\/2024\/10\/20\/comment-l-or-a-faconne-le-passage-de-l-argue\" target=\"_blank\" rel=\"noopener\">cette art\u00e8re couverte<\/a> qui relie la rue de la R\u00e9publique \u00e0 la rue de Brest en traversant la rue Edouard-Herriot. Plus que des logements, ce sont surtout des commerces qui jalonnent ce passage. On y trouve p\u00eale-m\u00eale des \u00e9choppes de parapluies, de montres, <a href=\"https:\/\/www.leprogres.fr\/economie\/2023\/06\/10\/passage-de-l-argue-voyage-au-royaume-du-couvre-chef-dans-ces-deux-chapelleries-parmi-les-dernieres-de-lyon\" target=\"_blank\" rel=\"noopener\">de chapeaux<\/a> ou encore de couteaux.<\/p>\n<p>M\u00eame s\u2019il n\u2019est pas bon march\u00e9, le lieu vaut assur\u00e9ment le d\u00e9tour.<\/p>\n<p>9<\/p>\n<p>Quai Saint-Antoine (Lyon 2e) &#8211; 5\u00a0944\u00a0\u20ac\/m2<\/p>\n<ul class=\"galerieContent carousel-wrapper__slides\" id=\"9ae8833d-39d3-4f3c-9635-bb95693b3b36\">        &#13;<\/p>\n<li class=\"carousel-wrapper__slides--slide item\" id=\"slide-1\">&#13;<br \/>\n                                    &#13;<br \/>\n                        <a class=\"chocolat-image GA-tracking\" data-ga_type=\"click\" data-ga_category=\"D\u00e9tail\" data-ga_action=\"zoomer\" data-ga_label=\"aggrandir image\" href=\"https:\/\/cdn-s-www.leprogres.fr\/images\/84981d89-48fd-4f47-84cd-18d414996533\/NW_raw\/le-quai-saint-antoine-un-dimanche-jour-de-marche-photo-nadine-micholin-1748123766.jpg\" title=\"Le quai Saint-Antoine, un dimanche, jour de march\u00e9. \u00a0 Photo Nadine Micholin\" target=\"_blank\" rel=\"noopener\">&#13;<br \/>\n                            <img decoding=\"async\" src=\"https:\/\/www.europesays.com\/fr\/wp-content\/uploads\/2025\/05\/le-quai-saint-antoine-un-dimanche-jour-de-marche-photo-nadine-micholin-1748123766.jpg\"   alt=\"Le quai Saint-Antoine, un dimanche, jour de march\u00e9. \u00a0 Photo Nadine Micholin\" fetchpriority=\"high\" data-mobile=\"NW_listA_M|1748123766\" data-base=\"NW_listA|1748123766\"\/>&#13;<br \/>\n                        <\/a>&#13;<\/p>\n<p> Le quai Saint-Antoine, un dimanche, jour de march\u00e9. \u00a0 Photo Nadine Micholin <\/p>\n<p>                        &#13;<br \/>\n                                           &#13;\n                <\/li>\n<p>&#13;<br \/>\n            &#13;<\/p>\n<li class=\"carousel-wrapper__slides--slide item slideWithPub\" id=\"slide-2\">&#13;<br \/>\n                        &#13;<br \/>\n                            <a class=\"chocolat-image\" title=\"Publicit\u00e9\" href=\"data:image\/gif;base64,R0lGODlhAQABAAD\/ACwAAAAAAQABAAACADs=\">&#13;<br \/>\n                                <img decoding=\"async\" src=\"data:image\/gif;base64,R0lGODlhAQABAAD\/ACwAAAAAAQABAAACADs=\" alt=\"Publicit\u00e9\" loading=\"lazy\" fetchpriority=\"low\"\/>&#13;<br \/>\n                            <\/a>&#13;<br \/>\n                        &#13;\n                    <\/li>\n<p>&#13;<\/p>\n<li class=\"carousel-wrapper__slides--slide item\" id=\"slide-3\">&#13;<br \/>\n                                    &#13;<br \/>\n                        <a class=\"chocolat-image GA-tracking\" data-ga_type=\"click\" data-ga_category=\"D\u00e9tail\" data-ga_action=\"zoomer\" data-ga_label=\"aggrandir image\" href=\"https:\/\/cdn-s-www.leprogres.fr\/images\/1f06757c-e0dd-4ba7-9204-fdee9f10cbcb\/NW_raw\/les-terrasses-de-la-presqu-ile-sont-en-travaux-depuis-plusieurs-annees-sur-le-bas-du-quai-saint-antoine-photo-christelle-lalanne-1748123765.jpg\" title=\"Les Terrasses de la Presqu\u2019\u00eele sont en travaux depuis plusieurs ann\u00e9es sur le bas du quai Saint-Antoine. \u00a0 Photo Christelle Lalanne\" target=\"_blank\" rel=\"noopener\">&#13;<br \/>\n                            <img decoding=\"async\" src=\"https:\/\/www.europesays.com\/fr\/wp-content\/uploads\/2025\/05\/les-terrasses-de-la-presqu-ile-sont-en-travaux-depuis-plusieurs-annees-sur-le-bas-du-quai-saint-anto.jpeg\"   alt=\"Les Terrasses de la Presqu\u2019\u00eele sont en travaux depuis plusieurs ann\u00e9es sur le bas du quai Saint-Antoine. \u00a0 Photo Christelle Lalanne\" loading=\"lazy\" fetchpriority=\"low\" data-mobile=\"NW_listA_M|1748123765\" data-base=\"NW_listA|1748123765\"\/>&#13;<br \/>\n                        <\/a>&#13;<\/p>\n<p> Les Terrasses de la Presqu\u2019\u00eele sont en travaux depuis plusieurs ann\u00e9es sur le bas du quai Saint-Antoine. \u00a0 Photo Christelle Lalanne <\/p>\n<p>                        &#13;<br \/>\n                                           &#13;\n                <\/li>\n<p>&#13;<br \/>\n            &#13;\n                <\/ul>\n<p>Le quai le plus \u00ab\u00a0hype\u00a0\u00bb de Lyon devait forc\u00e9ment int\u00e9grer ce classement. Sur la presqu\u2019\u00eele, le quai Saint-Antoine abrite certains <a href=\"https:\/\/www.leprogres.fr\/economie\/2022\/05\/15\/une-nouvelle-fromagerie-a-ouvert-quai-saint-antoine\" target=\"_blank\" rel=\"noopener\">des commerces les plus hupp\u00e9s de la ville<\/a>. Et les logements avec vue sur Fourvi\u00e8re et la Sa\u00f4ne s\u2019arrachent \u00e0 prix d\u2019or. Il faut dire que <a href=\"https:\/\/www.leprogres.fr\/economie\/2025\/03\/24\/stationnement-difficile-perte-de-clientele-le-marche-saint-antoine-cherche-son-souffle\" target=\"_blank\" rel=\"noopener\">le march\u00e9 qui se tient tous les matins<\/a> sur le quai est r\u00e9put\u00e9 au-del\u00e0 des fronti\u00e8res de la ville.<\/p>\n<p>8<\/p>\n<p>Rue Malesherbes (Lyon 6e) &#8211; 5\u00a0977\u00a0\u20ac\/m2<\/p>\n<p>    &#13;<br \/>\n    &#13;<br \/>\n    &#13;<br \/>\n    <a href=\"https:\/\/cdn-s-www.leprogres.fr\/images\/4452f2e2-b82e-4e86-a801-068f65b0f299\/NW_raw\/la-tranquille-rue-malesherbes-dans-le-6e-arrondissement-photo-marie-agnes-laffougere-1748123766.jpg\" title=\"La tranquille rue Malesherbes, dans le 6e\u00a0 \u00a0 arrondissement. Photo Marie-Agn\u00e8s Laffoug\u00e8re\" class=\"chocolat-image GA-tracking\" data-ga_type=\"click\" data-ga_category=\"D\u00e9tail\" data-ga_action=\"zoomer\" data-ga_label=\"aggrandir image\" target=\"_blank\" rel=\"noopener\">&#13;<br \/>\n        <img src=\"https:\/\/www.europesays.com\/fr\/wp-content\/uploads\/2025\/05\/la-tranquille-rue-malesherbes-dans-le-6e-arrondissement-photo-marie-agnes-laffougere-1748123766.jpg\"   alt=\"La tranquille rue Malesherbes, dans le 6e\u00a0 \u00a0 arrondissement. Photo Marie-Agn\u00e8s Laffoug\u00e8re\" fetchpriority=\"high\" decoding=\"async\" data-mobile=\"NW_listA_M|1748123766\" data-base=\"NW_listA|1748123766\"\/>&#13;<br \/>\n    <\/a>&#13;<\/p>\n<p> La tranquille rue Malesherbes, dans le 6e\u00a0 \u00a0 arrondissement. Photo Marie-Agn\u00e8s Laffoug\u00e8re <\/p>\n<p>Direction le 6e arrondissement pour la 8e place du classement. Entre l\u2019avenue de Grande-Bretagne et <a href=\"https:\/\/www.leprogres.fr\/societe\/2021\/08\/06\/l-histoire-de-la-place-lyautey\" target=\"_blank\" rel=\"noopener\">la place Lyautey<\/a>, la rue Malesherbes fait sensation avec ses beaux immeubles d\u2019inspiration haussmannienne. Le parc de la T\u00eate d\u2019Or est \u00e0 quelques pas, les berges du Rh\u00f4ne aussi, pas \u00e9tonnant que les prix s\u2019y n\u00e9gocient \u00e0 5\u00a0977\u00a0\u20ac\/m2.<\/p>\n<p>7<\/p>\n<p>Rue Coignet (Lyon 3e) &#8211; 5\u00a0997\u00a0\u20ac\/m2<\/p>\n<ul class=\"galerieContent carousel-wrapper__slides\" id=\"1db75617-dca6-4b76-be5c-eb475e081e65\">        &#13;<\/p>\n<li class=\"carousel-wrapper__slides--slide item\" id=\"slide-1\">&#13;<br \/>\n                                    &#13;<br \/>\n                        <a class=\"chocolat-image GA-tracking\" data-ga_type=\"click\" data-ga_category=\"D\u00e9tail\" data-ga_action=\"zoomer\" data-ga_label=\"aggrandir image\" href=\"https:\/\/cdn-s-www.leprogres.fr\/images\/7440c293-e796-4cc0-84c6-ba715f649a58\/NW_raw\/la-rue-coignet-est-bordee-de-jolies-maisons-a-l-ecart-du-tumulte-de-la-ville-photo-nicolas-forquet-1748123766.jpg\" title=\"La rue Coignet est bord\u00e9e de jolies maisons, \u00e0 l\u2019\u00e9cart du tumulte de la ville. \u00a0 Photo Nicolas Forquet\" target=\"_blank\" rel=\"noopener\">&#13;<br \/>\n                            <img decoding=\"async\" src=\"https:\/\/www.europesays.com\/fr\/wp-content\/uploads\/2025\/05\/la-rue-coignet-est-bordee-de-jolies-maisons-a-l-ecart-du-tumulte-de-la-ville-photo-nicolas-forquet-1.jpeg\"   alt=\"La rue Coignet est bord\u00e9e de jolies maisons, \u00e0 l\u2019\u00e9cart du tumulte de la ville. \u00a0 Photo Nicolas Forquet\" fetchpriority=\"high\" data-mobile=\"NW_listA_M|1748123766\" data-base=\"NW_listA|1748123766\"\/>&#13;<br \/>\n                        <\/a>&#13;<\/p>\n<p> La rue Coignet est bord\u00e9e de jolies maisons, \u00e0 l\u2019\u00e9cart du tumulte de la ville. \u00a0 Photo Nicolas Forquet <\/p>\n<p>                        &#13;<br \/>\n                                           &#13;\n                <\/li>\n<p>&#13;<br \/>\n            &#13;<\/p>\n<li class=\"carousel-wrapper__slides--slide item slideWithPub\" id=\"slide-2\">&#13;<br \/>\n                        &#13;<br \/>\n                            <a class=\"chocolat-image\" title=\"Publicit\u00e9\" href=\"data:image\/gif;base64,R0lGODlhAQABAAD\/ACwAAAAAAQABAAACADs=\">&#13;<br \/>\n                                <img decoding=\"async\" src=\"data:image\/gif;base64,R0lGODlhAQABAAD\/ACwAAAAAAQABAAACADs=\" alt=\"Publicit\u00e9\" loading=\"lazy\" fetchpriority=\"low\"\/>&#13;<br \/>\n                            <\/a>&#13;<br \/>\n                        &#13;\n                    <\/li>\n<p>&#13;<\/p>\n<li class=\"carousel-wrapper__slides--slide item\" id=\"slide-3\">&#13;<br \/>\n                                    &#13;<br \/>\n                        <a class=\"chocolat-image GA-tracking\" data-ga_type=\"click\" data-ga_category=\"D\u00e9tail\" data-ga_action=\"zoomer\" data-ga_label=\"aggrandir image\" href=\"https:\/\/cdn-s-www.leprogres.fr\/images\/992edd9a-2e07-474d-94dc-673480286f0a\/NW_raw\/des-villas-aux-facades-claires-la-rue-coignet-en-compte-plusieurs-dizaines-photo-nicolas-forquet-1748123766.jpg\" title=\"Des villas aux fa\u00e7ades claires, la rue Coignet en compte plusieurs dizaines. \u00a0 Photo Nicolas Forquet\" target=\"_blank\" rel=\"noopener\">&#13;<br \/>\n                            <img decoding=\"async\" src=\"https:\/\/www.europesays.com\/fr\/wp-content\/uploads\/2025\/05\/des-villas-aux-facades-claires-la-rue-coignet-en-compte-plusieurs-dizaines-photo-nicolas-forquet-174.jpeg\"   alt=\"Des villas aux fa\u00e7ades claires, la rue Coignet en compte plusieurs dizaines. \u00a0 Photo Nicolas Forquet\" loading=\"lazy\" fetchpriority=\"low\" data-mobile=\"NW_listA_M|1748123766\" data-base=\"NW_listA|1748123766\"\/>&#13;<br \/>\n                        <\/a>&#13;<\/p>\n<p> Des villas aux fa\u00e7ades claires, la rue Coignet en compte plusieurs dizaines. \u00a0 Photo Nicolas Forquet <\/p>\n<p>                        &#13;<br \/>\n                                           &#13;\n                <\/li>\n<p>&#13;<br \/>\n            &#13;\n                <\/ul>\n<p>On part maintenant \u00e0 l\u2019oppos\u00e9. Direction Montchat, \u00e0 l\u2019est de la ville. Le quartier r\u00e9sidentiel <a href=\"https:\/\/www.leprogres.fr\/culture-loisirs\/2024\/08\/21\/a-montchat-un-air-de-campagne-en-ville\" target=\"_blank\" rel=\"noopener\">le plus couru de Lyon<\/a> alterne entre maisons cossues, r\u00e9sidences bien entretenues et parcs arbor\u00e9s. Pas \u00e9tonnant que la rue Coignet, toute proche de l\u2019h\u00f4pital Edouard-Herriot, soit parmi les plus pl\u00e9biscit\u00e9es. Les logements s\u2019y arrachent en moyenne \u00e0 5\u00a0997\u00a0\u20ac\/m2.<\/p>\n<p>Attention \u00e0 ne pas la confondre avec la <a href=\"https:\/\/www.leprogres.fr\/transport\/2025\/02\/25\/c-est-parfois-impossible-de-se-garer-dans-cette-rue-du-8e-les-voitures-ventouses-pourrissent-la-vie-des-habitants\" target=\"_blank\" rel=\"noopener\">rue St\u00e9phane-Coignet<\/a>, dans le 8e arrondissement, nettement moins attrayante, dont le prix moyen d\u00e9passe \u00e0 peine les 2\u00a0700\u00a0\u20ac\/m2.<\/p>\n<p>6<\/p>\n<p>Avenue Esquirol (Lyon 3e) &#8211; 5\u00a0997\u00a0\u20ac\/m2<\/p>\n<ul class=\"galerieContent carousel-wrapper__slides\" id=\"774198be-216a-4fd7-8a47-2420c3b24a39\">        &#13;<\/p>\n<li class=\"carousel-wrapper__slides--slide item\" id=\"slide-1\">&#13;<br \/>\n                                    &#13;<br \/>\n                        <a class=\"chocolat-image GA-tracking\" data-ga_type=\"click\" data-ga_category=\"D\u00e9tail\" data-ga_action=\"zoomer\" data-ga_label=\"aggrandir image\" href=\"https:\/\/cdn-s-www.leprogres.fr\/images\/06407c17-e1ef-4a70-bd02-e2c8e54bca53\/NW_raw\/la-villa-berliet-est-sans-doute-la-plus-luxueuse-de-l-avenue-esquirol-photo-nicolas-forquet-1748123766.jpg\" title=\"La Villa Berliet est sans doute la plus luxueuse de l\u2019avenue Esquirol. \u00a0 Photo Nicolas Forquet\" target=\"_blank\" rel=\"noopener\">&#13;<br \/>\n                            <img decoding=\"async\" src=\"https:\/\/www.europesays.com\/fr\/wp-content\/uploads\/2025\/05\/la-villa-berliet-est-sans-doute-la-plus-luxueuse-de-l-avenue-esquirol-photo-nicolas-forquet-17481237.jpeg\"   alt=\"La Villa Berliet est sans doute la plus luxueuse de l\u2019avenue Esquirol. \u00a0 Photo Nicolas Forquet\" fetchpriority=\"high\" data-mobile=\"NW_listA_M|1748123766\" data-base=\"NW_listA|1748123766\"\/>&#13;<br \/>\n                        <\/a>&#13;<\/p>\n<p> La Villa Berliet est sans doute la plus luxueuse de l\u2019avenue Esquirol. \u00a0 Photo Nicolas Forquet <\/p>\n<p>                        &#13;<br \/>\n                                           &#13;\n                <\/li>\n<p>&#13;<br \/>\n            &#13;<\/p>\n<li class=\"carousel-wrapper__slides--slide item slideWithPub\" id=\"slide-2\">&#13;<br \/>\n                        &#13;<br \/>\n                            <a class=\"chocolat-image\" title=\"Publicit\u00e9\" href=\"data:image\/gif;base64,R0lGODlhAQABAAD\/ACwAAAAAAQABAAACADs=\">&#13;<br \/>\n                                <img decoding=\"async\" src=\"data:image\/gif;base64,R0lGODlhAQABAAD\/ACwAAAAAAQABAAACADs=\" alt=\"Publicit\u00e9\" loading=\"lazy\" fetchpriority=\"low\"\/>&#13;<br \/>\n                            <\/a>&#13;<br \/>\n                        &#13;\n                    <\/li>\n<p>&#13;<\/p>\n<li class=\"carousel-wrapper__slides--slide item\" id=\"slide-3\">&#13;<br \/>\n                                    &#13;<br \/>\n                        <a class=\"chocolat-image GA-tracking\" data-ga_type=\"click\" data-ga_category=\"D\u00e9tail\" data-ga_action=\"zoomer\" data-ga_label=\"aggrandir image\" href=\"https:\/\/cdn-s-www.leprogres.fr\/images\/7ab4878a-3d33-45c2-b139-10476c2c4f75\/NW_raw\/le-calme-de-l-avenue-esquirol-en-fait-une-rue-prisee-du-quartier-de-montchat-photo-nicolas-forquet-1748123766.jpg\" title=\"Le calme de l\u2019avenue Esquirol en fait une rue pris\u00e9e du quartier de Montchat. \u00a0 Photo Nicolas Forquet\" target=\"_blank\" rel=\"noopener\">&#13;<br \/>\n                            <img decoding=\"async\" src=\"https:\/\/www.europesays.com\/fr\/wp-content\/uploads\/2025\/05\/le-calme-de-l-avenue-esquirol-en-fait-une-rue-prisee-du-quartier-de-montchat-photo-nicolas-forquet-1.jpeg\"   alt=\"Le calme de l\u2019avenue Esquirol en fait une rue pris\u00e9e du quartier de Montchat. \u00a0 Photo Nicolas Forquet\" loading=\"lazy\" fetchpriority=\"low\" data-mobile=\"NW_listA_M|1748123766\" data-base=\"NW_listA|1748123766\"\/>&#13;<br \/>\n                        <\/a>&#13;<\/p>\n<p> Le calme de l\u2019avenue Esquirol en fait une rue pris\u00e9e du quartier de Montchat. \u00a0 Photo Nicolas Forquet <\/p>\n<p>                        &#13;<br \/>\n                                           &#13;\n                <\/li>\n<p>&#13;<br \/>\n            &#13;\n                <\/ul>\n<p>On reste \u00e0 Montchat, tout pr\u00e8s de la rue Coignet, avec l\u2019avenue Esquirol, art\u00e8re bien connue du quartier. Au sud de l&rsquo;avenue, l<a href=\"https:\/\/www.leprogres.fr\/sante\/2024\/02\/09\/desgenettes-est-devenu-un-hopital-specialise-des-armees\" target=\"_blank\" rel=\"noopener\">\u2019h\u00f4pital des arm\u00e9es Desgenettes<\/a>\u00a0fait face \u00e0 un bel alignement de maisons des ann\u00e9es 1930, au nord. Parmi elles, <a href=\"https:\/\/www.leprogres.fr\/lyon\/2015\/08\/13\/la-villa-berliet-une-maison-de-maitre-remarquable-au-coeur-de-montchat\" target=\"_blank\" rel=\"noopener\">la splendide villa Berliet<\/a>, du nom de l\u2019inventeur de la c\u00e9l\u00e8bre marque automobile. Des maisons qui s\u2019arrachent \u00e0 prix d\u2019or, avec un prix moyen de 5\u00a0997\u00a0\u20ac\/m2.<\/p>\n<p>5<\/p>\n<p>Rue Claude-Farr\u00e8re (Lyon 3e) &#8211; 5\u00a0997\u00a0\u20ac\/m2<\/p>\n<ul class=\"galerieContent carousel-wrapper__slides\" id=\"ad4d2b0d-e2b8-4d9b-8b33-fb6eaead0f50\">        &#13;<\/p>\n<li class=\"carousel-wrapper__slides--slide item\" id=\"slide-1\">&#13;<br \/>\n                                    &#13;<br \/>\n                        <a class=\"chocolat-image GA-tracking\" data-ga_type=\"click\" data-ga_category=\"D\u00e9tail\" data-ga_action=\"zoomer\" data-ga_label=\"aggrandir image\" href=\"https:\/\/cdn-s-www.leprogres.fr\/images\/d9f407c9-cf5e-47fa-948d-cb140ff7013d\/NW_raw\/la-rue-claude-farrere-compte-parmi-les-plus-cossues-de-montchat-photo-nicolas-forquet-1748123766.jpg\" title=\"La rue Claude-Farr\u00e8re compte parmi les plus cossues de Montchat. \u00a0 Photo Nicolas Forquet\" target=\"_blank\" rel=\"noopener\">&#13;<br \/>\n                            <img decoding=\"async\" src=\"https:\/\/www.europesays.com\/fr\/wp-content\/uploads\/2025\/05\/la-rue-claude-farrere-compte-parmi-les-plus-cossues-de-montchat-photo-nicolas-forquet-1748123766.jpg\"   alt=\"La rue Claude-Farr\u00e8re compte parmi les plus cossues de Montchat. \u00a0 Photo Nicolas Forquet\" fetchpriority=\"high\" data-mobile=\"NW_listA_M|1748123766\" data-base=\"NW_listA|1748123766\"\/>&#13;<br \/>\n                        <\/a>&#13;<\/p>\n<p> La rue Claude-Farr\u00e8re compte parmi les plus cossues de Montchat. \u00a0 Photo Nicolas Forquet <\/p>\n<p>                        &#13;<br \/>\n                                           &#13;\n                <\/li>\n<p>&#13;<br \/>\n            &#13;<\/p>\n<li class=\"carousel-wrapper__slides--slide item slideWithPub\" id=\"slide-2\">&#13;<br \/>\n                        &#13;<br \/>\n                            <a class=\"chocolat-image\" title=\"Publicit\u00e9\" href=\"data:image\/gif;base64,R0lGODlhAQABAAD\/ACwAAAAAAQABAAACADs=\">&#13;<br \/>\n                                <img decoding=\"async\" src=\"data:image\/gif;base64,R0lGODlhAQABAAD\/ACwAAAAAAQABAAACADs=\" alt=\"Publicit\u00e9\" loading=\"lazy\" fetchpriority=\"low\"\/>&#13;<br \/>\n                            <\/a>&#13;<br \/>\n                        &#13;\n                    <\/li>\n<p>&#13;<\/p>\n<li class=\"carousel-wrapper__slides--slide item\" id=\"slide-3\">&#13;<br \/>\n                                    &#13;<br \/>\n                        <a class=\"chocolat-image GA-tracking\" data-ga_type=\"click\" data-ga_category=\"D\u00e9tail\" data-ga_action=\"zoomer\" data-ga_label=\"aggrandir image\" href=\"https:\/\/cdn-s-www.leprogres.fr\/images\/5a9da935-d1c8-46f2-a6c4-582bf7d47c49\/NW_raw\/les-villas-huppees-de-la-rue-claude-farrere-sont-prisees-par-une-clientele-en-quete-d-un-havre-de-paix-photo-nicolas-forquet-1748123766.jpg\" title=\"Les villas hupp\u00e9es de la rue Claude-Farr\u00e8re sont pris\u00e9es par une client\u00e8le en qu\u00eate d\u2019un havre de paix. \u00a0 Photo Nicolas Forquet\" target=\"_blank\" rel=\"noopener\">&#13;<br \/>\n                            <img decoding=\"async\" src=\"https:\/\/www.europesays.com\/fr\/wp-content\/uploads\/2025\/05\/les-villas-huppees-de-la-rue-claude-farrere-sont-prisees-par-une-clientele-en-quete-d-un-havre-de-pa.jpeg\"   alt=\"Les villas hupp\u00e9es de la rue Claude-Farr\u00e8re sont pris\u00e9es par une client\u00e8le en qu\u00eate d\u2019un havre de paix. \u00a0 Photo Nicolas Forquet\" loading=\"lazy\" fetchpriority=\"low\" data-mobile=\"NW_listA_M|1748123766\" data-base=\"NW_listA|1748123766\"\/>&#13;<br \/>\n                        <\/a>&#13;<\/p>\n<p> Les villas hupp\u00e9es de la rue Claude-Farr\u00e8re sont pris\u00e9es par une client\u00e8le en qu\u00eate d\u2019un havre de paix. \u00a0 Photo Nicolas Forquet <\/p>\n<p>                        &#13;<br \/>\n                                           &#13;\n                <\/li>\n<p>&#13;<br \/>\n            &#13;\n                <\/ul>\n<p>D\u00e9cid\u00e9ment, Montchat a la cote. Le quartier \u00e0 l\u2019est de la ville classe trois rues dans ce palmar\u00e8s. Bord\u00e9e de maisons hupp\u00e9es dont certaines avec piscine, la rue Claude-Farr\u00e8re relie deux h\u00f4pitaux, <a href=\"https:\/\/www.leprogres.fr\/sante\/2024\/01\/18\/au-vinatier-l-innovation-est-une-vague-de-fond-pour-changer-l-offre-de-soins\" target=\"_blank\" rel=\"noopener\">celui du Vinatier<\/a> \u00e0 celui d\u2019Edouard-Herriot, ce qui explique pourquoi elle est pris\u00e9e par les m\u00e9decins. Il faut d\u00e9bourser en moyenne 5\u00a0997\u00a0\u20ac\/m2 pour y vivre.<\/p>\n<p>4<\/p>\n<p>Cours Franklin-Roosevelt (Lyon 6e) &#8211; 6\u00a0046\u00a0\u20ac\/m2<\/p>\n<ul class=\"galerieContent carousel-wrapper__slides\" id=\"a6336aa3-f7c1-4dd9-b0a1-1717fcabe514\">        &#13;<\/p>\n<li class=\"carousel-wrapper__slides--slide item\" id=\"slide-1\">&#13;<br \/>\n                                    &#13;<br \/>\n                        <a class=\"chocolat-image GA-tracking\" data-ga_type=\"click\" data-ga_category=\"D\u00e9tail\" data-ga_action=\"zoomer\" data-ga_label=\"aggrandir image\" href=\"https:\/\/cdn-s-www.leprogres.fr\/images\/78570062-230d-44de-b33f-dd1cd59e1287\/NW_raw\/le-cours-franklin-roosevelt-est-repute-pour-ses-beaux-immeubles-et-ses-commerces-photo-marie-agnes-laffougere-1748123766.jpg\" title=\"Le cours Franklin-Roosevelt est r\u00e9put\u00e9 pour ses beaux immeubles et ses commerces. Photo Marie-Agn\u00e8s Laffoug\u00e8re\" target=\"_blank\" rel=\"noopener\">&#13;<br \/>\n                            <img decoding=\"async\" src=\"https:\/\/www.europesays.com\/fr\/wp-content\/uploads\/2025\/05\/le-cours-franklin-roosevelt-est-repute-pour-ses-beaux-immeubles-et-ses-commerces-photo-marie-agnes-l.jpeg\"   alt=\"Le cours Franklin-Roosevelt est r\u00e9put\u00e9 pour ses beaux immeubles et ses commerces. Photo Marie-Agn\u00e8s Laffoug\u00e8re\" fetchpriority=\"high\" data-mobile=\"NW_listA_M|1748123766\" data-base=\"NW_listA|1748123766\"\/>&#13;<br \/>\n                        <\/a>&#13;<\/p>\n<p>Le cours Franklin-Roosevelt est r\u00e9put\u00e9 pour ses beaux immeubles et ses commerces. Photo Marie-Agn\u00e8s Laffoug\u00e8re<\/p>\n<p>                        &#13;<br \/>\n                                           &#13;\n                <\/li>\n<p>&#13;<br \/>\n            &#13;<\/p>\n<li class=\"carousel-wrapper__slides--slide item slideWithPub\" id=\"slide-2\">&#13;<br \/>\n                        &#13;<br \/>\n                            <a class=\"chocolat-image\" title=\"Publicit\u00e9\" href=\"data:image\/gif;base64,R0lGODlhAQABAAD\/ACwAAAAAAQABAAACADs=\">&#13;<br \/>\n                                <img decoding=\"async\" src=\"data:image\/gif;base64,R0lGODlhAQABAAD\/ACwAAAAAAQABAAACADs=\" alt=\"Publicit\u00e9\" loading=\"lazy\" fetchpriority=\"low\"\/>&#13;<br \/>\n                            <\/a>&#13;<br \/>\n                        &#13;\n                    <\/li>\n<p>&#13;<\/p>\n<li class=\"carousel-wrapper__slides--slide item\" id=\"slide-3\">&#13;<br \/>\n                                    &#13;<br \/>\n                        <a class=\"chocolat-image GA-tracking\" data-ga_type=\"click\" data-ga_category=\"D\u00e9tail\" data-ga_action=\"zoomer\" data-ga_label=\"aggrandir image\" href=\"https:\/\/cdn-s-www.leprogres.fr\/images\/3e0c7170-caf3-49f7-9194-cc8ac7ead502\/NW_raw\/le-cours-franklin-roosevelt-et-sa-station-de-metro-foch-sur-la-ligne-a-photo-marie-agnes-laffougere-1748093606.jpg\" title=\"Le cours Franklin-Roosevelt et sa station de m\u00e9tro Foch, sur la ligne A. Photo Marie-Agn\u00e8s Laffoug\u00e8re\" target=\"_blank\" rel=\"noopener\">&#13;<br \/>\n                            <img decoding=\"async\" src=\"https:\/\/www.europesays.com\/fr\/wp-content\/uploads\/2025\/05\/le-cours-franklin-roosevelt-et-sa-station-de-metro-foch-sur-la-ligne-a-photo-marie-agnes-laffougere-.jpeg\"   alt=\"Le cours Franklin-Roosevelt et sa station de m\u00e9tro Foch, sur la ligne A. Photo Marie-Agn\u00e8s Laffoug\u00e8re\" loading=\"lazy\" fetchpriority=\"low\" data-mobile=\"NW_listA_M|1748093606\" data-base=\"NW_listA|1748093606\"\/>&#13;<br \/>\n                        <\/a>&#13;<\/p>\n<p>Le cours Franklin-Roosevelt et sa station de m\u00e9tro Foch, sur la ligne A. Photo Marie-Agn\u00e8s Laffoug\u00e8re<\/p>\n<p>                        &#13;<br \/>\n                                           &#13;\n                <\/li>\n<p>&#13;<br \/>\n            &#13;<\/p>\n<li class=\"carousel-wrapper__slides--slide item\" id=\"slide-4\">&#13;<br \/>\n                                    &#13;<br \/>\n                        <a class=\"chocolat-image GA-tracking\" data-ga_type=\"click\" data-ga_category=\"D\u00e9tail\" data-ga_action=\"zoomer\" data-ga_label=\"aggrandir image\" href=\"https:\/\/cdn-s-www.leprogres.fr\/images\/d981e175-43ff-4597-83e1-88e51a81d39f\/NW_raw\/le-cours-est-riche-en-boutiques-photo-marie-agnes-laffougere-1748093606.jpg\" title=\"Le cours est riche en boutiques. Photo Marie-Agn\u00e8s Laffoug\u00e8re\" target=\"_blank\" rel=\"noopener\">&#13;<br \/>\n                            <img decoding=\"async\" src=\"https:\/\/www.europesays.com\/fr\/wp-content\/uploads\/2025\/05\/le-cours-est-riche-en-boutiques-photo-marie-agnes-laffougere-1748093606.jpg\"   alt=\"Le cours est riche en boutiques. Photo Marie-Agn\u00e8s Laffoug\u00e8re\" loading=\"lazy\" fetchpriority=\"low\" data-mobile=\"NW_listA_M|1748093606\" data-base=\"NW_listA|1748093606\"\/>&#13;<br \/>\n                        <\/a>&#13;<\/p>\n<p>Le cours est riche en boutiques. Photo Marie-Agn\u00e8s Laffoug\u00e8re<\/p>\n<p>                        &#13;<br \/>\n                                           &#13;\n                <\/li>\n<p>&#13;<br \/>\n            &#13;\n                <\/ul>\n<p>On rentre dans le haut du panier avec les rues qui franchissent la barre des 6\u00a0000\u00a0\u20ac\/m2\u00a0! Avec ses alignements de platanes, ses contre-all\u00e9es et ses commerces raffin\u00e9s, le <a href=\"https:\/\/www.leprogres.fr\/culture-loisirs\/2022\/08\/10\/l-histoire-du-cours-franklin-roosevelt\" target=\"_blank\" rel=\"noopener\">cours Franklin-Roosevelt<\/a> est un des axes majeurs du 6e arrondissement. Ses immeubles \u00e0 l\u2019architecture soign\u00e9e sont pris\u00e9s par une client\u00e8le en qu\u00eate d\u2019une adresse exclusive, dont le prix moyen s\u2019\u00e9l\u00e8ve \u00e0 6\u00a0046\u00a0\u20ac\/m2.<\/p>\n<p>3<\/p>\n<p>Avenue Mar\u00e9chal-Foch (Lyon 6e) &#8211; 6\u00a0050\u00a0\u20ac\/m2<\/p>\n<p>    &#13;<br \/>\n    &#13;<br \/>\n    &#13;<br \/>\n    <a href=\"https:\/\/cdn-s-www.leprogres.fr\/images\/d2705ee4-1c7c-4a3a-a1e4-4c53a250b445\/NW_raw\/l-avenue-marechal-foch-a-lyon-est-reputee-pour-ses-restaurants-et-ses-commerces-photo-marie-agnes-laffougere-1748123765.jpg\" title=\"L\u2019avenue Mar\u00e9chal Foch, \u00e0 Lyon, est r\u00e9put\u00e9e pour ses restaurants et ses commerces. \u00a0 Photo Marie-Agn\u00e8s Laffoug\u00e8re\" class=\"chocolat-image GA-tracking\" data-ga_type=\"click\" data-ga_category=\"D\u00e9tail\" data-ga_action=\"zoomer\" data-ga_label=\"aggrandir image\" target=\"_blank\" rel=\"noopener\">&#13;<br \/>\n        <img src=\"https:\/\/www.europesays.com\/fr\/wp-content\/uploads\/2025\/05\/l-avenue-marechal-foch-a-lyon-est-reputee-pour-ses-restaurants-et-ses-commerces-photo-marie-agnes-la.jpeg\"   alt=\"L\u2019avenue Mar\u00e9chal Foch, \u00e0 Lyon, est r\u00e9put\u00e9e pour ses restaurants et ses commerces. \u00a0 Photo Marie-Agn\u00e8s Laffoug\u00e8re\" fetchpriority=\"high\" decoding=\"async\" data-mobile=\"NW_listA_M|1748123765\" data-base=\"NW_listA|1748123765\"\/>&#13;<br \/>\n    <\/a>&#13;<\/p>\n<p> L\u2019avenue Mar\u00e9chal Foch, \u00e0 Lyon, est r\u00e9put\u00e9e pour ses restaurants et ses commerces. \u00a0 Photo Marie-Agn\u00e8s Laffoug\u00e8re <\/p>\n<p>On reste dans le 6e arrondissement\u00a0! Sur la troisi\u00e8me marche du podium, l\u2019avenue Mar\u00e9chal-Foch compte parmi les plus prestigieuses. Ses portes coch\u00e8res, <a href=\"https:\/\/www.leprogres.fr\/rhone-69-edition-lyon-metropole\/2018\/05\/27\/au-55-avenue-foch-les-multiples-vies-d-un-immeuble-bourgeois\" target=\"_blank\" rel=\"noopener\">ses immeubles \u00e0 l\u2019architecture raffin\u00e9e<\/a>, ses commerces haut de gamme et la proximit\u00e9 de l\u2019embl\u00e9matique place Mar\u00e9chal-Lyautey font d\u2019elle un emplacement privil\u00e9gi\u00e9. Les appartements s\u2019y n\u00e9gocient en moyenne \u00e0 6\u00a0050\u00a0\u20ac\/m2.<\/p>\n<p>2<\/p>\n<p>Rue Childebert (Lyon 2e) &#8211; 6\u00a0063\u00a0\u20ac\/m2<\/p>\n<p>    &#13;<br \/>\n    &#13;<br \/>\n    &#13;<br \/>\n    <a href=\"https:\/\/cdn-s-www.leprogres.fr\/images\/f63e6a38-47ff-494d-991f-f3d7e9363951\/NW_raw\/la-rue-childebert-ici-deserte-lors-du-confinement-est-l-une-des-plus-animees-de-la-ville-photo-d-archives-frederic-chambert-1748123766.jpg\" title=\"La rue Childebert, ici d\u00e9serte lors du confinement, est l\u2019une des plus anim\u00e9es de la ville. \u00a0 Photo d\u2019archives Fr\u00e9d\u00e9ric Chambert\" class=\"chocolat-image GA-tracking\" data-ga_type=\"click\" data-ga_category=\"D\u00e9tail\" data-ga_action=\"zoomer\" data-ga_label=\"aggrandir image\" target=\"_blank\" rel=\"noopener\">&#13;<br \/>\n        <img src=\"https:\/\/www.europesays.com\/fr\/wp-content\/uploads\/2025\/05\/la-rue-childebert-ici-deserte-lors-du-confinement-est-l-une-des-plus-animees-de-la-ville-photo-d-arc.jpeg\"   alt=\"La rue Childebert, ici d\u00e9serte lors du confinement, est l\u2019une des plus anim\u00e9es de la ville. \u00a0 Photo d\u2019archives Fr\u00e9d\u00e9ric Chambert\" fetchpriority=\"high\" decoding=\"async\" data-mobile=\"NW_listA_M|1748123766\" data-base=\"NW_listA|1748123766\"\/>&#13;<br \/>\n    <\/a>&#13;<\/p>\n<p> La rue Childebert, ici d\u00e9serte lors du confinement, est l\u2019une des plus anim\u00e9es de la ville. \u00a0 Photo d\u2019archives Fr\u00e9d\u00e9ric Chambert <\/p>\n<p>On se rapproche de la t\u00eate du classement\u00a0! Direction la Presqu\u2019\u00eele, avec une rue que vous avez forc\u00e9ment travers\u00e9e. Elle relie les quais du Rh\u00f4ne \u00e0 la place des Jacobins en passant par la place de la R\u00e9publique\u00a0: c\u2019est la rue Childebert\u00a0! Sa situation id\u00e9ale lui vaut <a href=\"https:\/\/www.leprogres.fr\/economie\/2024\/06\/25\/un-immeuble-de-la-rue-childebert-vendu-pres-de-10-millions-d-euros\" target=\"_blank\" rel=\"noopener\">les faveurs d\u2019une client\u00e8le<\/a> \u00e0 la recherche d\u2019une hypercentralit\u00e9. Un luxe qui a un co\u00fbt\u00a0: 6\u00a0063\u00a0\u20ac\/m2.<\/p>\n<p>1<\/p>\n<p>Rue Gasparin (Lyon 2e) &#8211; 6\u00a0166\u00a0\u20ac\/m2<\/p>\n<p>La rue la plus ch\u00e8re de Lyon est en Presqu\u2019\u00eele. Son point fort\u00a0: un emplacement id\u00e9al, entre la place des Jacobins et la place Bellecour. Avec ses boutiques de luxe, ses immeubles soigneusement raval\u00e9s, la rue Gasparin <a href=\"https:\/\/www.leprogres.fr\/economie\/2022\/02\/14\/la-rue-gasparin-la-plus-chere-de-lyon-absente-du-monopoly-lyonnais\" target=\"_blank\" rel=\"noopener\">est d\u00e9finitivement une rue d\u2019excellence<\/a>. Un luxe qui a un co\u00fbt\u00a0: 6\u00a0166\u00a0\u20ac\/m2, que sont pr\u00eats \u00e0 d\u00e9bourser les acqu\u00e9reurs les plus ais\u00e9s, en qu\u00eate de l\u2019adresse la plus exclusive de Lyon.<\/p>\n<p>                            <a href=\"#serie-header\">&#13;<br \/>\n    &#13;<br \/>\n<\/a>                                                                <\/p>\n","protected":false},"excerpt":{"rendered":"Au 1er\u00a0mai 2025, le prix moyen au m2 \u00e0 Lyon \u00e9tait de 4\u00a0405\u00a0\u20ac pour les appartements et de&hellip;\n","protected":false},"author":2,"featured_media":126349,"comment_status":"","ping_status":"","sticky":false,"template":"","format":"standard","meta":{"footnotes":""},"categories":[1889],"tags":[1111,11,2430,2757,1777,674,107,1011,27,1116,1757,2428,12353,4750,2802,2756,12,25,2429,273,104],"class_list":{"0":"post-126348","1":"post","2":"type-post","3":"status-publish","4":"format-standard","5":"has-post-thumbnail","7":"category-lyon","8":"tag-actu","9":"tag-actualites","10":"tag-auvergne-rhone-alpes","11":"tag-edition-lyon-villeurbanne","12":"tag-eu","13":"tag-europe","14":"tag-fil-info","15":"tag-fr","16":"tag-france","17":"tag-immobilier","18":"tag-insolite","19":"tag-lyon","20":"tag-lyon-2e-arrondissement","21":"tag-lyon-3e-arrondissement","22":"tag-lyon-6e-arrondissement","23":"tag-lyon-bassin","24":"tag-news","25":"tag-republique-francaise","26":"tag-rhone","27":"tag-selection-de-la-redaction","28":"tag-societe"},"share_on_mastodon":{"url":"https:\/\/pubeurope.com\/@fr\/114567115536160807","error":""},"_links":{"self":[{"href":"https:\/\/www.europesays.com\/fr\/wp-json\/wp\/v2\/posts\/126348","targetHints":{"allow":["GET"]}}],"collection":[{"href":"https:\/\/www.europesays.com\/fr\/wp-json\/wp\/v2\/posts"}],"about":[{"href":"https:\/\/www.europesays.com\/fr\/wp-json\/wp\/v2\/types\/post"}],"author":[{"embeddable":true,"href":"https:\/\/www.europesays.com\/fr\/wp-json\/wp\/v2\/users\/2"}],"replies":[{"embeddable":true,"href":"https:\/\/www.europesays.com\/fr\/wp-json\/wp\/v2\/comments?post=126348"}],"version-history":[{"count":0,"href":"https:\/\/www.europesays.com\/fr\/wp-json\/wp\/v2\/posts\/126348\/revisions"}],"wp:featuredmedia":[{"embeddable":true,"href":"https:\/\/www.europesays.com\/fr\/wp-json\/wp\/v2\/media\/126349"}],"wp:attachment":[{"href":"https:\/\/www.europesays.com\/fr\/wp-json\/wp\/v2\/media?parent=126348"}],"wp:term":[{"taxonomy":"category","embeddable":true,"href":"https:\/\/www.europesays.com\/fr\/wp-json\/wp\/v2\/categories?post=126348"},{"taxonomy":"post_tag","embeddable":true,"href":"https:\/\/www.europesays.com\/fr\/wp-json\/wp\/v2\/tags?post=126348"}],"curies":[{"name":"wp","href":"https:\/\/api.w.org\/{rel}","templated":true}]}}