{"id":126350,"date":"2025-05-25T06:43:08","date_gmt":"2025-05-25T06:43:08","guid":{"rendered":"https:\/\/www.europesays.com\/fr\/126350\/"},"modified":"2025-05-25T06:43:08","modified_gmt":"2025-05-25T06:43:08","slug":"lyon-vire-apres-une-tres-mauvaise-blague-le-salarie-chute-aussi-lourdement-en-justice","status":"publish","type":"post","link":"https:\/\/www.europesays.com\/fr\/126350\/","title":{"rendered":"Lyon. Vir\u00e9 apr\u00e8s une tr\u00e8s mauvaise blague, le salari\u00e9 chute aussi lourdement en justice"},"content":{"rendered":"<p>            Par<br \/>\n        <strong><br \/>\n            <a href=\"https:\/\/actu.fr\/auteur\/redaction-lyon\" title=\"Consulter tous les articles de R\u00e9daction Lyon\" target=\"_blank\" rel=\"noopener\">R\u00e9daction Lyon<\/a><br \/>\n        <\/strong><\/p>\n<p>        Publi\u00e9 le<\/p>\n<p>            25 mai 2025 \u00e0 8h24        <\/p>\n<p>Le tribunal correctionnel de <a href=\"https:\/\/actu.fr\/auvergne-rhone-alpes\/lyon_69123\" target=\"_blank\" rel=\"noopener\">Lyon<\/a> a condamn\u00e9\u00a0ce mardi 20 mai 2025\u00a0un jeune \u00ab\u00a0un peu \u00e9cervel\u00e9\u00a0\u00bb \u00e0 dix mois de prison avec sursis pour avoir <strong>fait \u00ab\u00a0une blague pas dr\u00f4le\u00a0\u00bb sur Facebook sur Kfir Bibas,\u00a0le \u00ab\u00a0b\u00e9b\u00e9 otage\u00a0\u00bb<\/strong> qui avait \u00e9t\u00e9 kidnapp\u00e9 par le <a href=\"https:\/\/actu.fr\/ile-de-france\/les-loges-en-josas_78343\/un-etudiant-pro-hamas-face-a-deux-options-rater-ses-examens-ou-defier-le-tribunal-de-versailles_62667222.html\" target=\"_blank\" rel=\"noopener\">Hamas<\/a> dans un kibboutz isra\u00e9lien lors des attaques terroristes du 7 octobre 2023.<\/p>\n<p>Une tr\u00e8s mauvaise blague antis\u00e9mite<\/p>\n<p class=\" wall-content\">Sasha X. vivait en effet chez son grand-p\u00e8re \u00e0 Jonage (Rh\u00f4ne) le 20 f\u00e9vrier 2025 quand la Ligue internationale contre le racisme et l\u2019antis\u00e9mitisme (LICRA) avait signal\u00e9 aux autorit\u00e9s lee post qu\u2019il avait publi\u00e9 cinq jours plus t\u00f4t avec son compte Facebook personnel. \u00ab\u00a0Quelle est la diff\u00e9rence entre Kfir et une pizza ? Le temps de cuisson\u00a0\u00bb, avait cru bon de r\u00e9pondre \u00ab\u00a0en commentaire\u00a0\u00bb \u00e0 un post cet \u00ab\u00a0\u00e9tudiant en alternance\u00a0\u00bb au sein d\u2019un groupe de construction alors que le Hamas venait de remettre la d\u00e9pouille du b\u00e9b\u00e9 \u00e0 sa famille.<\/p>\n<p class=\" wall-content\">L\u2019internaute\u00a0de 25 ans\u00a0avait donc \u00e9t\u00e9 plac\u00e9 en garde \u00e0 vue le 26 f\u00e9vrier 2025, avant d\u2019\u00eatre remis en libert\u00e9 et plac\u00e9 sous contr\u00f4le judiciaire dans l\u2019attente de son proc\u00e8s\u00a0le 15 avril 2025.<\/p>\n<p>\u00ab\u00a0Quelle est la diff\u00e9rence entre un Juif et une pizza ?\u00a0\u00bb<\/p>\n<p class=\" wall-content\">Outre la LICRA, s\u2019\u00e9taient constitu\u00e9s parties civiles contre lui le Bureau national de vigilance contre l\u2019antis\u00e9mitisme et le Conseil repr\u00e9sentatif des institutions juives (CRIF) de France. D\u2019un point de vue p\u00e9nal, il n\u2019avait que deux condamnations \u00e0 son casier, une pour un \u00ab\u00a0usage illicite de stup\u00e9fiants\u00a0\u00bb et l\u2019autre pour des \u00ab\u00a0blessures involontaires\u00a0\u00bb sur la route.<\/p>\n<p class=\" wall-content\">Le jour venu, Sasha X. avait donc assur\u00e9 aux juges avoir juste voulu \u00ab\u00a0reprendre une blague connue\u00a0\u00bb. \u00ab\u00a0C\u2019est \u00ab\u00a0Quelle est la diff\u00e9rence entre un Juif et une pizza ? Le temps de cuisson\u00a0\u00bb\u00a0\u00bb, avait-il tent\u00e9 d\u2019expliquer aux trois magistrats lyonnais. \u00ab\u00a0J\u2019ai juste remplac\u00e9 \u00ab\u00a0Juif\u00a0\u00bb par le pr\u00e9nom de cet enfant, sans savoir qui c\u2019\u00e9tait.\u00a0\u00bb<\/p>\n<p>\u00ab\u00a0Quand j\u2019ai \u00e9crit, j\u2019ai pas r\u00e9fl\u00e9chi\u00a0\u00bb<\/p>\n<p class=\" wall-content\">\u00ab\u00a0Vous voulez faire croire \u00e7a \u00e0 moi ?\u00a0\u00bb, l\u2019avait alors repris de vol\u00e9e la pr\u00e9sidente du tribunal correctionnel de Lyon. \u00ab\u00a0Il y a des milliers de pr\u00e9noms dans le monde, le calendrier en est plein, et vous choisissez celui-ci ! Vous n\u2019avez pas compris que le sujet \u00e9tait grave ? Avec ce contexte g\u00e9opolitique, cette guerre, ses victimes et ses otages ?\u00a0\u00bb<\/p>\n<p class=\" wall-content\">La magistrate lyonnaise lui avait donc demand\u00e9 si ce possible \u00ab\u00a0humour noir\u00a0\u00bb n\u2019\u00e9tait d\u2019abord pas \u00ab\u00a0tr\u00e8s antis\u00e9mite\u00a0\u00bb. \u00ab\u00a0Quand j\u2019ai \u00e9crit, j\u2019ai pas r\u00e9fl\u00e9chi\u00a0\u00bb, avait coup\u00e9 court ce jeune homme, qui n\u2019a \u00ab\u00a0pas d\u2019avis particulier sur les Juifs\u00a0\u00bb mais qui a d\u00e9clar\u00e9 en garde \u00e0 vue lire des \u00ab\u00a0m\u00e9dias alternatifs\u00a0\u00bb comme \u00ab\u00a0des cha\u00eenes Youtube\u00a0\u00bb qui ne sont \u00ab\u00a0pas mainstream\u00a0\u00bb.<\/p>\n<p class=\" wall-content\">Il \u00ab\u00a0s\u2019abreuve\u00a0\u00bb de m\u00e9dias \u00ab\u00a0plut\u00f4t \u00e0 tendance complotiste\u00a0\u00bb, avait compl\u00e9t\u00e9 un avocat des parties civiles, puisqu\u2019il avait admis lire par exemple \u00ab\u00a0Alain Soral\u00a0\u00bb, un essayiste d\u2019extr\u00eame-droite franco-suisse.<\/p>\n<p>\u00ab\u00a0Il n\u2019aime pas les Juifs, je ne sais pas pourquoi\u00a0\u00bb<\/p>\n<p class=\" wall-content\">\u00ab\u00a0Il n\u2019aime pas les Juifs, je ne sais pas pourquoi\u00a0\u00bb, avait d\u2019ailleurs avou\u00e9 aux policiers son propre grand-p\u00e8re, qui a pourtant \u00ab\u00a0plut\u00f4t de bonnes relations\u00a0\u00bb avec ce petit-fils \u00ab\u00a0gentil\u00a0\u00bb, \u00ab\u00a0agr\u00e9able\u00a0\u00bb mais \u00ab\u00a0un peu \u00e9cervel\u00e9\u00a0\u00bb et qui a \u00ab\u00a0d\u00e9j\u00e0 eu des propos antis\u00e9mites\u00a0\u00bb.<\/p>\n<p class=\" wall-content\">Et Sasha X. n\u2019aime \u00ab\u00a0pas\u00a0 les homosexuels et les transsexuels\u00a0\u00bb non plus, avait fait savoir un avocat des parties civiles au cours de son proc\u00e8s. En garde \u00e0 vue, le jeune homme s\u2019\u00e9tait d\u2019abord dit \u00ab\u00a0\u00e9mu par le nombre de morts palestiniens\u00a0\u00bb dans le conflit entre Isra\u00ebl et le Hamas.<\/p>\n<p class=\" wall-content\">En attendant, sa \u00ab\u00a0blague\u00a0\u00bb sur Facebook a eu \u00ab\u00a0des cons\u00e9quences\u00a0\u00bb sur sa vie, a d\u00fb admettre ce jeune alternant : apr\u00e8s que sa blague ait \u00e9t\u00e9 m\u00e9diatis\u00e9e, son t\u00e9l\u00e9phone a \u00ab\u00a0commenc\u00e9 \u00e0 sonner\u00a0\u00bb \u00e0 son r\u00e9veil et a \u00e9t\u00e9 \u00ab\u00a0satur\u00e9 de messages vocaux et d\u2019appels Whatsapp\u00a0\u00bb avec \u00ab\u00a0des centaines et des centaines de menaces de mort\u00a0\u00bb. \u00ab\u00a0Ca a \u00e9t\u00e9 un enfer\u00a0\u00bb, a-t-il souffl\u00e9.<\/p>\n<p>Licenci\u00e9 \u00ab\u00a0sur le champ\u00a0\u00bb par son entreprise<\/p>\n<p class=\" wall-content\">Surtout, un \u00ab\u00a0charg\u00e9 d\u2019affaires\u00a0\u00bb de son entreprise est venu le trouver \u00ab\u00a0\u00e0 14h\u00a0\u00bb sur le chantier o\u00f9 il travaillait ce jour-l\u00e0 et l\u2019a \u00ab\u00a0licenci\u00e9 sur-le-champ\u00a0\u00bb.<\/p>\n<p class=\" wall-content\">\u00ab\u00a0Ils ont succomb\u00e9 \u00e0 la pression m\u00e9diatique des r\u00e9seaux\u00a0\u00bb, avait soupir\u00e9 Sasha X. \u00e0 propos du groupe de construction Fayat. Lui-m\u00eame a pr\u00e9f\u00e9r\u00e9 quitter le domicile de son grand-p\u00e8re \u00e0 Jonage pour d\u00e9m\u00e9nager chez sa m\u00e8re \u00ab\u00a0en Ard\u00e8che\u00a0\u00bb.<\/p>\n<p class=\" wall-content\">\u00ab\u00a0J\u2019ai quand m\u00eame honte d\u2019avoir \u00e9crit une chose comme \u00e7a\u00a0\u00bb, a finalement l\u00e2ch\u00e9 ce jeune qui est avant tout \u00ab\u00a0quelqu\u2019un qui aide et qui aime aider\u00a0\u00bb.<\/p>\n<p>\u00ab\u00a0Une blague pas dr\u00f4le\u00a0\u00bb qui \u00ab\u00a0n\u2019a fait rire personne\u00a0\u00bb<\/p>\n<p class=\" wall-content\">Me Corine Serfati-Chetrit, l\u2019avocate du Bureau national de Vigilance contre l\u2019Antis\u00e9mitisme, a elle rappel\u00e9 que ces \u00ab\u00a0messages d\u2019une extr\u00eame violence et d\u2019une extr\u00eame ignominie\u00a0\u00bb ont \u00ab\u00a0particuli\u00e8rement marqu\u00e9 la communaut\u00e9 juive\u00a0\u00bb. Elle voulait donc que la condamnation du jeune homme soit publi\u00e9e dans \u00ab\u00a0au moins deux journaux\u00a0\u00bb comme par exemple \u00ab\u00a0Le Monde et Le Figaro\u00a0\u00bb. Me Adrien Bertomeu, l\u2019avocat du CRIF, avait lui aussi dit que cette \u00ab\u00a0phrase soi-disant humoristique\u00a0\u00bb \u00e9tait surtout \u00ab\u00a0une blague pas dr\u00f4le\u00a0\u00bb qui \u00ab\u00a0n\u2019a fait rire personne\u00a0\u00bb.<\/p>\n<p class=\" wall-content\">\u00ab\u00a0On fait r\u00e9f\u00e9rence aux fours cr\u00e9matoires avec une l\u00e9g\u00e8ret\u00e9 d\u00e9sarmante\u00a0\u00bb, s\u2019\u00e9tait lui aussi lament\u00e9 Me Bertrand Sayn, l\u2019avocat de la LICRA.<\/p>\n<p class=\" wall-content\">\u00ab\u00a0Ce n\u2019est pas parce qu\u2019on est derri\u00e8re un \u00e9cran qu\u2019on peut tout dire\u00a0\u00bb, avait-il ajout\u00e9 \u00e0 propos des r\u00e9seaux sociaux, cette \u00ab\u00a0caisse de r\u00e9sonance \u00e9norme et presque illimit\u00e9e\u00a0\u00bb. La procureure de la R\u00e9publique avait requis pour sa part douze mois de prison avec sursis simple, une in\u00e9ligibilit\u00e9 de cinq ans et une inscription au Fichier des auteurs d\u2019infractions terroristes (FIJET).<\/p>\n<p class=\" wall-content\">\u00ab\u00a0Vous avez raison de dire qu\u2019on ne peut pas plaisanter avec certains sujets\u00a0\u00bb, avait conclu l\u2019avocat de ce jeune \u00ab\u00a0honteux\u00a0\u00bb qui a promis qu\u2019il \u00ab\u00a0ne fera plus jamais de commentaires\u00a0\u00bb sur le sujet.<\/p>\n<p>Condamn\u00e9 \u00e0 dix mois de prison avec sursis<\/p>\n<p class=\" wall-content\">Ses propos sont en effet \u00ab\u00a0abjects\u00a0\u00bb, \u00ab\u00a0d\u00e9testables\u00a0\u00bb, \u00ab\u00a0regrettables\u00a0\u00bb et \u00ab\u00a0regrett\u00e9s\u00a0\u00bb. Sasha X. a finalement \u00e9t\u00e9 condamn\u00e9 \u00e0 dix mois de prison avec sursis et sera in\u00e9ligible pendant trois ans pour sa \u00ab\u00a0provocation publique \u00e0 la haine\u00a0\u00bb. Il a \u00e9t\u00e9 en revanche \u00e9t\u00e9 relax\u00e9 pour \u00ab\u00a0apologie publique d\u2019un acte de terrorisme\u00a0\u00bb.<\/p>\n<p class=\" wall-content\">Sur le plan civil, ce\u00a0jeune \u00ab\u00a0\u00e9lectricien monteur\u00a0\u00bb qui n\u2019a \u00ab\u00a0toujours pas d\u2019activit\u00e9\u00a0\u00bb devra verser 1.000 \u20ac de dommages et int\u00e9r\u00eats \u00e0 chacune des quatre parties civiles et 500 \u20ac pour leurs frais de justice.<\/p>\n<p class=\" wall-content\"><strong>GF et MJ (PressPepper)<\/strong><\/p>\n<p class=\" wall-content\">Suivez toute l\u2019actualit\u00e9 de vos villes et m\u00e9dias favoris en vous inscrivant \u00e0 <a href=\"https:\/\/moncompte.actu.fr\" title=\"D\u00e9couvez Mon Actu\" rel=\"nofollow noopener\" data-trk=\"{&quot;cta&quot;:{&quot;action&quot;:&quot;https:\\\/\\\/moncompte.actu.fr&quot;,&quot;category&quot;:&quot;mon compte&quot;,&quot;from&quot;:&quot;article footer&quot;,&quot;name&quot;:&quot;Mon actu&quot;,&quot;type&quot;:&quot;cta&quot;}}\" target=\"_blank\">Mon Actu<\/a>.<\/p>\n","protected":false},"excerpt":{"rendered":"Par R\u00e9daction Lyon Publi\u00e9 le 25 mai 2025 \u00e0 8h24 Le tribunal correctionnel de Lyon a condamn\u00e9\u00a0ce mardi&hellip;\n","protected":false},"author":2,"featured_media":126351,"comment_status":"","ping_status":"","sticky":false,"template":"","format":"standard","meta":{"footnotes":""},"categories":[1889],"tags":[1111,11,6155,2430,1777,674,1011,27,5643,303,2428,12,25,104],"class_list":{"0":"post-126350","1":"post","2":"type-post","3":"status-publish","4":"format-standard","5":"has-post-thumbnail","7":"category-lyon","8":"tag-actu","9":"tag-actualites","10":"tag-antisemitisme","11":"tag-auvergne-rhone-alpes","12":"tag-eu","13":"tag-europe","14":"tag-fr","15":"tag-france","16":"tag-guerre-israel-hamas","17":"tag-justice","18":"tag-lyon","19":"tag-news","20":"tag-republique-francaise","21":"tag-societe"},"share_on_mastodon":{"url":"","error":""},"_links":{"self":[{"href":"https:\/\/www.europesays.com\/fr\/wp-json\/wp\/v2\/posts\/126350","targetHints":{"allow":["GET"]}}],"collection":[{"href":"https:\/\/www.europesays.com\/fr\/wp-json\/wp\/v2\/posts"}],"about":[{"href":"https:\/\/www.europesays.com\/fr\/wp-json\/wp\/v2\/types\/post"}],"author":[{"embeddable":true,"href":"https:\/\/www.europesays.com\/fr\/wp-json\/wp\/v2\/users\/2"}],"replies":[{"embeddable":true,"href":"https:\/\/www.europesays.com\/fr\/wp-json\/wp\/v2\/comments?post=126350"}],"version-history":[{"count":0,"href":"https:\/\/www.europesays.com\/fr\/wp-json\/wp\/v2\/posts\/126350\/revisions"}],"wp:featuredmedia":[{"embeddable":true,"href":"https:\/\/www.europesays.com\/fr\/wp-json\/wp\/v2\/media\/126351"}],"wp:attachment":[{"href":"https:\/\/www.europesays.com\/fr\/wp-json\/wp\/v2\/media?parent=126350"}],"wp:term":[{"taxonomy":"category","embeddable":true,"href":"https:\/\/www.europesays.com\/fr\/wp-json\/wp\/v2\/categories?post=126350"},{"taxonomy":"post_tag","embeddable":true,"href":"https:\/\/www.europesays.com\/fr\/wp-json\/wp\/v2\/tags?post=126350"}],"curies":[{"name":"wp","href":"https:\/\/api.w.org\/{rel}","templated":true}]}}