{"id":126356,"date":"2025-05-25T06:49:08","date_gmt":"2025-05-25T06:49:08","guid":{"rendered":"https:\/\/www.europesays.com\/fr\/126356\/"},"modified":"2025-05-25T06:49:08","modified_gmt":"2025-05-25T06:49:08","slug":"a-paris-et-sur-instagram-ces-deux-serrurieres-secouent-un-metier-masculin-et-propice-aux-arnaques","status":"publish","type":"post","link":"https:\/\/www.europesays.com\/fr\/126356\/","title":{"rendered":"\u00c0 Paris et sur Instagram, ces deux serruri\u00e8res secouent un m\u00e9tier masculin\u2026 et propice aux arnaques"},"content":{"rendered":"<p class=\"paragraph text_align_left\">Le reportage a mal commenc\u00e9. Parti dans la pr\u00e9cipitation, je me retrouve sur mon palier, sans t\u00e9l\u00e9phone, ni cl\u00e9\u2026 Ma porte claqu\u00e9e. Coup du sort, c\u2019est avec deux serruri\u00e8res, Elie Vallet et Sol\u00e8ne Cuniasse, que j\u2019ai rendez-vous cet apr\u00e8s-midi. Leur premi\u00e8re intervention a donc lieu\u2026 \u00e0 mon domicile. Une parfaite entr\u00e9e en mati\u00e8re pour faire connaissance avec ces deux Parisiennes de 25 et 23 ans qui, avec leur entreprise Luciole Serrurerie, se sont donn\u00e9 pour mission de redorer le blason de leur m\u00e9tier.<\/p>\n","protected":false},"excerpt":{"rendered":"Le reportage a mal commenc\u00e9. Parti dans la pr\u00e9cipitation, je me retrouve sur mon palier, sans t\u00e9l\u00e9phone, ni&hellip;\n","protected":false},"author":2,"featured_media":126357,"comment_status":"","ping_status":"","sticky":false,"template":"","format":"standard","meta":{"footnotes":""},"categories":[1888],"tags":[11,1777,674,1011,27,1944,12,626,25,104],"class_list":{"0":"post-126356","1":"post","2":"type-post","3":"status-publish","4":"format-standard","5":"has-post-thumbnail","7":"category-paris","8":"tag-actualites","9":"tag-eu","10":"tag-europe","11":"tag-fr","12":"tag-france","13":"tag-ma-ville","14":"tag-news","15":"tag-paris","16":"tag-republique-francaise","17":"tag-societe"},"share_on_mastodon":{"url":"https:\/\/pubeurope.com\/@fr\/114567142722969876","error":""},"_links":{"self":[{"href":"https:\/\/www.europesays.com\/fr\/wp-json\/wp\/v2\/posts\/126356","targetHints":{"allow":["GET"]}}],"collection":[{"href":"https:\/\/www.europesays.com\/fr\/wp-json\/wp\/v2\/posts"}],"about":[{"href":"https:\/\/www.europesays.com\/fr\/wp-json\/wp\/v2\/types\/post"}],"author":[{"embeddable":true,"href":"https:\/\/www.europesays.com\/fr\/wp-json\/wp\/v2\/users\/2"}],"replies":[{"embeddable":true,"href":"https:\/\/www.europesays.com\/fr\/wp-json\/wp\/v2\/comments?post=126356"}],"version-history":[{"count":0,"href":"https:\/\/www.europesays.com\/fr\/wp-json\/wp\/v2\/posts\/126356\/revisions"}],"wp:featuredmedia":[{"embeddable":true,"href":"https:\/\/www.europesays.com\/fr\/wp-json\/wp\/v2\/media\/126357"}],"wp:attachment":[{"href":"https:\/\/www.europesays.com\/fr\/wp-json\/wp\/v2\/media?parent=126356"}],"wp:term":[{"taxonomy":"category","embeddable":true,"href":"https:\/\/www.europesays.com\/fr\/wp-json\/wp\/v2\/categories?post=126356"},{"taxonomy":"post_tag","embeddable":true,"href":"https:\/\/www.europesays.com\/fr\/wp-json\/wp\/v2\/tags?post=126356"}],"curies":[{"name":"wp","href":"https:\/\/api.w.org\/{rel}","templated":true}]}}