{"id":126372,"date":"2025-05-25T06:57:08","date_gmt":"2025-05-25T06:57:08","guid":{"rendered":"https:\/\/www.europesays.com\/fr\/126372\/"},"modified":"2025-05-25T06:57:08","modified_gmt":"2025-05-25T06:57:08","slug":"lue-retablit-les-quotas-et-droits-de-douane-sur-les-produits-agricoles-ukrainiens-faute-daccord-avec-kiev","status":"publish","type":"post","link":"https:\/\/www.europesays.com\/fr\/126372\/","title":{"rendered":"L&rsquo;UE r\u00e9tablit les quotas et droits de douane sur les produits agricoles ukrainiens faute d&rsquo;accord avec Kiev"},"content":{"rendered":"<p>AFP Videos &#8211; France<\/p>\n<p><a class=\"Td(n) C($inherit) LineClamp(2,45px) D(f) rapidnofollow\" data-uuid=\"2f21ca37-33d0-3ca4-8d57-3413bd964268\" href=\"https:\/\/fr.news.yahoo.com\/suriname-commence-%C3%A0-distribuer-%C3%A0-124043062.html\" data-ylk=\"elm:hdln;itc:0;pos:1;sec:strm;subsec:moreforyou;cpos:18;ct:video;g:2f21ca37-33d0-3ca4-8d57-3413bd964268\" data-hosted-type=\"HOSTED\" rel=\"nofollow noopener\" target=\"_blank\">Le Suriname commence \u00e0 distribuer \u00e0 la population la future rente p\u00e9troli\u00e8re<\/a><\/p>\n<p class=\"M(0) C($summaryColor) Fz(14px) Lh(1.43em) LineClamp(3,60px)\">Pays pauvre d&rsquo;Am\u00e9rique du Sud promis \u00e0 une pluie de dollars tir\u00e9e de l&rsquo;exploitation p\u00e9troli\u00e8re, le Suriname a lanc\u00e9 un programme original par lequel les habitants devraient directement percevoir une partie de la richesse extraite du sous-sol.\u00a0\u00bbC&rsquo;est leur part\u00a0\u00bb, a d\u00e9clar\u00e9 le pr\u00e9sident Chan Santokhi, candidat \u00e0 sa r\u00e9\u00e9lection apr\u00e8s les l\u00e9gislatives de dimanche, dans un entretien avec l&rsquo;AFP.Car \u00ab\u00a0\u00e0 partir de 2028 nous serons un pays producteur de p\u00e9trole\u00a0\u00bb et \u00ab\u00a0nous aurons des revenus, des recettes fiscales, des redevances\u00a0\u00bb, a ajout\u00e9 le chef d&rsquo;Etat depuis 2020 du plus petit d&rsquo;Am\u00e9rique du Sud, voisin de la Guyane.Aujourd&rsquo;hui, le Suriname est l&rsquo;un des rares au monde \u00e0 absorber plus de dioxyde de carbone qu&rsquo;il n&rsquo;en \u00e9met, mais il devrait voir sa production de p\u00e9trole bondir d&rsquo;ici peu.Le groupe fran\u00e7ais TotalEnergies s&rsquo;est engag\u00e9 l&rsquo;an dernier \u00e0 investir 10,5 milliards de dollars sur les quatre prochaines ann\u00e9es dans le gisement p\u00e9trolier offshore de GranMorgu, situ\u00e9 dans l&rsquo;Atlantique, \u00e0 150 kilom\u00e8tres des c\u00f4tes.\u00a0Avec la compagnie publique surinamaise Staatsolie, l&rsquo;exploitation doit commencer en 2028, avec une pr\u00e9vision de production de\u00a0220.000 barils par jour (bj). Le Suriname produit actuellement 5 \u00e0 6.000 bj.Cela pourrait n&rsquo;\u00eatre qu&rsquo;un d\u00e9but, de nouveaux permis d&rsquo;exploration devant \u00eatre d\u00e9livr\u00e9s.- \u00ab\u00a0Nulle part ailleurs\u00a0\u00bb -C&rsquo;est Lazard, conseil du gouvernement, qui a propos\u00e9 ce \u00ab\u00a0concept original\u00a0\u00bb de redistribution propre au Suriname, explique \u00e0 l&rsquo;AFP Pierre Cailleteau, associ\u00e9-g\u00e9rant de la banque franco-am\u00e9ricaine.Ce RVI (\u00ab\u00a0Royalties pour tous\u00a0\u00bb en n\u00e9erlandais) est \u00ab\u00a0un coupon encaissable si et seulement si l&rsquo;Etat re\u00e7oit des royalties du p\u00e9trole dans le futur\u00a0\u00bb, explique-t-il. \u00ab\u00a0\u00c7a n&rsquo;existe nulle part ailleurs\u00a0\u00bb, observe\u00a0M. Cailleteau.Dans les tr\u00e8s rares cas de versement direct \u00e0 la population, comme\u00a0en Alaska, ce sont les profits r\u00e9alis\u00e9s par le fonds souverain sur les b\u00e9n\u00e9fices d\u00e9j\u00e0 accumul\u00e9s qui sont revers\u00e9s.Les premiers coupons ont \u00e9t\u00e9 remis d\u00e9but mai \u00e0 une fraction des quelque 570.000 citoyens \u00e9ligibles, explique \u00e0 l&rsquo;AFP Victorine Moti, conseill\u00e8re pour le programme RVI aupr\u00e8s du minist\u00e8re des Finances.Les plus \u00e2g\u00e9s (au-del\u00e0 de 80 ans) et les personnes atteintes de handicap, premiers b\u00e9n\u00e9ficiaires, peuvent retirer imm\u00e9diatement une somme \u00e9quivalente \u00e0 750 dollars, les autorit\u00e9s jugeant que cette cat\u00e9gorie de population ne va pas profiter pleinement des b\u00e9n\u00e9fices p\u00e9troliers futurs.\u00a0\u00bbLe programme sera progressivement \u00e9tendu \u00e0 l&rsquo;ensemble des 127.169 seniors \u00e2g\u00e9s de 60 ans et plus\u00a0\u00bb et ce sont les banques qui font l&rsquo;avance des fonds, acqu\u00e9rant les RVIs, pr\u00e9cise Mme Moti.Le reste des Surinamais \u00e2g\u00e9s de 18 \u00e0 59 ans et les mineurs ne pourront activer leurs coupons qu&rsquo;\u00e0 partir de 2028, quand l&rsquo;Etat commencera \u00e0 percevoir les premi\u00e8res royalties du p\u00e9trole. \u00ab\u00a0Ils ont deux options : retirer l&rsquo;argent ou choisir d&rsquo;\u00e9pargner\u00a0\u00bb jusqu&rsquo;\u00e0 1.275 dollars maximum, \u00e0 raison de 7% d&rsquo;int\u00e9r\u00eats par an. Ceux \u00e9pargnant 10 ans toucheront un bonus de 150 dollars.\u00a0\u00ab\u00a0Esp\u00e9rons qu&rsquo;ils essaieront d&rsquo;\u00e9pargner et de ne pas encaisser imm\u00e9diatement\u00a0\u00bb, souffle Mme Moti, qui pr\u00e9f\u00e9rerait r\u00e9orienter ailleurs les premiers b\u00e9n\u00e9fices.- \u00ab\u00a0Je vais les d\u00e9penser\u00a0\u00bb -Naslem Doelsan, 80 ans, va, elle, \u00ab\u00a0les d\u00e9penser, acheter de la bonne nourriture et des articles dont (elle a) besoin\u00a0\u00bb. \u00ab\u00a0Pourquoi \u00e9pargner, je suis d\u00e9j\u00e0 vieille et je veux profiter de mon argent\u00a0\u00bb, dit-elle \u00e0 l&rsquo;AFP.\u00a0\u00bbJe vais donner de l&rsquo;argent \u00e0 ma petite-fille, en d\u00e9penser un peu pour acheter des cigarettes\u00a0\u00bb, confie \u00e0 l&rsquo;AFP Jai Abas, 91 ans, sourire aux l\u00e8vres avec en mains une liasse de billets de 500 dollars surinamais (12 euros) qu&rsquo;il vient de retirer.Anuschka Tolud, 38 ans, en fauteuil roulant, qui per\u00e7oit 4.300 dollars surinamais (103 euros) de prestations sociales, va elle \u00ab\u00a0\u00e9conomiser\u00a0\u00bb. A ses c\u00f4t\u00e9s, Alex Amakaba, 32 ans, qui a perdu ses deux jambes, \u00e9pargnera \u00e9galement car il n&rsquo;a \u00ab\u00a0pas encore de projets pr\u00e9cis\u00a0\u00bb.\u00a0\u00bbPour les personnes de plus de 80 ans, nous les enregistrons et envoyons les donn\u00e9es \u00e0 la banque qui les contacte\u00a0\u00bb, elles n&rsquo;ont ainsi qu&rsquo;\u00e0 se d\u00e9placer une seule fois pour obtenir leur carte de retrait, d\u00e9taille Prewien Ramadhin, le directeur de e-gov, la structure charg\u00e9e de la transformation num\u00e9rique.Dans ce pays o\u00f9 un habitant sur cinq vit sous le seuil de pauvret\u00e9, le d\u00e9fi sera \u00e9galement d&rsquo;en faire b\u00e9n\u00e9ficier la population de l&rsquo;int\u00e9rieur, tr\u00e8s rurale.\u00a0\u00bbJe suis curieuse de savoir comment les fonds et la bureaucratie seront accessibles par les communaut\u00e9s indig\u00e8nes et marronnes\u00a0\u00bb, souligne pour l&rsquo;AFP Giovanna Montenegro, de l&rsquo;Universit\u00e9 de Binghamton, dans l&rsquo;Etat de New York.\u00a0\u00bbAu fur et \u00e0 mesure que le programme avancera\u00a0\u00bb dans les cat\u00e9gories d&rsquo;\u00e2ge, \u00ab\u00a0on suivra\u00a0\u00bb, promet M. Ramadhin.lab\/esp\/lgo\/tmt<\/p>\n","protected":false},"excerpt":{"rendered":"AFP Videos &#8211; France Le Suriname commence \u00e0 distribuer \u00e0 la population la future rente p\u00e9troli\u00e8re Pays pauvre&hellip;\n","protected":false},"author":2,"featured_media":126373,"comment_status":"","ping_status":"","sticky":false,"template":"","format":"standard","meta":{"footnotes":""},"categories":[1586],"tags":[11,2388,1777,674,1779,1011,27,7403,12,24996,25,1778,10884,364],"class_list":{"0":"post-126372","1":"post","2":"type-post","3":"status-publish","4":"format-standard","5":"has-post-thumbnail","7":"category-europe","8":"tag-actualites","9":"tag-droits-de-douane","10":"tag-eu","11":"tag-europe","12":"tag-european-union","13":"tag-fr","14":"tag-france","15":"tag-la-guerre","16":"tag-news","17":"tag-pays-membres-de-lunion-europeenne","18":"tag-republique-francaise","19":"tag-ue","20":"tag-ukrainiens","21":"tag-union-europeenne"},"share_on_mastodon":{"url":"https:\/\/pubeurope.com\/@fr\/114567174114822510","error":""},"_links":{"self":[{"href":"https:\/\/www.europesays.com\/fr\/wp-json\/wp\/v2\/posts\/126372","targetHints":{"allow":["GET"]}}],"collection":[{"href":"https:\/\/www.europesays.com\/fr\/wp-json\/wp\/v2\/posts"}],"about":[{"href":"https:\/\/www.europesays.com\/fr\/wp-json\/wp\/v2\/types\/post"}],"author":[{"embeddable":true,"href":"https:\/\/www.europesays.com\/fr\/wp-json\/wp\/v2\/users\/2"}],"replies":[{"embeddable":true,"href":"https:\/\/www.europesays.com\/fr\/wp-json\/wp\/v2\/comments?post=126372"}],"version-history":[{"count":0,"href":"https:\/\/www.europesays.com\/fr\/wp-json\/wp\/v2\/posts\/126372\/revisions"}],"wp:featuredmedia":[{"embeddable":true,"href":"https:\/\/www.europesays.com\/fr\/wp-json\/wp\/v2\/media\/126373"}],"wp:attachment":[{"href":"https:\/\/www.europesays.com\/fr\/wp-json\/wp\/v2\/media?parent=126372"}],"wp:term":[{"taxonomy":"category","embeddable":true,"href":"https:\/\/www.europesays.com\/fr\/wp-json\/wp\/v2\/categories?post=126372"},{"taxonomy":"post_tag","embeddable":true,"href":"https:\/\/www.europesays.com\/fr\/wp-json\/wp\/v2\/tags?post=126372"}],"curies":[{"name":"wp","href":"https:\/\/api.w.org\/{rel}","templated":true}]}}