{"id":12638,"date":"2025-04-09T12:44:14","date_gmt":"2025-04-09T12:44:14","guid":{"rendered":"https:\/\/www.europesays.com\/fr\/12638\/"},"modified":"2025-04-09T12:44:14","modified_gmt":"2025-04-09T12:44:14","slug":"alonso-compare-le-manque-daction-de-suzuka-a-monaco","status":"publish","type":"post","link":"https:\/\/www.europesays.com\/fr\/12638\/","title":{"rendered":"Alonso compare le manque d&rsquo;action de Suzuka \u00e0 Monaco"},"content":{"rendered":"<p>Le manque d&rsquo;action du Grand Prix du Japon 2025 en a frustr\u00e9 plus d&rsquo;un. Pourtant, alors que beaucoup semblaient surpris de cette monotonie, certains l&rsquo;\u00e9taient moins :\u00a0\u00ab\u00a0C&rsquo;est Suzuka, je ne me souviens pas d&rsquo;une course o\u00f9 il y a eu trop de d\u00e9passements ici sans que la m\u00e9t\u00e9o ne change\u00a0\u00bb, a d\u00e9clar\u00e9 <a href=\"https:\/\/fr.motorsport.com\/driver\/fernando-alonso\/76096\/\" target=\"_blank\" rel=\"noopener nofollow\">Fernando Alonso<\/a> au terme de l&rsquo;\u00e9preuve dimanche dernier.<\/p>\n<p>Le double champion du monde a d&rsquo;ailleurs compar\u00e9 la course japonaise au Grand Prix de Monaco, expliquant que l&rsquo;engouement autour de ces deux Grands Prix d\u00e9passait souvent l&rsquo;excitation v\u00e9cue le dimanche, o\u00f9 rien de bien grandiose ne se passait g\u00e9n\u00e9ralement.\u00a0<\/p>\n<p>\u00ab\u00a0Il semble que nous r\u00e9p\u00e9tons toujours le jeudi \u00e0 quel point Suzuka est g\u00e9nial, \u00e0 quel point Monaco est g\u00e9nial, le glamour, le week-end spectaculaire&#8230;\u00a0\u00bb, a ajout\u00e9 l&rsquo;Espagnol. \u00ab\u00a0Et puis le dimanche, nous nous r\u00e9veillons et nous disons : &lsquo;Monaco est ennuyeux. Suzuka est ennuyeux&rsquo;. C&rsquo;est la Formule 1, et Suzuka est avant tout g\u00e9nial gr\u00e2ce au samedi [et aux qualifications], o\u00f9 l&rsquo;adr\u00e9naline est incroyablement \u00e9lev\u00e9e.\u00a0\u00bb<\/p>\n<p>   <img decoding=\"async\" draggable=\"false\" src=\"https:\/\/www.europesays.com\/fr\/wp-content\/uploads\/2025\/04\/charles-leclerc-ferrari-sf-24-.jpg\" alt=\"Le d\u00e9part du Grand Prix de Monaco 2024.\" width=\"1200\" height=\"800\" loading=\"lazy\"\/> <\/p>\n<p class=\"title\">Le d\u00e9part du Grand Prix de Monaco 2024.<\/p>\n<p class=\"photographer\">Photo de: Andy Hone \/ Motorsport Images<\/p>\n<p>Alors que l&rsquo;on nous promet une saison 2025 pleine d&rsquo;action avec une comp\u00e9tition tr\u00e8s serr\u00e9e, notamment en course, cet avis ne semble pas partag\u00e9 par tous. Apr\u00e8s la course \u00e0 Suzuka, le patron de <a href=\"https:\/\/fr.motorsport.com\/team\/ferrari\/615\/\" target=\"_blank\" rel=\"noopener nofollow\">Ferrari<\/a>, Fr\u00e9d\u00e9ric Vasseur, a d\u00e9clar\u00e9 que cette saison pourrait devenir un \u00ab\u00a0championnat du monde des qualifications\u00a0\u00bb si la difficult\u00e9 \u00e0 d\u00e9passer observ\u00e9e en Chine et au Japon, souvent due aux complications li\u00e9es \u00e0 l&rsquo;air sale, se poursuivait. <a href=\"https:\/\/fr.motorsport.com\/driver\/lando-norris\/289708\/\" target=\"_blank\" rel=\"noopener nofollow\">Lando Norris<\/a> et <a href=\"https:\/\/fr.motorsport.com\/driver\/oscar-piastri\/835356\/\" target=\"_blank\" rel=\"noopener nofollow\">Oscar Piastri<\/a> ont eux aussi indiqu\u00e9 l&rsquo;importance des qualifications en d\u00e9clarant avoir perdu la victoire le samedi, en ayant laiss\u00e9 filer la pole position au profit de\u00a0<a href=\"https:\/\/fr.motorsport.com\/driver\/max-verstappen\/93029\/\" target=\"_blank\" rel=\"noopener nofollow\">Max Verstappen<\/a>.<\/p>\n<p>\u00c9tant dans la derni\u00e8re ann\u00e9e de la r\u00e9glementation actuelle \u00e0 effet de sol, les concepts des diff\u00e9rentes voitures de la grille ont naturellement converg\u00e9. En plus de cela, les pneumatiques fournis par Pirelli semblent de plus en plus r\u00e9sistants et limitent les choix strat\u00e9giques des \u00e9curies et les arr\u00eats au stand des pilotes. <a href=\"https:\/\/fr.motorsport.com\/f1\/news\/russell-pneus-trop-resistants-elever-plaisir-strategie\/10710688\/\" rel=\"nofollow noopener\" target=\"_blank\">Un probl\u00e8me soulev\u00e9 par George Russell apr\u00e8s l&rsquo;\u00e9preuve dimanche<\/a>.\u00a0<\/p>\n<p>En 2024, il y a eu 70 d\u00e9passements de moins que sur toute la saison 2023, et cela malgr\u00e9 deux \u00e9preuves\u00a0 suppl\u00e9mentaires, \u00e0 savoir le retour du Grand Prix de Chine et le Grand Prix d&rsquo;\u00c9milie-Romagne qui avait \u00e9t\u00e9 annul\u00e9 un an plus t\u00f4t \u00e0 cause de fortes inondations. En 2025, les quatre courses qui se sont d\u00e9roul\u00e9es, trois courses normales ainsi qu&rsquo;un sprint, ont toutes \u00e9t\u00e9 remport\u00e9es en partant de la pole position.<\/p>\n<p>Pour pallier le probl\u00e8me du Grand Prix de Monaco, la FIA a approuv\u00e9 une r\u00e8gle sp\u00e9cifique \u00e0 l&rsquo;\u00e9preuve de la principaut\u00e9 cette saison : deux arr\u00eats seront maintenant obligatoires. Un moyen d&rsquo;augmenter \u00ab\u00a0artificiellement\u00a0\u00bb les possibilit\u00e9s de strat\u00e9gies diverses et de renforcer l&rsquo;intrigue li\u00e9e au d\u00e9nouement de la course.\u00a0<\/p>\n<p>Lire aussi :<\/p>\n<p>Malgr\u00e9 toutes ces interrogations, Fernando Alonso a conclu :\u00a0\u00ab\u00a0Peut-\u00eatre qu&rsquo;un seul arr\u00eat n&rsquo;a pas \u00e9t\u00e9 la course que nous esp\u00e9rions\u00a0\u00bb, a-t-il d\u00e9clar\u00e9 \u00e0 propos du Grand Prix du Japon. \u00ab\u00a0Dans le pass\u00e9, [nous avions] plusieurs arr\u00eats. Peut-\u00eatre que les pneus sont diff\u00e9rents [maintenant], mais quand nous n&rsquo;avons pas d&rsquo;adh\u00e9rence, nous nous plaignons qu&rsquo;il n&rsquo;y a pas d&rsquo;adh\u00e9rence et quand nous avons trop d&rsquo;arr\u00eats, nous nous plaignons que les pneus ne durent pas. Alors au lieu de voir les aspects n\u00e9gatifs du week-end, j&rsquo;essaie d&rsquo;appr\u00e9cier ce que nous avons v\u00e9cu ce week-end.\u00a0\u00bb<\/p>\n<p style=\"text-align: right;\">Avec Mark Mann-Bryans<\/p>\n<p>Lire aussi :<\/p>\n<p>Dans cet article<\/p>\n<p>    T\u00e9ha Courbon\n<\/p>\n<p>    Formule 1\n<\/p>\n<p>    Fernando Alonso\n<\/p>\n<p>Soyez le premier inform\u00e9 et souscrivez aux alertes mails pour recevoir les infos en temps r\u00e9el<\/p>\n<p>    S&rsquo;abonner aux alertes de news<\/p>\n","protected":false},"excerpt":{"rendered":"Le manque d&rsquo;action du Grand Prix du Japon 2025 en a frustr\u00e9 plus d&rsquo;un. Pourtant, alors que beaucoup&hellip;\n","protected":false},"author":2,"featured_media":12639,"comment_status":"","ping_status":"","sticky":false,"template":"","format":"standard","meta":{"footnotes":""},"categories":[1412],"tags":[1451,1710,1452,1453,1454,1455,1011,27,1581,60,1582],"class_list":{"0":"post-12638","1":"post","2":"type-post","3":"status-publish","4":"format-standard","5":"has-post-thumbnail","7":"category-f1","8":"tag-f1","9":"tag-fernando-alonso","10":"tag-formula-1","11":"tag-formula1","12":"tag-formule-1","13":"tag-formule1","14":"tag-fr","15":"tag-france","16":"tag-gp-du-japon","17":"tag-sports","18":"tag-suzuka"},"share_on_mastodon":{"url":"https:\/\/pubeurope.com\/@fr\/114308072342955290","error":""},"_links":{"self":[{"href":"https:\/\/www.europesays.com\/fr\/wp-json\/wp\/v2\/posts\/12638","targetHints":{"allow":["GET"]}}],"collection":[{"href":"https:\/\/www.europesays.com\/fr\/wp-json\/wp\/v2\/posts"}],"about":[{"href":"https:\/\/www.europesays.com\/fr\/wp-json\/wp\/v2\/types\/post"}],"author":[{"embeddable":true,"href":"https:\/\/www.europesays.com\/fr\/wp-json\/wp\/v2\/users\/2"}],"replies":[{"embeddable":true,"href":"https:\/\/www.europesays.com\/fr\/wp-json\/wp\/v2\/comments?post=12638"}],"version-history":[{"count":0,"href":"https:\/\/www.europesays.com\/fr\/wp-json\/wp\/v2\/posts\/12638\/revisions"}],"wp:featuredmedia":[{"embeddable":true,"href":"https:\/\/www.europesays.com\/fr\/wp-json\/wp\/v2\/media\/12639"}],"wp:attachment":[{"href":"https:\/\/www.europesays.com\/fr\/wp-json\/wp\/v2\/media?parent=12638"}],"wp:term":[{"taxonomy":"category","embeddable":true,"href":"https:\/\/www.europesays.com\/fr\/wp-json\/wp\/v2\/categories?post=12638"},{"taxonomy":"post_tag","embeddable":true,"href":"https:\/\/www.europesays.com\/fr\/wp-json\/wp\/v2\/tags?post=12638"}],"curies":[{"name":"wp","href":"https:\/\/api.w.org\/{rel}","templated":true}]}}