{"id":126392,"date":"2025-05-25T07:10:07","date_gmt":"2025-05-25T07:10:07","guid":{"rendered":"https:\/\/www.europesays.com\/fr\/126392\/"},"modified":"2025-05-25T07:10:07","modified_gmt":"2025-05-25T07:10:07","slug":"charles-leclerc-a-quoi-ressemble-le-futur-appartement-glamour-a-la-vue-ebouriffante-du-pilote-de-f1","status":"publish","type":"post","link":"https:\/\/www.europesays.com\/fr\/126392\/","title":{"rendered":"Charles Leclerc : \u00e0 quoi ressemble le futur appartement glamour \u00e0 la vue \u00e9bouriffante du pilote de F1 ?"},"content":{"rendered":"<p>\u00c0 27 ans, <a href=\"https:\/\/www.closermag.fr\/people\/charles-leclerc-son-frere-aussi-est-canon-la-preuve-en-images-1711229\" rel=\"nofollow noopener\" target=\"_blank\"><br \/>\nCharles Leclerc<\/a> continue de tracer sa route \u00e0 grande vitesse\u2026 y<br \/>\ncompris en dehors des circuits. Le pilote mon\u00e9gasque vient en effet<br \/>\ntout juste de <strong>s\u2019offrir un bien d\u2019exception dans sa ville<br \/>\nnatale :<\/strong> un appartement flambant neuf situ\u00e9 dans un<br \/>\nimmeuble \u00e0 l\u2019allure futuriste qui surplombe la principaut\u00e9, a<br \/>\nr\u00e9v\u00e9l\u00e9 <strong>Pure People<\/strong>. Un nouveau<br \/>\npied-\u00e0-terre qui refl\u00e8te son go\u00fbt pour l\u2019\u00e9l\u00e9gance, la modernit\u00e9\u2026 et<br \/>\nles sensations fortes.<\/p>\n<p>S\u2019il est connu pour ses performances au volant d\u2019une Ferrari,<br \/>\nCharles Leclerc soigne aussi sa vie priv\u00e9e avec discr\u00e9tion.<br \/>\n<strong>Pourtant, difficile de passer inaper\u00e7u quand on s\u2019installe<br \/>\ndans l\u2019un des immeubles les plus impressionnants du<br \/>\nRocher<\/strong>. Avec ce nouvel achat, le champion prouve une<br \/>\nnouvelle fois qu\u2019il allie ambition et raffinement jusque dans ses<br \/>\nchoix immobiliers.<\/p>\n<p>Une r\u00e9sidence aux allures de vaisseau spatial<\/p>\n<p>Le b\u00e2timent en question ? Le tr\u00e8s spectaculaire \u00ab\u00a0Bay<br \/>\nHouse\u00a0\u00bb, l\u2019un des projets les plus audacieux de <a href=\"https:\/\/www.closermag.fr\/people\/maison-de-luxe-a-quoi-ressemble-une-villa-a-25-millions-deuros-a-deux-pas-de-monaco-3542020\" rel=\"nofollow noopener\" target=\"_blank\"><br \/>\nMonaco<\/a>. Pos\u00e9 sur la Corniche, ce joyau d\u2019architecture<br \/>\ncontemporaine offre <strong>des lignes \u00e9pur\u00e9es, des mat\u00e9riaux<br \/>\nnobles et une vue panoramique \u00e0 couper le souffle sur la<br \/>\nM\u00e9diterran\u00e9e<\/strong>. Avec ses grandes baies vitr\u00e9es et ses<br \/>\nterrasses ouvertes sur l\u2019horizon, il donne litt\u00e9ralement<br \/>\nl\u2019impression de flotter au-dessus de la mer.<\/p>\n<p>D\u2019apr\u00e8s les informations r\u00e9v\u00e9l\u00e9es, Charles Leclerc aurait<br \/>\ninvesti plusieurs millions d\u2019euros pour <strong>s\u2019offrir l\u2019un des<br \/>\nappartements de prestige de cette r\u00e9sidence<\/strong>. Si la surface<br \/>\nexacte n\u2019a pas \u00e9t\u00e9 d\u00e9voil\u00e9e, les prix des biens dans le Bay House<br \/>\n<strong>d\u00e9passent ais\u00e9ment les 40 000 euros du m\u00e8tre<br \/>\ncarr\u00e9<\/strong>. Un cap symbolique, m\u00eame pour un pilote de Formule 1<br \/>\nau sommet de sa carri\u00e8re.<\/p>\n<p>Le r\u00eave mon\u00e9gasque grandeur nature<\/p>\n<p>Ce nouvel appartement incarne \u00e0 merveille le style de vie que<br \/>\n<a href=\"https:\/\/www.closermag.fr\/people\/charles-leclerc-le-pilote-monegasque-pousse-un-gros-coup-de-gueule-contre-ses-fans-les-plus-intrusifs-1708934\" rel=\"nofollow noopener\" target=\"_blank\"><br \/>\nCharles Leclerc<\/a> semble rechercher : <strong>entre luxe discret,<br \/>\ndesign futuriste et vue imprenable<\/strong>. \u00c0 l\u2019int\u00e9rieur, les<br \/>\nappartements sont pens\u00e9s comme des cocons sophistiqu\u00e9s, avec des<br \/>\nprestations haut de gamme : domotique int\u00e9gr\u00e9e, mat\u00e9riaux durables,<br \/>\nfinitions sur-mesure\u2026 <strong>Rien n\u2019est laiss\u00e9 au<br \/>\nhasard<\/strong>.<\/p>\n<p>Mais au-del\u00e0 de l\u2019esth\u00e9tique, c\u2019est un vrai retour aux sources<br \/>\npour le pilote, qui reste tr\u00e8s attach\u00e9 \u00e0 Monaco. Ce projet<br \/>\nimmobilier confirme <strong>son d\u00e9sir de s\u2019enraciner dans une ville<br \/>\nqui lui a tout donn\u00e9<\/strong> \u2014 et \u00e0 laquelle il rend bien. Un<br \/>\nvirage r\u00e9ussi, sans le moindre d\u00e9rapage.<\/p>\n","protected":false},"excerpt":{"rendered":"\u00c0 27 ans, Charles Leclerc continue de tracer sa route \u00e0 grande vitesse\u2026 y compris en dehors des&hellip;\n","protected":false},"author":2,"featured_media":126393,"comment_status":"","ping_status":"","sticky":false,"template":"","format":"standard","meta":{"footnotes":""},"categories":[1359],"tags":[548,58,59,1011,27,973],"class_list":{"0":"post-126392","1":"post","2":"type-post","3":"status-publish","4":"format-standard","5":"has-post-thumbnail","7":"category-people","8":"tag-article-simple","9":"tag-divertissement","10":"tag-entertainment","11":"tag-fr","12":"tag-france","13":"tag-people"},"share_on_mastodon":{"url":"https:\/\/pubeurope.com\/@fr\/114567225298488405","error":""},"_links":{"self":[{"href":"https:\/\/www.europesays.com\/fr\/wp-json\/wp\/v2\/posts\/126392","targetHints":{"allow":["GET"]}}],"collection":[{"href":"https:\/\/www.europesays.com\/fr\/wp-json\/wp\/v2\/posts"}],"about":[{"href":"https:\/\/www.europesays.com\/fr\/wp-json\/wp\/v2\/types\/post"}],"author":[{"embeddable":true,"href":"https:\/\/www.europesays.com\/fr\/wp-json\/wp\/v2\/users\/2"}],"replies":[{"embeddable":true,"href":"https:\/\/www.europesays.com\/fr\/wp-json\/wp\/v2\/comments?post=126392"}],"version-history":[{"count":0,"href":"https:\/\/www.europesays.com\/fr\/wp-json\/wp\/v2\/posts\/126392\/revisions"}],"wp:featuredmedia":[{"embeddable":true,"href":"https:\/\/www.europesays.com\/fr\/wp-json\/wp\/v2\/media\/126393"}],"wp:attachment":[{"href":"https:\/\/www.europesays.com\/fr\/wp-json\/wp\/v2\/media?parent=126392"}],"wp:term":[{"taxonomy":"category","embeddable":true,"href":"https:\/\/www.europesays.com\/fr\/wp-json\/wp\/v2\/categories?post=126392"},{"taxonomy":"post_tag","embeddable":true,"href":"https:\/\/www.europesays.com\/fr\/wp-json\/wp\/v2\/tags?post=126392"}],"curies":[{"name":"wp","href":"https:\/\/api.w.org\/{rel}","templated":true}]}}