{"id":126398,"date":"2025-05-25T07:13:08","date_gmt":"2025-05-25T07:13:08","guid":{"rendered":"https:\/\/www.europesays.com\/fr\/126398\/"},"modified":"2025-05-25T07:13:08","modified_gmt":"2025-05-25T07:13:08","slug":"cela-me-mortifie-dans-quelle-epoque-colere-rentree-de-lea-salame-qui-sexcuse-apres-le-scandale-thierry-ardisson","status":"publish","type":"post","link":"https:\/\/www.europesays.com\/fr\/126398\/","title":{"rendered":"\u00ab\u00a0Cela me mortifie\u00a0\u00bb : dans Quelle \u00e9poque, col\u00e8re rentr\u00e9e de L\u00e9a Salam\u00e9 qui s\u2019excuse apr\u00e8s le scandale Thierry Ardisson"},"content":{"rendered":"<p>Apr\u00e8s une semaine de repos forc\u00e9 suite \u00e0 la diffusion de<br \/>\nl&rsquo;Eurovision sur France 2 le samedi 17 mai 2025. <strong>L\u00e9a Salam\u00e9<br \/>\n\u00e9tait enfin de retour<\/strong> aux commandes de l&rsquo;\u00e9mission <a href=\"https:\/\/www.telestar.fr\/tag\/quelle-epoque\" target=\"_blank\" rel=\"noopener\">Quelle \u00e9poque !<\/a> le<br \/>\nsamedi 24 mai 2025. Le talk-show de l&rsquo;animatrice \u00e9tait une nouvelle<br \/>\nfois programm\u00e9 en deuxi\u00e8me partie de soir\u00e9e. Juste apr\u00e8s la grande<br \/>\nfinale de la Coupe de France remport\u00e9e par le PSG contre le Stade<br \/>\nde Reims.<\/p>\n<p>Ce jour-l\u00e0, L\u00e9a Salam\u00e9 a ouvert son \u00e9mission en revenant sur la<br \/>\ncontroverse suscit\u00e9e par les propos de <a href=\"https:\/\/www.closermag.fr\/people\/quand-lea-salame-thierry-ardisson-fait-une-pirouette-apres-son-tolle-entre-gaza-et-auschwitz-3544623\" target=\"_blank\" rel=\"noopener\"><br \/>\nThierry Ardisson<\/a> deux semaines plus t\u00f4t. Pour rappel, l&rsquo;ancien<br \/>\nanimateur de C8 avait <strong>compar\u00e9 Gaza \u00e0 Auschwitz<\/strong> sur<br \/>\nle plateau de Quelle \u00e9poque !. Les paroles de celui que l&rsquo;on<br \/>\nsurnomme \u00ab\u00a0l&rsquo;homme en noir\u00a0\u00bb avait \u00e9t\u00e9 fortement critiqu\u00e9es.<br \/>\nFor\u00e7ant ainsi le compagnon d&rsquo;<a href=\"https:\/\/www.closermag.fr\/people\/valerie-lemercier-tacle-audrey-crespo-mara-sur-son-physique-dans-sept-a-huit-et-ne-sen-rend-meme-pas-compte-3534896\" target=\"_blank\" rel=\"noopener\">Audrey<br \/>\nCrespo-Mara<\/a> \u00e0 pr\u00e9senter ses excuses.<\/p>\n<p>L\u00e9a Salam\u00e9 : \u00ab\u00a0Je rejette toute banalisation de l&rsquo;abomination<br \/>\nultime que fut la Shoah\u00a0\u00bb<\/p>\n<p>La Ligue internationale contre le racisme et l&rsquo;antis\u00e9mitisme<br \/>\n(Licra) et le Conseil repr\u00e9sentatif des institutions juives de<br \/>\nFrance (Crif) avaient d&rsquo;ailleurs condamn\u00e9 les propos de Thierry<br \/>\nArdisson. Samedi 24 mai 2025, ce fut donc au tour de L\u00e9a Salam\u00e9 de<br \/>\npr\u00e9senter ses excuses aux t\u00e9l\u00e9spectateurs. \u00ab\u00a0<strong>Je sais que<br \/>\ncette s\u00e9quence a choqu\u00e9<\/strong>, je sais qu&rsquo;elle a bless\u00e9 des<br \/>\ngens\u00a0\u00bb, a-t-elle ainsi d\u00e9but\u00e9.<\/p>\n<p>\u00ab\u00a0Cela me mortifie parce que je rejette toute banalisation de<br \/>\nl&rsquo;abomination ultime que fut la Shoah. Je n&rsquo;ai cess\u00e9 ici<br \/>\net dans tout mon parcours de journaliste de <strong>rappeler le mal<br \/>\nabsolu que fut le g\u00e9nocide nazi,<\/strong> et de faire t\u00e9moigner les<br \/>\nderniers rescap\u00e9s\u00a0\u00bb, a ensuite ajout\u00e9 L\u00e9a Salam\u00e9. Avant de<br \/>\nrevenir sur sa propre histoire familiale.<\/p>\n<blockquote class=\"twitter-tweet\"><p><a class=\"twitter-link\" rel=\"noindex, nofollow noopener\" href=\"https:\/\/twitter.com\/QuelleEpoqueOff\/status\/1926402414644482170\" target=\"_blank\"><\/p><\/blockquote>\n<p>Thierry Ardisson : \u00ab\u00a0Il y a toujours<br \/>\nquelqu&rsquo;un de\u00a0France T\u00e9l\u00e9visions\u00a0qui est l\u00e0 et personne<br \/>\nn&rsquo;a dit &lsquo;coupez \u00e7a'\u00a0\u00bb<\/p>\n<p>\u00ab\u00a0Tout ce que je suis, mes origines, l&rsquo;histoire de ma<br \/>\nfamille. Du g\u00e9nocide arm\u00e9nien dans ma famille maternelle aux<br \/>\nguerres du Proche-Orient de mon enfance. (&#8230;) <strong>Je me suis<br \/>\nbattue contre les haines entre les peuples et entre les<br \/>\nreligions<\/strong>. Je continuerai toute ma vie \u00e0 essayer<br \/>\nde faire entendre une voix de paix et d&rsquo;apaisement, c&rsquo;est mon<br \/>\ncombat\u00a0\u00bb, a ainsi conclu L\u00e9a Salam\u00e9.<\/p>\n<p>Pour rappel, Thierry Ardisson s&rsquo;\u00e9tait montr\u00e9 assez dur envers<br \/>\nL\u00e9a Salam\u00e9 et France T\u00e9l\u00e9visions suite \u00e0 cette pol\u00e9mique. \u00ab\u00a0Il y<br \/>\na toujours quelqu&rsquo;un de\u00a0France<br \/>\nT\u00e9l\u00e9visions\u00a0qui est l\u00e0 et personne n&rsquo;a dit &lsquo;coupez<br \/>\n\u00e7a&rsquo;. Je me suis r\u00e9veill\u00e9 le lendemain et <strong>j&rsquo;ai vu<br \/>\nque\u00a0Twitter br\u00fblait.<\/strong> J&rsquo;ai d\u00e9cid\u00e9 de pr\u00e9senter des<br \/>\nexcuses parce qu&rsquo;effectivement, quoi qu&rsquo;on pense de la situation \u00e0<br \/>\nGaza, ce n&rsquo;est pas quand m\u00eame pas Auschwitz, c&rsquo;est vrai\u00a0\u00bb,<br \/>\navait-il ainsi d\u00e9clar\u00e9 sur les antennes de RMC et RMC Story.<\/p>\n<p><script async src=\"https:\/\/platform.twitter.com\/widgets.js\" charset=\"utf-8\"><\/script><\/p>\n","protected":false},"excerpt":{"rendered":"Apr\u00e8s une semaine de repos forc\u00e9 suite \u00e0 la diffusion de l&rsquo;Eurovision sur France 2 le samedi 17&hellip;\n","protected":false},"author":2,"featured_media":126399,"comment_status":"","ping_status":"","sticky":false,"template":"","format":"standard","meta":{"footnotes":""},"categories":[1356],"tags":[548,58,59,1011,27,3806,252,1364],"class_list":{"0":"post-126398","1":"post","2":"type-post","3":"status-publish","4":"format-standard","5":"has-post-thumbnail","7":"category-television","8":"tag-article-simple","9":"tag-divertissement","10":"tag-entertainment","11":"tag-fr","12":"tag-france","13":"tag-lea-salame","14":"tag-television","15":"tag-tv"},"share_on_mastodon":{"url":"https:\/\/pubeurope.com\/@fr\/114567237392248710","error":""},"_links":{"self":[{"href":"https:\/\/www.europesays.com\/fr\/wp-json\/wp\/v2\/posts\/126398","targetHints":{"allow":["GET"]}}],"collection":[{"href":"https:\/\/www.europesays.com\/fr\/wp-json\/wp\/v2\/posts"}],"about":[{"href":"https:\/\/www.europesays.com\/fr\/wp-json\/wp\/v2\/types\/post"}],"author":[{"embeddable":true,"href":"https:\/\/www.europesays.com\/fr\/wp-json\/wp\/v2\/users\/2"}],"replies":[{"embeddable":true,"href":"https:\/\/www.europesays.com\/fr\/wp-json\/wp\/v2\/comments?post=126398"}],"version-history":[{"count":0,"href":"https:\/\/www.europesays.com\/fr\/wp-json\/wp\/v2\/posts\/126398\/revisions"}],"wp:featuredmedia":[{"embeddable":true,"href":"https:\/\/www.europesays.com\/fr\/wp-json\/wp\/v2\/media\/126399"}],"wp:attachment":[{"href":"https:\/\/www.europesays.com\/fr\/wp-json\/wp\/v2\/media?parent=126398"}],"wp:term":[{"taxonomy":"category","embeddable":true,"href":"https:\/\/www.europesays.com\/fr\/wp-json\/wp\/v2\/categories?post=126398"},{"taxonomy":"post_tag","embeddable":true,"href":"https:\/\/www.europesays.com\/fr\/wp-json\/wp\/v2\/tags?post=126398"}],"curies":[{"name":"wp","href":"https:\/\/api.w.org\/{rel}","templated":true}]}}