{"id":126420,"date":"2025-05-25T07:24:10","date_gmt":"2025-05-25T07:24:10","guid":{"rendered":"https:\/\/www.europesays.com\/fr\/126420\/"},"modified":"2025-05-25T07:24:10","modified_gmt":"2025-05-25T07:24:10","slug":"roche-la-moliere-six-ans-apres-sa-desacralisation-quel-avenir-pour-leglise-de-la-cote-durieux-2","status":"publish","type":"post","link":"https:\/\/www.europesays.com\/fr\/126420\/","title":{"rendered":"Roche-la-Moli\u00e8re. Six ans apr\u00e8s sa d\u00e9sacralisation, quel avenir pour l\u2019\u00e9glise de la C\u00f4te-Durieux\u00a0?"},"content":{"rendered":"<blockquote class=\"question\"><p>Comment est n\u00e9 ce projet\u00a0?<\/p><\/blockquote>\n<p>\u00ab\u00a0Notre projet \u00e9tait au d\u00e9part \u00e0 Saint-Etienne. On cherchait un lieu pour faire un centre d\u2019art et du logement, on avait trouv\u00e9 la salle Jeanne-d\u2019Arc qui \u00e9tait ferm\u00e9e, mais \u00e7a n\u2019a pas abouti. \u00c7a a \u00e9t\u00e9 une grosse d\u00e9ception, et en plus \u00e7a nous a co\u00fbt\u00e9 de l\u2019argent.<\/p>\n<p>C\u2019est par hasard qu\u2019on a vu dans le journal que cette chapelle avait \u00e9t\u00e9 vendue \u00e0 un promoteur, qui abandonnait car il ne pouvait obtenir de permis de construire tout de suite \u00e0 cause de l\u2019assainissement. <a href=\"https:\/\/www.leprogres.fr\/societe\/2020\/11\/16\/une-souscription-exceptionnelle-covid-lancee-par-la-paroisse\" target=\"_blank\" rel=\"noopener\">Le promoteur s\u2019est d\u00e9sist\u00e9<\/a> , on a rachet\u00e9 la chapelle \u00e0 l\u2019\u00e9v\u00each\u00e9.<\/p>\n<p><strong>&gt;&gt; <a href=\"https:\/\/www.leprogres.fr\/loire-42-edition-ondaine\/2019\/07\/08\/la-derniere-messe-en-l-eglise-de-la-cote-durieux-a-ete-celebree-dimanche\" target=\"_blank\" rel=\"noopener\">Le 7\u00a0juillet 2019, l\u2019\u00e9glise de la C\u00f4te-Durieux \u00e9tait d\u00e9sacralis\u00e9e<\/a><\/strong><\/p>\n<p>Deux ans d\u2019attente qui ont permis de finaliser le projet<\/p>\n<p>On n\u2019\u00e9tait pas press\u00e9, on savait qu\u2019il fallait attendre deux ans et qu\u2019on n\u2019aurait pas le permis avant. Ce temps nous a permis de finaliser notre projet. L\u2019id\u00e9e de d\u00e9part \u00e9tait d\u2019acheter en plateaux pour faire des appartements. On s\u2019est dit finalement qu\u2019on n\u2019\u00e9tait&#8230;<\/p>\n","protected":false},"excerpt":{"rendered":"Comment est n\u00e9 ce projet\u00a0? \u00ab\u00a0Notre projet \u00e9tait au d\u00e9part \u00e0 Saint-Etienne. On cherchait un lieu pour faire&hellip;\n","protected":false},"author":2,"featured_media":126185,"comment_status":"","ping_status":"","sticky":false,"template":"","format":"standard","meta":{"footnotes":""},"categories":[9653],"tags":[1111,11,2430,1687,7539,1777,674,2271,1011,27,12,25,12490,12491,4001,104],"class_list":{"0":"post-126420","1":"post","2":"type-post","3":"status-publish","4":"format-standard","5":"has-post-thumbnail","7":"category-saint-etienne","8":"tag-actu","9":"tag-actualites","10":"tag-auvergne-rhone-alpes","11":"tag-culture-loisirs","12":"tag-edition-loire-sud","13":"tag-eu","14":"tag-europe","15":"tag-exposition-arts-plastiques","16":"tag-fr","17":"tag-france","18":"tag-news","19":"tag-republique-francaise","20":"tag-roche-la-moliere","21":"tag-roche-la-moliere-bassin","22":"tag-saint-etienne","23":"tag-societe"},"share_on_mastodon":{"url":"https:\/\/pubeurope.com\/@fr\/114567280480182496","error":""},"_links":{"self":[{"href":"https:\/\/www.europesays.com\/fr\/wp-json\/wp\/v2\/posts\/126420","targetHints":{"allow":["GET"]}}],"collection":[{"href":"https:\/\/www.europesays.com\/fr\/wp-json\/wp\/v2\/posts"}],"about":[{"href":"https:\/\/www.europesays.com\/fr\/wp-json\/wp\/v2\/types\/post"}],"author":[{"embeddable":true,"href":"https:\/\/www.europesays.com\/fr\/wp-json\/wp\/v2\/users\/2"}],"replies":[{"embeddable":true,"href":"https:\/\/www.europesays.com\/fr\/wp-json\/wp\/v2\/comments?post=126420"}],"version-history":[{"count":0,"href":"https:\/\/www.europesays.com\/fr\/wp-json\/wp\/v2\/posts\/126420\/revisions"}],"wp:featuredmedia":[{"embeddable":true,"href":"https:\/\/www.europesays.com\/fr\/wp-json\/wp\/v2\/media\/126185"}],"wp:attachment":[{"href":"https:\/\/www.europesays.com\/fr\/wp-json\/wp\/v2\/media?parent=126420"}],"wp:term":[{"taxonomy":"category","embeddable":true,"href":"https:\/\/www.europesays.com\/fr\/wp-json\/wp\/v2\/categories?post=126420"},{"taxonomy":"post_tag","embeddable":true,"href":"https:\/\/www.europesays.com\/fr\/wp-json\/wp\/v2\/tags?post=126420"}],"curies":[{"name":"wp","href":"https:\/\/api.w.org\/{rel}","templated":true}]}}