{"id":126425,"date":"2025-05-25T07:27:07","date_gmt":"2025-05-25T07:27:07","guid":{"rendered":"https:\/\/www.europesays.com\/fr\/126425\/"},"modified":"2025-05-25T07:27:07","modified_gmt":"2025-05-25T07:27:07","slug":"bataille-a-trois-pour-la-tete-du-parti-avant-le-congres-de-nancy","status":"publish","type":"post","link":"https:\/\/www.europesays.com\/fr\/126425\/","title":{"rendered":"bataille \u00e0 trois pour la t\u00eate du parti avant le congr\u00e8s de Nancy"},"content":{"rendered":"<p>Comme toujours, <a href=\"https:\/\/www.latribune.fr\/la-tribune-dimanche\/opinions\/opinion-il-faut-en-appeler-au-civisme-fiscal-des-plus-riches-par-olivier-faure-premier-secretaire-du-parti-socialiste-1020148.html\" rel=\"nofollow noopener\" target=\"_blank\">Olivier Faure<\/a> se dit \u00ab\u202fserein\u202f\u00bb, c&rsquo;est son terme. Voil\u00e0 plus de sept ann\u00e9es que le d\u00e9put\u00e9 de Seine-et-Marne dirige le <a href=\"https:\/\/www.latribune.fr\/economie\/france\/budget-le-parti-socialiste-offre-un-sursis-a-francois-bayrou-1017457.html\" rel=\"nofollow noopener\" target=\"_blank\">Parti socialiste<\/a> mais il ne semble pas vraiment inquiet de voir son poste remis en jeu. Mardi, les militants sont appel\u00e9s \u00e0 voter sur les textes d&rsquo;orientation des diff\u00e9rents courants et s\u00e9lectionneront ainsi deux des trois pr\u00e9tendants en lice parmi lesquels l&rsquo;actuel premier secr\u00e9taire, le maire de Rouen, <a href=\"https:\/\/www.latribune.fr\/la-tribune-dimanche\/opinions\/opinion-renforcer-les-territoires-c-est-renforcer-la-nation-par-nicolas-mayer-rossignol-maire-ps-de-rouen-1020698.html\" rel=\"nofollow noopener\" target=\"_blank\">Nicolas Mayer-Rossignol<\/a>, et le chef de file des d\u00e9put\u00e9s socialistes, <a href=\"https:\/\/www.latribune.fr\/la-tribune-dimanche\/opinions\/opinion-demarchandisons-la-vie-par-boris-vallaud-president-du-groupe-ps-a-l-assemblee-nationale-1024160.html\" rel=\"nofollow noopener\" target=\"_blank\">Boris Vallaud<\/a>. \u00ab\u202fJe ne sais pas ce qu&rsquo;il en sera, mais je n&rsquo;ai pas l&rsquo;impression qu&rsquo;on ait vraiment compris l&rsquo;alternative pos\u00e9e par d&rsquo;autres\u202f\u00bb, souffle le chef du parti.<\/p>\n<p>Pour la premi\u00e8re fois, <a href=\"https:\/\/www.latribune.fr\/idees\/tribunes\/opinion-pourquoi-nous-jeunes-socialistes-soutenons-boris-vallaud-1023409.html\" rel=\"nofollow noopener\" target=\"_blank\">Boris Vallaud<\/a> avait d\u00e9cid\u00e9 d&rsquo;\u00eatre candidat. Le d\u00e9put\u00e9 des Landes n&rsquo;a que de faibles chances de se qualifier mais ne regrette rien\u2009: \u00ab\u202f\u00c7a a \u00e9t\u00e9 une campagne apais\u00e9e et respectueuse. On a \u00e9vit\u00e9 le bloc contre bloc en \u00e9tant trois.\u202f\u00bb Soit il arrive \u00e0 cr\u00e9er la surprise en restant dans la course, soit le chef de file des d\u00e9put\u00e9s PS devra se contenter du r\u00f4le de faiseur de roi et l&rsquo;affiche sera la m\u00eame que lors du dernier congr\u00e8s de Marseille, o\u00f9 les accusations de triche avaient donn\u00e9 \u00e0 voir un spectacle peu reluisant. Et si le sc\u00e9nario se reproduisait \u2009? \u00ab\u202fJe me m\u00e9fie de leur capacit\u00e9 \u00e0 d\u00e9rouler un r\u00e9cit qui leur soit le plus favorable possible\u202f\u00bb, soupire <a href=\"https:\/\/www.latribune.fr\/economie\/france\/sans-adoption-d-un-budget-olivier-faure-predit-le-chaos-en-france-1015298.html\" rel=\"nofollow noopener\" target=\"_blank\">Olivier Faure<\/a>.<\/p>\n","protected":false},"excerpt":{"rendered":"Comme toujours, Olivier Faure se dit \u00ab\u202fserein\u202f\u00bb, c&rsquo;est son terme. Voil\u00e0 plus de sept ann\u00e9es que le d\u00e9put\u00e9&hellip;\n","protected":false},"author":2,"featured_media":126426,"comment_status":"","ping_status":"","sticky":false,"template":"","format":"standard","meta":{"footnotes":""},"categories":[9635],"tags":[17,1111,11,3917,24997,4394,1777,674,1011,27,775,3102,1702,12,13695,471,25,17643,1100],"class_list":{"0":"post-126425","1":"post","2":"type-post","3":"status-publish","4":"format-standard","5":"has-post-thumbnail","7":"category-nancy","8":"tag-17","9":"tag-actu","10":"tag-actualites","11":"tag-avant","12":"tag-bataille","13":"tag-congres","14":"tag-eu","15":"tag-europe","16":"tag-fr","17":"tag-france","18":"tag-grand-est","19":"tag-la-tribune-dimanche","20":"tag-nancy","21":"tag-news","22":"tag-parti","23":"tag-pour","24":"tag-republique-francaise","25":"tag-tete","26":"tag-trois"},"share_on_mastodon":{"url":"https:\/\/pubeurope.com\/@fr\/114567292045925039","error":""},"_links":{"self":[{"href":"https:\/\/www.europesays.com\/fr\/wp-json\/wp\/v2\/posts\/126425","targetHints":{"allow":["GET"]}}],"collection":[{"href":"https:\/\/www.europesays.com\/fr\/wp-json\/wp\/v2\/posts"}],"about":[{"href":"https:\/\/www.europesays.com\/fr\/wp-json\/wp\/v2\/types\/post"}],"author":[{"embeddable":true,"href":"https:\/\/www.europesays.com\/fr\/wp-json\/wp\/v2\/users\/2"}],"replies":[{"embeddable":true,"href":"https:\/\/www.europesays.com\/fr\/wp-json\/wp\/v2\/comments?post=126425"}],"version-history":[{"count":0,"href":"https:\/\/www.europesays.com\/fr\/wp-json\/wp\/v2\/posts\/126425\/revisions"}],"wp:featuredmedia":[{"embeddable":true,"href":"https:\/\/www.europesays.com\/fr\/wp-json\/wp\/v2\/media\/126426"}],"wp:attachment":[{"href":"https:\/\/www.europesays.com\/fr\/wp-json\/wp\/v2\/media?parent=126425"}],"wp:term":[{"taxonomy":"category","embeddable":true,"href":"https:\/\/www.europesays.com\/fr\/wp-json\/wp\/v2\/categories?post=126425"},{"taxonomy":"post_tag","embeddable":true,"href":"https:\/\/www.europesays.com\/fr\/wp-json\/wp\/v2\/tags?post=126425"}],"curies":[{"name":"wp","href":"https:\/\/api.w.org\/{rel}","templated":true}]}}