{"id":126435,"date":"2025-05-25T07:35:18","date_gmt":"2025-05-25T07:35:18","guid":{"rendered":"https:\/\/www.europesays.com\/fr\/126435\/"},"modified":"2025-05-25T07:35:18","modified_gmt":"2025-05-25T07:35:18","slug":"les-piollistes-se-vautrent-dans-lhypocrisie-et-loutrance","status":"publish","type":"post","link":"https:\/\/www.europesays.com\/fr\/126435\/","title":{"rendered":"LES PIOLLISTES SE VAUTRENT DANS L&rsquo;HYPOCRISIE ET L&rsquo;OUTRANCE"},"content":{"rendered":"<p>Posted On 25 mai 2025 <\/p>\n<p style=\"text-align: justify;\">Alors que le paysage se clarifie petit \u00e0 petit et que <a href=\"https:\/\/grenoble-le-changement.fr\/2025\/05\/24\/sondage-carignon-en-tete-de-lopposition-les-grenoblois-veulent-le-changement\/\" target=\"_blank\" rel=\"noopener\">le sondage IPSOS pour Grenoble Mag \/ Alpes 1<\/a> paru cette semaine fait l&rsquo;effet d&rsquo;un gros pav\u00e9 dans la mare, dans le camp des Verts\/LFI sortants c&rsquo;est la panique \u00e0 bord qui entraine une avalanche d&rsquo;hypocrisie et d&rsquo;outrances.<\/p>\n<p>ISABELLE PETERS (PCF) VEUT L&rsquo;UNION EN \u00ab\u00a0URGENCE\u00a0\u00bb<\/p>\n<p style=\"text-align: justify;\">Les plus alarmistes sont ainsi le PCF qui, <a href=\"https:\/\/grenoble-le-changement.fr\/2025\/02\/18\/a-gauche-panique-a-bord-pour-les-elections-municipales\/\" target=\"_blank\" rel=\"noopener\">apr\u00e8s un premier tract du m\u00eame ton<\/a> il y a quelques mois, r\u00e9cidivent avec une distribution d&rsquo;un 4 pages dans les boites aux lettres de plusieurs quartiers. En premi\u00e8re page : Isabelle Peters, la 1\u00e8re adjointe communiste et \u00ab\u00a0cheffe de file\u00a0\u00bb du parti pour les municipales \u00e0 Grenoble qui livre un plaidoyer pour \u00ab\u00a0l&rsquo;union\u00a0\u00bb de la gauche en vue de l&rsquo;\u00e9ch\u00e9ance, pour laquelle elle estime qu&rsquo;il y a \u00ab\u00a0urgence\u00a0\u00bb.<\/p>\n<p><a href=\"https:\/\/i0.wp.com\/grenoble-le-changement.fr\/wp-content\/uploads\/2025\/05\/pcf-tract-peters.png?ssl=1\" rel=\"lightbox[82181] noopener\" target=\"_blank\"><img loading=\"lazy\" decoding=\"async\" class=\"wp-image-82205 aligncenter jetpack-lazy-image\" src=\"https:\/\/i0.wp.com\/grenoble-le-changement.fr\/wp-content\/uploads\/2025\/05\/pcf-tract-peters.png?resize=485%2C498&amp;ssl=1\" alt=\"\" width=\"485\" height=\"498\" data-recalc-dims=\"1\" data-lazy-src=\"https:\/\/www.europesays.com\/fr\/wp-content\/uploads\/2025\/05\/pcf-tract-peters.png\" \/><\/a><\/p>\n<p>LES COMMUNISTES D\u00c9J\u00c0 RANG\u00c9S DERRI\u00c8RE RUFFIN POUR SAUVER LEURS POSTES<\/p>\n<p style=\"text-align: justify;\">Pour les communistes qui n&rsquo;ont aucun poids \u00e9lectoral propre et d\u00e9pendent d&rsquo;alliances politiciennes, on comprend qu&rsquo;il y a surtout urgence \u00e0 sauver leurs postes \u00e0 la ville et \u00e0 la m\u00e9tropole. D&rsquo;o\u00f9 cette \u00e9ni\u00e8me appel. D&rsquo;o\u00f9 aussi le fait qu&rsquo;ils sont d&rsquo;ores et <a href=\"https:\/\/grenoble-le-changement.fr\/2025\/02\/02\/laurence-ruffin-margot-belair-et-lucille-lheureux-veulent-succeder-a-piolle\/\" target=\"_blank\" rel=\"noopener\">d\u00e9j\u00e0 rang\u00e9s derri\u00e8re Laurence Ruffin<\/a>, la candidate pas encore officielle des Verts, qu&rsquo;ils ont d\u00e9j\u00e0 invit\u00e9 pour une conf\u00e9rence il y a plusieurs mois afin de la faire monter en puissance. Il s&rsquo;agit pour eux de tout de suite pr\u00eater all\u00e9geance pour n\u00e9gocier rapidement des places.\u00a0<\/p>\n<p>ILS PR\u00d4NENT CE QU&rsquo;ILS N&rsquo;ONT PAS FAIT<\/p>\n<p style=\"text-align: justify;\">Le tract des communistes est d\u00e9j\u00e0 un pr\u00e9 programme municipal tout \u00e0 fait path\u00e9tique en ce qu&rsquo;il pr\u00f4ne des mesures contraires \u00e0 la politique qu&rsquo;ils ont men\u00e9 aux c\u00f4t\u00e9s des Verts\/LFI depuis 2014. Ainsi on retrouve le traditionnel couplet pour demander <a href=\"https:\/\/grenoble-le-changement.fr\/2024\/09\/25\/gratuite-des-moins-aises-les-contribuables-payent-le-coup-de-comm\/\" target=\"_blank\" rel=\"noopener\">la gratuit\u00e9 des transports en commun<\/a> alors qu&rsquo;ils avaient tous les moyens (pr\u00e9sidence du SMMAG, idylle avec la m\u00e9tro) pour l&rsquo;appliquer de 2014 \u00e0 2020&#8230; mais ont pr\u00e9f\u00e9r\u00e9 \u00e9laborer et voter un PDU (plan de d\u00e9placements) qui pr\u00e9voit une augmentation de la participation des usagers au financement des transports ! Eux-m\u00eames savent que la gratuit\u00e9 est un leurre.<\/p>\n<p><a href=\"https:\/\/i2.wp.com\/grenoble-le-changement.fr\/wp-content\/uploads\/2023\/02\/image_2023-02-09_164808305.png?ssl=1\" rel=\"lightbox[82181] noopener\" target=\"_blank\"><img loading=\"lazy\" decoding=\"async\" class=\" wp-image-58198 jetpack-lazy-image\" src=\"https:\/\/i2.wp.com\/grenoble-le-changement.fr\/wp-content\/uploads\/2023\/02\/image_2023-02-09_164808305.png?resize=441%2C416&amp;ssl=1\" alt=\"\" width=\"441\" height=\"416\" data-recalc-dims=\"1\" data-lazy-src=\"https:\/\/www.europesays.com\/fr\/wp-content\/uploads\/2025\/05\/image_2023-02-09_164808305.png\" \/><\/a>Le PDU impuls\u00e9 par Piolle, Yann Mongaburu et leur majorit\u00e9 rouge\/verte en 2019 pr\u00e9voit que la participation des usagers (achat de tickets et abonnements) couvrirait 31% des co\u00fbts d&rsquo;exploitation du r\u00e9seau en 2030. Mais apr\u00e8s tout pourquoi ne pas continuer \u00e0 prendre les \u00e9lecteurs pour des imb\u00e9ciles en continuant de promettre ce qu&rsquo;ils n&rsquo;ont pas mis en place !<br \/>\nTARTUFFERIE ET CYNISME \u00c0 PLEIN POT<\/p>\n<p style=\"text-align: justify;\">Toute la prose du document est du m\u00eame acabit : d&rsquo;une hypocrisie sans nom eu \u00e9gard \u00e0 leurs actes depuis 12 ans. Ils d\u00e9fendent \u00ab\u00a0un acc\u00e8s renforc\u00e9 aux \u00e9quipements culturels avec tous les partenaires (MC2, MJC&#8230;)\u00a0\u00bb&#8230; apr\u00e8s avoir torpill\u00e9 <a href=\"https:\/\/grenoble-le-changement.fr\/2024\/10\/02\/mjc-premol-la-municipalite-voulait-letrangler-en-silence\/\" target=\"_blank\" rel=\"noopener\">l&rsquo;\u00e9ducation populaire notamment la MJC Pr\u00e9mol<\/a> et baiss\u00e9 la subvention \u00e0 la MC2. Ils \u00ab\u00a0r\u00e9affirment leur engagement : z\u00e9ro fermeture des services publics !\u00a0\u00bb&#8230; apr\u00e8s avoir ferm\u00e9 des piscines, biblioth\u00e8ques au cours du premier mandat et <a href=\"https:\/\/grenoble-le-changement.fr\/2025\/05\/06\/bibliotheques-le-plan-municipal-de-suppression-se-poursuit\/\" target=\"_blank\" rel=\"noopener\">alors qu&rsquo;ils en pr\u00e9parent de nouvelles !<\/a><\/p>\n<p>D\u00c9MOCRATIE CITOYENNE : FAITES CE QU&rsquo;ON DIT..\u00a0<\/p>\n<p style=\"text-align: justify;\">Mais le pire reste sans doute les envol\u00e9es lyriques sur la participation citoyenne. Pour Peters, il faut \u00ab\u00a0une \u00e9quipe municipale qui renouvelle sa pratique de la proximit\u00e9 avec les citoyen-nes\u00a0\u00bb. Les communistes veulent \u00ab\u00a0d\u00e9fendre une nouvelle approche : associer les habitants \u00e0 la mise en oeuvre des politiques publiques\u00a0\u00bb. Avec une proposition incroyablement inventive : \u00ab\u00a0plusieurs projets municipaux devront \u00eatre directement discut\u00e9s avec la population\u00a0\u00bb.<\/p>\n<p>&#8230; PAS CE QU&rsquo;ON A FAIT<\/p>\n<p style=\"text-align: justify;\">Les communistes doivent avoir perdu la honte en m\u00eame temps que leur poids \u00e9lectoral pass\u00e9. Car de telles propositions ne font que souligner tout ce n&rsquo;a pas \u00e9t\u00e9 fait pendant deux mandats, qui ont finalement \u00e9t\u00e9 le th\u00e9\u00e2tre de la mise en place d&rsquo;outils de verrouillage visant \u00e0 emp\u00eacher l&rsquo;expression citoyenne. Isabelle Peters elle-m\u00eame, <a href=\"https:\/\/grenoble-le-changement.fr\/2024\/05\/27\/avenue-de-washington-nouvelle-tentative-de-fake-municipale\/\" target=\"_blank\" rel=\"noopener\">m\u00e9prisant les habitants de l&rsquo;avenue de Washington en les faisant tourner en rond apr\u00e8s avoir promis une concertation<\/a>, a \u00e9t\u00e9 de ces \u00e9lus Piollistes qui ont le plus enterr\u00e9 la participation \u00e0 Grenoble.<\/p>\n<p><a href=\"https:\/\/i2.wp.com\/grenoble-le-changement.fr\/wp-content\/uploads\/2022\/02\/WhatsApp-Image-2022-02-08-at-01.35.01.jpeg?ssl=1\" rel=\"lightbox[82181] noopener\" target=\"_blank\"><img loading=\"lazy\" decoding=\"async\" class=\" wp-image-51532 jetpack-lazy-image\" src=\"https:\/\/i2.wp.com\/grenoble-le-changement.fr\/wp-content\/uploads\/2022\/02\/WhatsApp-Image-2022-02-08-at-01.35.01.jpeg?resize=678%2C375&amp;ssl=1\" alt=\"\" width=\"678\" height=\"375\" data-recalc-dims=\"1\" data-lazy-src=\"https:\/\/www.europesays.com\/fr\/wp-content\/uploads\/2025\/05\/WhatsApp-Image-2022-02-08-at-01.35.01.jpeg\" \/><\/a>Unions de quartier, MJC : l\u00e0 o\u00f9 Annabelle Bretton ( adjointe pr\u00e9pos\u00e9e au verrouillage) passe, le tissu associatif tr\u00e9passe.<br \/>\nPRENDRE LES \u00c9LECTEURS POUR DES IMB\u00c9CILES AVEC LES M\u00caMES PROMESSES<\/p>\n<p style=\"text-align: justify;\">Ils promettent d\u00e9sormais de multiples \u00ab\u00a0processus participatifs\u00a0\u00bb ou encore un \u00e9lu \u00ab\u00a0d\u00e9di\u00e9 \u00e0 la d\u00e9mocratie participative\u00a0\u00bb&#8230; qui existe d\u00e9j\u00e0 en la personne d&rsquo;Annabelle Bretton, <a href=\"https:\/\/grenoble-le-changement.fr\/2025\/03\/31\/comment-la-municipalite-baillonne-la-democratie-locale\/\" target=\"_blank\" rel=\"noopener\">plut\u00f4t pr\u00e9pos\u00e9e au verrouillage de l&rsquo;expression citoyenne<\/a>. D\u00e9j\u00e0 en 2014, la \u00ab\u00a0co-construction\u00a0\u00bb \u00e9tait leur engagement num\u00e9ro 1. Terrible constat d&rsquo;\u00e9chec que de r\u00e9p\u00e9ter les m\u00eames promesses 12 ans apr\u00e8s. Et belle preuve qu&rsquo;ils prennent les \u00e9lecteurs grenoblois pour des idiots amn\u00e9siques.\u00a0<\/p>\n<p>LA PARTICIPATION CITOYENNE DEVRAIT COMMENCER PAR L&rsquo;\u00c9COUTE DES COLLECTIFS<\/p>\n<p style=\"text-align: justify;\">On mesure pourtant en ce moment-m\u00eame \u00e0 quel point on peut croire aux promesses du PCF, alors que l&rsquo;absence de dialogue avec les Grenoblois est tel que <a href=\"https:\/\/grenoble-le-changement.fr\/2025\/05\/20\/la-majorite-municipale-menace-les-collectifs-qui-manifestent\/\" target=\"_blank\" rel=\"noopener\">les collectifs habitants-commer\u00e7ants fleurissent dans tous les quartiers<\/a>. La municipalit\u00e9 a avec eux l&rsquo;occasion de mettre en oeuvre de suite ses engagements de \u00ab\u00a0d\u00e9mocratie citoyenne concr\u00e8te\u00a0\u00bb plut\u00f4t que d&rsquo;\u00e0 nouveau faire des discours non suivis d&rsquo;effets en vue des \u00e9lections.\u00a0\u00a0<\/p>\n<p><a href=\"https:\/\/i2.wp.com\/grenoble-le-changement.fr\/wp-content\/uploads\/2025\/05\/Capture-de\u0301cran-2025-05-19-a\u0300-19.26.40.png?ssl=1\" rel=\"lightbox[82181] noopener\" target=\"_blank\"><img loading=\"lazy\" decoding=\"async\" class=\" wp-image-82061 jetpack-lazy-image\" src=\"https:\/\/i2.wp.com\/grenoble-le-changement.fr\/wp-content\/uploads\/2025\/05\/Capture-de\u0301cran-2025-05-19-a\u0300-19.26.40.png?resize=678%2C391&amp;ssl=1\" alt=\"\" width=\"678\" height=\"391\" data-recalc-dims=\"1\" data-lazy-src=\"https:\/\/i2.wp.com\/grenoble-le-changement.fr\/wp-content\/uploads\/2025\/05\/Capture-de\u0301cran-2025-05-19-a\u0300-19.26.40.png?resize=678%2C391&amp;is-pending-load=1#038;ssl=1\" \/><\/a>La manifestation des habitants et commer\u00e7ants lundi devant le conseil municipal.<br \/>\nLES PIOLLISTES FONT LE CHOIX DE L&rsquo;OUTRANCE<\/p>\n<p style=\"text-align: justify;\">Mais elle pr\u00e9f\u00e8re les diaboliser en usant de toutes les outrances possibles. En d\u00e9but de semaine, suite \u00e0 la manifestation devant le conseil, que n&rsquo;a t&rsquo;on entendu de la part de Piolle et de ses \u00e9lus pour d\u00e9peindre les collectifs pacifiques comme de dangereux factieux. Ils en ont remis une couche avant-hier avec un <a target=\"_blank\" href=\"https:\/\/www.grenobleencommun.fr\/communique-de-presse-du-groupe-gec-du-23-mai-2025-2\/\" rel=\"noopener\">communiqu\u00e9 du groupe Verts\/LFI<\/a> qui parle de \u00ab\u00a0trumpisation carignonesque\u00a0\u00bb (!) et de \u00ab\u00a0manipulation citoyenne\u00a0\u00bb. Citant nomm\u00e9ment les soutiens d&rsquo;Alain Carignon pr\u00e9sidents d&rsquo;unions de quartier pour tenter de d\u00e9cr\u00e9dibiliser leur engagement.\u00a0<\/p>\n<p>PANIQUE \u00c0 L&rsquo;APPROCHE DES \u00c9LECTIONS<\/p>\n<p style=\"text-align: justify;\">Voil\u00e0 la conception piollesque de la d\u00e9mocratie participative : elle n&rsquo;existe que si vous \u00eates d&rsquo;accord avec eux. Si vous avez le malheur de d\u00e9fendre une autre vision, votre avis ne compte plus : vous devenez un \u00ab\u00a0affid\u00e9\u00a0\u00bb, entretenant un \u00ab\u00a0climat naus\u00e9abond\u00a0\u00bb. Une telle d\u00e9mesure dans les propos, simplement pour ne pas ouvrir le dialogue avec des habitants qui demandent \u00e0 \u00eatre associ\u00e9s aux projets, t\u00e9moigne bien de l&rsquo;\u00e9tat d&rsquo;affolement de la municipalit\u00e9 sortante qui n&rsquo;a plus rien \u00e0 r\u00e9pondre sur le fond.<\/p>\n<p style=\"text-align: justify;\">Et on peut comprendre cet affolement, alors <a href=\"https:\/\/grenoble-le-changement.fr\/2025\/05\/24\/sondage-carignon-en-tete-de-lopposition-les-grenoblois-veulent-le-changement\/\" target=\"_blank\" rel=\"noopener\">que le sondage IPSOS paru cette semaine confirme qu&rsquo;une grande majorit\u00e9 de grenoblois veulent un changement politique fort pour les ann\u00e9es \u00e0 venir<\/a>. Ce ne sont pas les promesses de d\u00e9mocratie participative non appliqu\u00e9es en 12 ans et la strat\u00e9gie de la diabolisation et de la division en insultant les Grenoblois qui pensent diff\u00e9remment qui risquent d&rsquo;arranger le sort des Verts\/LFI en bout de course. Et c&rsquo;est tant mieux : il est temps de tourner la page.<\/p>\n","protected":false},"excerpt":{"rendered":"Posted On 25 mai 2025 Alors que le paysage se clarifie petit \u00e0 petit et que le sondage&hellip;\n","protected":false},"author":2,"featured_media":126436,"comment_status":"","ping_status":"","sticky":false,"template":"","format":"standard","meta":{"footnotes":""},"categories":[9566],"tags":[1111,11,9601,2430,9607,1777,674,1011,27,2731,15883,12,25],"class_list":{"0":"post-126435","1":"post","2":"type-post","3":"status-publish","4":"format-standard","5":"has-post-thumbnail","7":"category-grenoble","8":"tag-actu","9":"tag-actualites","10":"tag-alain-carignon","11":"tag-auvergne-rhone-alpes","12":"tag-eric-piolle","13":"tag-eu","14":"tag-europe","15":"tag-fr","16":"tag-france","17":"tag-grenoble","18":"tag-isabelle-peters","19":"tag-news","20":"tag-republique-francaise"},"share_on_mastodon":{"url":"https:\/\/pubeurope.com\/@fr\/114567324054367453","error":""},"_links":{"self":[{"href":"https:\/\/www.europesays.com\/fr\/wp-json\/wp\/v2\/posts\/126435","targetHints":{"allow":["GET"]}}],"collection":[{"href":"https:\/\/www.europesays.com\/fr\/wp-json\/wp\/v2\/posts"}],"about":[{"href":"https:\/\/www.europesays.com\/fr\/wp-json\/wp\/v2\/types\/post"}],"author":[{"embeddable":true,"href":"https:\/\/www.europesays.com\/fr\/wp-json\/wp\/v2\/users\/2"}],"replies":[{"embeddable":true,"href":"https:\/\/www.europesays.com\/fr\/wp-json\/wp\/v2\/comments?post=126435"}],"version-history":[{"count":0,"href":"https:\/\/www.europesays.com\/fr\/wp-json\/wp\/v2\/posts\/126435\/revisions"}],"wp:featuredmedia":[{"embeddable":true,"href":"https:\/\/www.europesays.com\/fr\/wp-json\/wp\/v2\/media\/126436"}],"wp:attachment":[{"href":"https:\/\/www.europesays.com\/fr\/wp-json\/wp\/v2\/media?parent=126435"}],"wp:term":[{"taxonomy":"category","embeddable":true,"href":"https:\/\/www.europesays.com\/fr\/wp-json\/wp\/v2\/categories?post=126435"},{"taxonomy":"post_tag","embeddable":true,"href":"https:\/\/www.europesays.com\/fr\/wp-json\/wp\/v2\/tags?post=126435"}],"curies":[{"name":"wp","href":"https:\/\/api.w.org\/{rel}","templated":true}]}}