{"id":126441,"date":"2025-05-25T07:38:18","date_gmt":"2025-05-25T07:38:18","guid":{"rendered":"https:\/\/www.europesays.com\/fr\/126441\/"},"modified":"2025-05-25T07:38:18","modified_gmt":"2025-05-25T07:38:18","slug":"la-rue-de-saint-die-se-vegetalise-2","status":"publish","type":"post","link":"https:\/\/www.europesays.com\/fr\/126441\/","title":{"rendered":"la rue de Saint-Di\u00e9 se v\u00e9g\u00e9talise"},"content":{"rendered":"<p>Apr\u00e8s une concertation avec les parents d\u2019\u00e9l\u00e8ves et les habitants, la rue de Saint-Di\u00e9, sur sa section entre la rue du Ban-de-Sapt et la rue Jean-Georges-Stuber, est devenue une rue scolaire pi\u00e9tonne afin de s\u00e9curiser les d\u00e9placements des enfants et d\u2019embellir les lieux. Le parvis de <a href=\"https:\/\/www.dna.fr\/economie\/2024\/12\/01\/apres-six-ans-de-travaux-l-ecole-du-schluthfeld-fait-enfin-peau-neuve\" target=\"_blank\" rel=\"noopener\">l\u2019\u00e9cole du Schluthfeld<\/a> et la rue vont b\u00e9n\u00e9ficier \u00e0 pr\u00e9sent de nouveaux am\u00e9nagements afin de confirmer son statut de rue scolaire pi\u00e9tonne.<\/p>\n<p>Ces am\u00e9nagements consisteront \u00e0 d\u00e9min\u00e9raliser et v\u00e9g\u00e9taliser 480\u00a0m2\u00a0 de surface de la rue et du parvis de l\u2019\u00e9cole du Schluthfeld, \u00e0 planter des arbres pour en faire un \u00eelot de fra\u00eecheur. Du mobilier urbain et des arceaux \u00e0 v\u00e9lo seront install\u00e9s. Les travaux auront lieu jusqu\u2019au 13\u00a0juin, hors plantations et sous r\u00e9serve de conditions m\u00e9t\u00e9orologiques favorables. Les arbres seront plant\u00e9s en octobre\u00a02025.<\/p>\n","protected":false},"excerpt":{"rendered":"Apr\u00e8s une concertation avec les parents d\u2019\u00e9l\u00e8ves et les habitants, la rue de Saint-Di\u00e9, sur sa section entre&hellip;\n","protected":false},"author":2,"featured_media":126100,"comment_status":"","ping_status":"","sticky":false,"template":"","format":"standard","meta":{"footnotes":""},"categories":[2820],"tags":[1111,11,1984,2880,436,1777,674,107,1011,27,775,3539,12,316,25,640,2879],"class_list":{"0":"post-126441","1":"post","2":"type-post","3":"status-publish","4":"format-standard","5":"has-post-thumbnail","7":"category-strasbourg","8":"tag-actu","9":"tag-actualites","10":"tag-conseil-municipal","11":"tag-edition-strasbourg","12":"tag-environnement","13":"tag-eu","14":"tag-europe","15":"tag-fil-info","16":"tag-fr","17":"tag-france","18":"tag-grand-est","19":"tag-les-ecologistes","20":"tag-news","21":"tag-politique","22":"tag-republique-francaise","23":"tag-strasbourg","24":"tag-strasbourg-ville"},"share_on_mastodon":{"url":"https:\/\/pubeurope.com\/@fr\/114567335328630244","error":""},"_links":{"self":[{"href":"https:\/\/www.europesays.com\/fr\/wp-json\/wp\/v2\/posts\/126441","targetHints":{"allow":["GET"]}}],"collection":[{"href":"https:\/\/www.europesays.com\/fr\/wp-json\/wp\/v2\/posts"}],"about":[{"href":"https:\/\/www.europesays.com\/fr\/wp-json\/wp\/v2\/types\/post"}],"author":[{"embeddable":true,"href":"https:\/\/www.europesays.com\/fr\/wp-json\/wp\/v2\/users\/2"}],"replies":[{"embeddable":true,"href":"https:\/\/www.europesays.com\/fr\/wp-json\/wp\/v2\/comments?post=126441"}],"version-history":[{"count":0,"href":"https:\/\/www.europesays.com\/fr\/wp-json\/wp\/v2\/posts\/126441\/revisions"}],"wp:featuredmedia":[{"embeddable":true,"href":"https:\/\/www.europesays.com\/fr\/wp-json\/wp\/v2\/media\/126100"}],"wp:attachment":[{"href":"https:\/\/www.europesays.com\/fr\/wp-json\/wp\/v2\/media?parent=126441"}],"wp:term":[{"taxonomy":"category","embeddable":true,"href":"https:\/\/www.europesays.com\/fr\/wp-json\/wp\/v2\/categories?post=126441"},{"taxonomy":"post_tag","embeddable":true,"href":"https:\/\/www.europesays.com\/fr\/wp-json\/wp\/v2\/tags?post=126441"}],"curies":[{"name":"wp","href":"https:\/\/api.w.org\/{rel}","templated":true}]}}