{"id":126445,"date":"2025-05-25T07:41:13","date_gmt":"2025-05-25T07:41:13","guid":{"rendered":"https:\/\/www.europesays.com\/fr\/126445\/"},"modified":"2025-05-25T07:41:13","modified_gmt":"2025-05-25T07:41:13","slug":"nice-45-000-foyers-prives-delectricite-apres-un-incendie-au-lendemain-de-sabotages-dans-les-alpes-maritimes","status":"publish","type":"post","link":"https:\/\/www.europesays.com\/fr\/126445\/","title":{"rendered":"Nice : 45.000 foyers priv\u00e9s d&rsquo;\u00e9lectricit\u00e9 apr\u00e8s un incendie, au lendemain de sabotages dans les Alpes-Maritimes"},"content":{"rendered":"<p>Plusieurs milliers de foyers ont \u00e9t\u00e9 victimes d&rsquo;une panne d&rsquo;\u00e9lectricit\u00e9 \u00e0 Nice (Alpes-Maritimes) dans la nuit de samedi \u00e0 dimanche.La cause : l&rsquo;incendie d&rsquo;un transformateur \u00e9lectrique de la ville.Pour le maire Christian Estrosi, c&rsquo;est un \u00ab\u00a0acte malveillant\u00a0\u00bb.<a href=\"https:\/\/www.tf1info.fr\/actualite\/les-alpes-maritimes-ciblees-par-des-coupures-de-courant-14280\/\" rel=\"noopener\" class=\"jsx-3118104007 Link jsx-1428418400 jsx-609604686\" target=\"_blank\"><\/p>\n<p style=\"font-weight:400\" class=\"jsx-1837267516\">Suivez la couverture compl\u00e8te<\/p>\n<p style=\"font-weight:800\" class=\"jsx-1837267516\">Les Alpes-Maritimes cibl\u00e9es par des coupures de courant<\/p>\n<p><\/a><\/p>\n<p data-module=\"article-paragraph\" class=\"jsx-362436225 Paragraph Paragraph__End\">La coupure de courant a eu lieu en pleine nuit. Un incendie d&rsquo;origine encore ind\u00e9termin\u00e9e s&rsquo;est d\u00e9clar\u00e9 dans la nuit de samedi 24 \u00e0 dimanche 25 mai sur un transformateur \u00e9lectrique \u00e0 Nice et dans les communes voisines de Saint-Laurent-du-Var et Cagnes-sur-Mer, a appris l&rsquo;AFP aupr\u00e8s du parquet de Nice. Un incident qui survient au lendemain d&rsquo;une <a href=\"https:\/\/www.tf1info.fr\/justice-faits-divers\/black-out-dans-les-alpes-maritimes-en-plein-festival-de-cannes-ce-que-l-on-sait-de-la-coupure-d-electricite-2372831.html\" target=\"_blank\" rel=\"noopener\">coupure massive<\/a> d&rsquo;\u00e9lectricit\u00e9 dans l&rsquo;ouest des Alpes-Maritimes apr\u00e8s le sabotage de deux installations.<\/p>\n<blockquote data-testid=\"EmbedTwitter\" id=\"tweet-1926520413321904444-:Rc6ij9n79m:\" class=\"jsx-aeff1a1c40f54d7a twitter-tweet flex justify-center items-center\"><p>Cette nuit, un transformateur \u00e9lectrique a \u00e9t\u00e9 incendi\u00e9 \u00e0 l\u2019ouest de  #nice06 , privant d\u2019\u00e9lectricit\u00e9 pr\u00e8s de 45 000 personnes de Nice \u00e0 Cagnes. Les polices nationale et municipale sont mobilis\u00e9es. La situation a \u00e9t\u00e9 r\u00e9tablie dans de tr\u00e8s brefs d\u00e9lais. Je d\u00e9nonce avec force ces\u2026 \u2014 Christian Estrosi (@cestrosi)  May 25, 2025<\/p><\/blockquote>\n<p data-module=\"article-paragraph\" class=\"jsx-362436225 Paragraph\">Le feu s&rsquo;est d\u00e9clar\u00e9 aux alentours de 2h40, sur un poste \u00e9lectrique situ\u00e9 dans le quartier des Moulins, gangr\u00e9n\u00e9 par les trafics de stup\u00e9fiants dans l&rsquo;ouest de Nice. Selon les informations de TF1-LCI, 45.000 foyers ont \u00e9t\u00e9 priv\u00e9s d&rsquo;\u00e9lectricit\u00e9.\u00a0<\/p>\n<p data-module=\"article-paragraph\" class=\"jsx-362436225 Paragraph\">Le r\u00e9seau de tramway de Nice a \u00e9t\u00e9 l\u00e9g\u00e8rement impact\u00e9, avec une reprise retard\u00e9e en d\u00e9but de matin\u00e9e, et l&rsquo;a\u00e9roport, un temps priv\u00e9 d&rsquo;\u00e9lectricit\u00e9, \u00ab\u00a0a \u00e9t\u00e9 bri\u00e8vement r\u00e9aliment\u00e9\u00a0\u00bb, a pr\u00e9cis\u00e9 \u00e0 l&rsquo;AFP l&rsquo;adjoint au maire Ga\u00ebl Nofri. Ce dernier a aussi pr\u00e9cis\u00e9 que \u00ab\u00a0d&rsquo;apr\u00e8s des \u00e9l\u00e9ments communiqu\u00e9s par les pompiers, une porte d&rsquo;acc\u00e8s au transformateur a \u00e9t\u00e9 forc\u00e9e\u00a0\u00bb.<\/p>\n<p data-module=\"article-paragraph\" class=\"jsx-362436225 Paragraph Paragraph__End\">Sur X, le maire de la ville, Christian Estrosi, indique que \u00ab\u00a0la situation a \u00e9t\u00e9 r\u00e9tablie dans de tr\u00e8s brefs d\u00e9lais\u00a0\u00bb vers 6h du matin. Selon lui, l&rsquo;origine criminelle de l&rsquo;incendie ne fait gu\u00e8re de doute : \u00ab\u00a0Je d\u00e9nonce avec force ces actes malveillants qui touchent notre pays. Nous mettons les images de notre centre de supervision \u00e0 disposition des enqu\u00eateurs et renforcerons d\u00e8s les prochains jours le maillage de la ville sur les sites \u00e9lectriques strat\u00e9giques.\u00a0\u00bb Une plainte va \u00eatre d\u00e9pos\u00e9e par la municipalit\u00e9.<\/p>\n<ul class=\"jsx-3657663356 ReadMoreArticle__List flex flex-column\">\n<li class=\"jsx-3657663356\"><a href=\"https:\/\/www.tf1info.fr\/culture\/video-courant-coupe-au-dernier-jour-du-festival-de-cannes-2025-la-galere-des-commercants-confrontes-a-la-panne-d-electricite-2372830.html\" rel=\"noopener\" class=\"jsx-4233824444 Link flex\" target=\"_blank\"><img decoding=\"async\" src=\"https:\/\/www.europesays.com\/fr\/wp-content\/uploads\/2025\/05\/cannes-2343-4fbef9-0@1x.jpeg\" alt=\"Lire aussi\" loading=\"lazy\" importance=\"low\" fetchpriority=\"low\" class=\"\"\/>\n<p class=\"jsx-3657663356 ReadMoreArticle__Title\">Lire aussi<\/p>\n<p class=\"jsx-3657663356\">VID\u00c9O &#8211; Courant coup\u00e9 au dernier jour du Festival de Cannes 2025 : la gal\u00e8re des commer\u00e7ants confront\u00e9s \u00e0 la panne d&rsquo;\u00e9lectricit\u00e9<\/p>\n<p><\/a><\/li>\n<\/ul>\n<p data-module=\"article-paragraph\" class=\"jsx-362436225 Paragraph Paragraph__End\">La veille, des d\u00e9gradations consid\u00e9r\u00e9es comme volontaires par les autorit\u00e9s avaient endommag\u00e9 deux installations \u00e9lectriques : un poste haute tension dans le Var et un pyl\u00f4ne sci\u00e9 dans les Alpes-Maritimes. Cons\u00e9quence : un black-out de plusieurs heures, affectant 160.000 foyers, notamment \u00e0 Cannes. La cl\u00f4ture du Festival de Cannes a cependant pu se d\u00e9rouler normalement gr\u00e2ce \u00e0 des groupes \u00e9lectrog\u00e8nes.<\/p>\n<p>Zo\u00e9 SAMIN avec AFP<\/p>\n","protected":false},"excerpt":{"rendered":"Plusieurs milliers de foyers ont \u00e9t\u00e9 victimes d&rsquo;une panne d&rsquo;\u00e9lectricit\u00e9 \u00e0 Nice (Alpes-Maritimes) dans la nuit de samedi&hellip;\n","protected":false},"author":2,"featured_media":126446,"comment_status":"","ping_status":"","sticky":false,"template":"","format":"standard","meta":{"footnotes":""},"categories":[2819],"tags":[1111,11,1921,2397,1777,674,1011,27,1922,2954,24998,12,2401,882,25,133,2953],"class_list":{"0":"post-126445","1":"post","2":"type-post","3":"status-publish","4":"format-standard","5":"has-post-thumbnail","7":"category-nice","8":"tag-actu","9":"tag-actualites","10":"tag-article-video","11":"tag-christian-estrosi","12":"tag-eu","13":"tag-europe","14":"tag-fr","15":"tag-france","16":"tag-info","17":"tag-justice-et-faits-divers","18":"tag-les-alpes-maritimes-ciblees-par-des-coupures-de-courant","19":"tag-news","20":"tag-nice","21":"tag-provence-alpes-cote-dazur","22":"tag-republique-francaise","23":"tag-video","24":"tag-video-police"},"share_on_mastodon":{"url":"https:\/\/pubeurope.com\/@fr\/114567347215824970","error":""},"_links":{"self":[{"href":"https:\/\/www.europesays.com\/fr\/wp-json\/wp\/v2\/posts\/126445","targetHints":{"allow":["GET"]}}],"collection":[{"href":"https:\/\/www.europesays.com\/fr\/wp-json\/wp\/v2\/posts"}],"about":[{"href":"https:\/\/www.europesays.com\/fr\/wp-json\/wp\/v2\/types\/post"}],"author":[{"embeddable":true,"href":"https:\/\/www.europesays.com\/fr\/wp-json\/wp\/v2\/users\/2"}],"replies":[{"embeddable":true,"href":"https:\/\/www.europesays.com\/fr\/wp-json\/wp\/v2\/comments?post=126445"}],"version-history":[{"count":0,"href":"https:\/\/www.europesays.com\/fr\/wp-json\/wp\/v2\/posts\/126445\/revisions"}],"wp:featuredmedia":[{"embeddable":true,"href":"https:\/\/www.europesays.com\/fr\/wp-json\/wp\/v2\/media\/126446"}],"wp:attachment":[{"href":"https:\/\/www.europesays.com\/fr\/wp-json\/wp\/v2\/media?parent=126445"}],"wp:term":[{"taxonomy":"category","embeddable":true,"href":"https:\/\/www.europesays.com\/fr\/wp-json\/wp\/v2\/categories?post=126445"},{"taxonomy":"post_tag","embeddable":true,"href":"https:\/\/www.europesays.com\/fr\/wp-json\/wp\/v2\/tags?post=126445"}],"curies":[{"name":"wp","href":"https:\/\/api.w.org\/{rel}","templated":true}]}}