{"id":126447,"date":"2025-05-25T07:42:37","date_gmt":"2025-05-25T07:42:37","guid":{"rendered":"https:\/\/www.europesays.com\/fr\/126447\/"},"modified":"2025-05-25T07:42:37","modified_gmt":"2025-05-25T07:42:37","slug":"le-festival-de-science-fiction-utopiales-revient-du-30-octobre-au-2-novembre-a-nantes-2","status":"publish","type":"post","link":"https:\/\/www.europesays.com\/fr\/126447\/","title":{"rendered":"Le festival de science-fiction Utopiales revient du 30\u00a0octobre au 2\u00a0novembre \u00e0 Nantes"},"content":{"rendered":"<p>Depuis bient\u00f4t un quart de si\u00e8cle <a href=\"https:\/\/nantes.maville.com\/actu\/actudet_-des-parcours-de-science-fiction-accessibles-a-tous-aux-utopiales-_52716-6530898_actu.Htm\" target=\"_self\" rel=\"noopener\">les Utopiales attirent des milliers d\u2019amateurs de science-fiction, <\/a>all\u00e9ch\u00e9s par les conf\u00e9rences, jeux, expositions, films\u2026 Et<a href=\"https:\/\/nantes.maville.com\/actu\/actudet_-nantes.-aux-utopiales-la-librairie-face-au-grand-rush-des-fans-de-science-fiction-_8-6533363_actu.Htm\" target=\"_self\" rel=\"noopener\"> la plus grande librairie de SF du monde.<\/a><\/p>\n<p>Le festival, consid\u00e9r\u00e9 comme l\u2019un des plus grands du genre, aura lieu du 30\u00a0octobre au 2\u00a0novembre, \u00e0 la cit\u00e9 des congr\u00e8s \u00e0 Nantes. Pour la vingt-cinqui\u00e8me \u00e9dition, l\u2019\u00e9quipe d\u2019organisateurs, autour du physicien Roland Lehoucq, a choisi pour th\u00e8me les singularit\u00e9s, avec quatre d\u00e9clinaisons pour nourrir les d\u00e9bats\u00a0: attraction, r\u00e9sistance, individu et anomalie.<\/p>\n<p><strong>Contact.<\/strong> www.utopiales.org.<\/p>\n<p>\u00a0<\/p>\n","protected":false},"excerpt":{"rendered":"Depuis bient\u00f4t un quart de si\u00e8cle les Utopiales attirent des milliers d\u2019amateurs de science-fiction, all\u00e9ch\u00e9s par les conf\u00e9rences,&hellip;\n","protected":false},"author":2,"featured_media":123925,"comment_status":"","ping_status":"","sticky":false,"template":"","format":"standard","meta":{"footnotes":""},"categories":[2818],"tags":[5742,11045,1111,11,1777,674,849,1011,27,766,12,24649,7518,2636,25,14173,2510,24648],"class_list":{"0":"post-126447","1":"post","2":"type-post","3":"status-publish","4":"format-standard","5":"has-post-thumbnail","7":"category-nantes","8":"tag-5742","9":"tag-11045","10":"tag-actu","11":"tag-actualites","12":"tag-eu","13":"tag-europe","14":"tag-festival","15":"tag-fr","16":"tag-france","17":"tag-nantes","18":"tag-news","19":"tag-novembre","20":"tag-octobre","21":"tag-pays-de-la-loire","22":"tag-republique-francaise","23":"tag-revient","24":"tag-science-fiction","25":"tag-utopiales"},"share_on_mastodon":{"url":"https:\/\/pubeurope.com\/@fr\/114567351070188608","error":""},"_links":{"self":[{"href":"https:\/\/www.europesays.com\/fr\/wp-json\/wp\/v2\/posts\/126447","targetHints":{"allow":["GET"]}}],"collection":[{"href":"https:\/\/www.europesays.com\/fr\/wp-json\/wp\/v2\/posts"}],"about":[{"href":"https:\/\/www.europesays.com\/fr\/wp-json\/wp\/v2\/types\/post"}],"author":[{"embeddable":true,"href":"https:\/\/www.europesays.com\/fr\/wp-json\/wp\/v2\/users\/2"}],"replies":[{"embeddable":true,"href":"https:\/\/www.europesays.com\/fr\/wp-json\/wp\/v2\/comments?post=126447"}],"version-history":[{"count":0,"href":"https:\/\/www.europesays.com\/fr\/wp-json\/wp\/v2\/posts\/126447\/revisions"}],"wp:featuredmedia":[{"embeddable":true,"href":"https:\/\/www.europesays.com\/fr\/wp-json\/wp\/v2\/media\/123925"}],"wp:attachment":[{"href":"https:\/\/www.europesays.com\/fr\/wp-json\/wp\/v2\/media?parent=126447"}],"wp:term":[{"taxonomy":"category","embeddable":true,"href":"https:\/\/www.europesays.com\/fr\/wp-json\/wp\/v2\/categories?post=126447"},{"taxonomy":"post_tag","embeddable":true,"href":"https:\/\/www.europesays.com\/fr\/wp-json\/wp\/v2\/tags?post=126447"}],"curies":[{"name":"wp","href":"https:\/\/api.w.org\/{rel}","templated":true}]}}