{"id":126458,"date":"2025-05-25T07:48:08","date_gmt":"2025-05-25T07:48:08","guid":{"rendered":"https:\/\/www.europesays.com\/fr\/126458\/"},"modified":"2025-05-25T07:48:08","modified_gmt":"2025-05-25T07:48:08","slug":"lenseigne-sweeek-debarque-a-20-minutes-de-lille-avec-sa-deco-craquante-a-petit-prix","status":"publish","type":"post","link":"https:\/\/www.europesays.com\/fr\/126458\/","title":{"rendered":"L&rsquo;enseigne Sweeek d\u00e9barque \u00e0 20 minutes de Lille avec sa d\u00e9co craquante \u00e0 petit prix"},"content":{"rendered":"<p>            Par<br \/>\n        <strong><br \/>\n            <a href=\"https:\/\/actu.fr\/auteur\/redaction-lille\" title=\"Consulter tous les articles de R\u00e9daction Lille\" target=\"_blank\" rel=\"noopener\">R\u00e9daction Lille<\/a><br \/>\n        <\/strong><\/p>\n<p>        Publi\u00e9 le<\/p>\n<p>            25 mai 2025 \u00e0 9h22        <\/p>\n<p>Les beaux jours arrivent et vous voulez donner un <b>second souffle \u00e0 votre lieu de vie<\/b> ? Ne cherchez plus ! A 20 minutes de <a href=\"https:\/\/actu.fr\/hauts-de-france\/lille_59350\" target=\"_blank\" rel=\"noopener\">Lille<\/a>, une <b>nouvelle adresse<\/b> vous attend. Connue pour ses <b>collections tendances de mobilier<\/b> en ligne, la <b>marque Sweeek<\/b> ouvrira son <b>premier magasin physique<\/b> le 16 juin 2025.<\/p>\n<p>Pr\u00e8s de Lille, une nouvelle adresse pour r\u00e9inventer son int\u00e9rieur et son ext\u00e9rieur<\/p>\n<p class=\" wall-content\">500m2 vous attendent au <b>centre commercial Promenade de Flandre<\/b> \u00e0 <a href=\"https:\/\/actu.fr\/hauts-de-france\/neuville-en-ferrain_59426\" target=\"_blank\" rel=\"noopener\">Neuville-en-Ferrain<\/a> pour exprimer vos talents de d\u00e9corateur\/trice d\u2019int\u00e9rieur \u00e0 prix mini. Vous pourrez y retrouver l\u2019int\u00e9gralit\u00e9 de la gamme de produits Sweeek en magasin. Comme \u00e7a, tout le monde sera servi !<\/p>\n<p>Une success story made in Roubaix<\/p>\n<p class=\" wall-content\">Depuis 2009, l\u2019entreprise initialement sp\u00e9cialis\u00e9e dans le mobilier de jardin \u00e0 <a href=\"https:\/\/actu.fr\/hauts-de-france\/roubaix_59512\" target=\"_blank\" rel=\"noopener\">Roubaix<\/a> s\u2019est d\u00e9velopp\u00e9e \u00e0 une vitesse \u00e9clair. De son <b>ancien nom Alice\u2019s Garden<\/b>, <a href=\"https:\/\/www.sweeek.fr\/\" target=\"_blank\" rel=\"noopener\">Sweeek<\/a> est \u00e0 pr\u00e9sent <b>implant\u00e9 dans toute l\u2019Europe<\/b> : Espagne, Royaume-Uni, Belgique, Pays-Bas, Portugal, Italie et m\u00eame Allemagne, c\u2019est devenu la marque en ligne incontournable d\u2019ameublement et de d\u00e9coration.<\/p>\n<p>Une large gamme de produits<\/p>\n<p class=\" wall-content\">Mobilier d\u2019int\u00e9rieur et d\u2019ext\u00e9rieur, d\u00e9corations et accessoires, textiles et luminaires, produits d\u00e9di\u00e9s aux enfants, il y a largement de quoi y trouver son bonheur.<\/p>\n<p class=\" wall-content\"><b>Margaux Salignat<\/b><\/p>\n<p class=\" wall-content\">Suivez toute l\u2019actualit\u00e9 de vos villes et m\u00e9dias favoris en vous inscrivant \u00e0 <a href=\"https:\/\/moncompte.actu.fr\" title=\"D\u00e9couvez Mon Actu\" rel=\"nofollow noopener\" data-trk=\"{&quot;cta&quot;:{&quot;action&quot;:&quot;https:\\\/\\\/moncompte.actu.fr&quot;,&quot;category&quot;:&quot;mon compte&quot;,&quot;from&quot;:&quot;article footer&quot;,&quot;name&quot;:&quot;Mon actu&quot;,&quot;type&quot;:&quot;cta&quot;}}\" target=\"_blank\">Mon Actu<\/a>.<\/p>\n","protected":false},"excerpt":{"rendered":"Par R\u00e9daction Lille Publi\u00e9 le 25 mai 2025 \u00e0 9h22 Les beaux jours arrivent et vous voulez donner&hellip;\n","protected":false},"author":2,"featured_media":126459,"comment_status":"","ping_status":"","sticky":false,"template":"","format":"standard","meta":{"footnotes":""},"categories":[2815],"tags":[1111,11,1777,674,1011,27,811,1307,12,3147,25,104],"class_list":{"0":"post-126458","1":"post","2":"type-post","3":"status-publish","4":"format-standard","5":"has-post-thumbnail","7":"category-lille","8":"tag-actu","9":"tag-actualites","10":"tag-eu","11":"tag-europe","12":"tag-fr","13":"tag-france","14":"tag-hauts-de-france","15":"tag-lille","16":"tag-news","17":"tag-nouveaux-commerces","18":"tag-republique-francaise","19":"tag-societe"},"share_on_mastodon":{"url":"https:\/\/pubeurope.com\/@fr\/114567374680865185","error":""},"_links":{"self":[{"href":"https:\/\/www.europesays.com\/fr\/wp-json\/wp\/v2\/posts\/126458","targetHints":{"allow":["GET"]}}],"collection":[{"href":"https:\/\/www.europesays.com\/fr\/wp-json\/wp\/v2\/posts"}],"about":[{"href":"https:\/\/www.europesays.com\/fr\/wp-json\/wp\/v2\/types\/post"}],"author":[{"embeddable":true,"href":"https:\/\/www.europesays.com\/fr\/wp-json\/wp\/v2\/users\/2"}],"replies":[{"embeddable":true,"href":"https:\/\/www.europesays.com\/fr\/wp-json\/wp\/v2\/comments?post=126458"}],"version-history":[{"count":0,"href":"https:\/\/www.europesays.com\/fr\/wp-json\/wp\/v2\/posts\/126458\/revisions"}],"wp:featuredmedia":[{"embeddable":true,"href":"https:\/\/www.europesays.com\/fr\/wp-json\/wp\/v2\/media\/126459"}],"wp:attachment":[{"href":"https:\/\/www.europesays.com\/fr\/wp-json\/wp\/v2\/media?parent=126458"}],"wp:term":[{"taxonomy":"category","embeddable":true,"href":"https:\/\/www.europesays.com\/fr\/wp-json\/wp\/v2\/categories?post=126458"},{"taxonomy":"post_tag","embeddable":true,"href":"https:\/\/www.europesays.com\/fr\/wp-json\/wp\/v2\/tags?post=126458"}],"curies":[{"name":"wp","href":"https:\/\/api.w.org\/{rel}","templated":true}]}}