{"id":126460,"date":"2025-05-25T07:49:11","date_gmt":"2025-05-25T07:49:11","guid":{"rendered":"https:\/\/www.europesays.com\/fr\/126460\/"},"modified":"2025-05-25T07:49:11","modified_gmt":"2025-05-25T07:49:11","slug":"bruce-springsteen-defie-donald-trump-lors-dun-concert-electrisant-au-stade-pierre-mauroy-pres-de-lille","status":"publish","type":"post","link":"https:\/\/www.europesays.com\/fr\/126460\/","title":{"rendered":"Bruce Springsteen d\u00e9fie Donald Trump lors d&rsquo;un concert \u00e9lectrisant au Stade Pierre-Mauroy, pr\u00e8s de Lille"},"content":{"rendered":"<p class=\"article-p mdl\">Bruce Springsteen et son fid\u00e8le E Street Band sont de retour en France pour trois concerts. Coup d&rsquo;envoi <strong>samedi 24 mai au\u00a0Decathlon Arena \u2013 stade Pierre Mauroy<\/strong>\u00a0de Villeneuve d&rsquo;Ascq, pr\u00e8s de Lille. C&rsquo;est l\u2019\u00e9v\u00e9nement musical de l&rsquo;ann\u00e9e dans le Nord-Pas-de-Calais : le \u00ab\u00a0Boss\u00a0\u00bb n&rsquo;a jamais jou\u00e9 dans la r\u00e9gion. Au programme, un <strong>show d&rsquo;un peu plus de 2h30, <\/strong>des chansons rares et une critique de l&rsquo;administration Trump.\u00a0<br \/>Bruce Springsteen l&rsquo;annonce sur la sc\u00e8ne du stade Pierre Mauroy : il a toujours \u00e9t\u00e9<strong> un ambassadeur des \u00c9tats-Unis. <\/strong>Ceux d&rsquo;avant Donald Trump, ce pr\u00e9sident \u00ab\u00a0rainmaker\u00a0\u00bb (\u00ab\u00a0faiseur de pluie\u00a0\u00bb) en r\u00e9f\u00e9rence \u00e0 sa chanson \u00e9ponyme sortie sur l&rsquo;album Letter To You en 2020.<\/p>\n<p class=\"article-p mdl\">La\u00a0<a class=\"link\" href=\"https:\/\/www.rtl.fr\/culture\/musique\/bruce-springsteen-comment-le-boss-combat-sur-scene-l-administration-trump-7900508181\" title=\"Bruce Springsteen : comment le &quot;Boss&quot; combat l&#039;administration Trump sur sc\u00e8ne\" target=\"_blank\" rel=\"noopener\">l\u00e9gende du rock le d\u00e9fie<\/a>\u00a0pendant une bonne partie de son concert, dont le tour de chant est jalonn\u00e9 de<strong> titres politiques <\/strong>(No Surrender, Land of Hope and Dreams, Death to My Hometown), <strong>pri\u00e8res pour l&rsquo;Am\u00e9rique et discours cinglants.<\/strong> Une partie du spectacle plus sombre qu&rsquo;\u00e0 l&rsquo;accoutum\u00e9e, mais salu\u00e9e par le public.<\/p>\n<p>            Un show fantastique et des tubes intemporels<\/p>\n<p class=\"article-p mdl\">\n<p>Les concerts pr\u00e9c\u00e9dents de l&rsquo;interpr\u00e8te de<a class=\"link\" href=\"https:\/\/www.rtl.fr\/culture\/musique\/bruce-springsteen-born-in-the-u-s-a-le-chef-d-oeuvre-incompris-sorti-il-y-a-40-ans-7900391652\" title=\"Bruce Springsteen : &quot;Born in The U.S.A.&quot;, le chef-d&#039;\u0153uvre incompris sorti il y a 40 ans\" target=\"_blank\" rel=\"noopener\"> Born in The U.S.A.,\u00a0<\/a>notamment ceux \u00e0 Paris La D\u00e9fense Arena en 2023, \u00e9taient marqu\u00e9s par l&rsquo;\u00e9motion, la perte des amis chers, l&rsquo;urgence de jouer jusqu&rsquo;au dernier souffle. Bruce Springsteen se confiait \u00e0\u00a0c\u0153ur ouvert et convoquait sur sc\u00e8ne les \u00ab\u00a0fant\u00f4mes du pass\u00e9\u00a0\u00bb.<\/p>\n<p>                <img decoding=\"async\" alt=\"\" class=\"media-item lazy\" src=\"https:\/\/www.europesays.com\/fr\/wp-content\/uploads\/2025\/05\/1758136-l-image-de-bruce-springsteen-projetee-au-stade-pierre-mauroy-de-villeneuve-d-ascq.jpg\"\/><\/p>\n<p>\n            L&rsquo;image de Bruce Springsteen projet\u00e9e au stade Pierre-Mauroy, de Villeneuve-d&rsquo;Ascq<\/p>\n<p>\n            Cr\u00e9dit : S\u00e9bastien Courdji \/ GETTY IMAGES EUROPE \/ Getty Images via AFP<\/p>\n<p class=\"article-p mdl\">Cette fois, <strong>le chanteur revient plus combattif que jamais.<\/strong> Il pense d&rsquo;abord aux Am\u00e9ricains et pas \u00e0 lui. Ce premier concert donn\u00e9 par Springsteen au Stade Pierre-Mauroy a \u00e9t\u00e9 fantastique avec une incroyable d\u00e9bauche d&rsquo;\u00e9nergie. Il a offert plusieurs tubes intemporels : The River, Badlands,\u00a0Thunder Road,\u00a0Born in the U.S.A. au d\u00e9but des rappels, ou encore\u00a0Born to Run et Dancing in the Dark. Le public a \u00e9t\u00e9 fantastique, comme toujours. Donald Trump peut aller se rhabiller.\u00a0<\/p>\n<p class=\"article-p mdl\">\u00ab\u00a0C&rsquo;est un peu le Johnny Hallyday des \u00c9tats-Unis. C&rsquo;\u00e9tait exceptionnel, il est au sommet de sa forme. Belle playlist, belle \u00e9nergie, c&rsquo;\u00e9tait magique. C&rsquo;est incroyable, il ne vieillit pas\u00a0\u00bb, confie un fan au micro de RTL. \u00ab\u00a0On dirait un jeune de 25 ans. 75 ans, il p\u00e8te le feu, il donne tout sur sc\u00e8ne, \u00e0 son public. Springsteen, ambassadeur des trackers et \u00e9ternel rockeur\u00a0\u00bb, d\u00e9clare un autre.<\/p>\n<p class=\"article-p mdl\"><strong>Bruce Springsteen donnera un second concert au\u00a0Decathlon Arena \u2013 stade Pierre Mauroy,\u00a0le 27 mai, avant de se produire \u00e0 l&rsquo;Orange V\u00e9lodrome, le 31 mai.\u00a0<\/strong><\/p>\n<p>    La r\u00e9daction vous recommande<\/p>\n<p class=\"s-newsletter__title\">\n                L\u2019actualit\u00e9 par la r\u00e9daction de RTL dans votre bo\u00eete mail.\n            <\/p>\n<p class=\"s-newsletter__subtitle\">\n                Gr\u00e2ce \u00e0 votre compte RTL abonnez-vous \u00e0 la newsletter RTL info pour suivre toute l&rsquo;actualit\u00e9 au quotidien\n            <\/p>\n<p>\n                                    Lire la suite\n                                <\/p>\n","protected":false},"excerpt":{"rendered":"Bruce Springsteen et son fid\u00e8le E Street Band sont de retour en France pour trois concerts. Coup d&rsquo;envoi&hellip;\n","protected":false},"author":2,"featured_media":126461,"comment_status":"","ping_status":"","sticky":false,"template":"","format":"standard","meta":{"footnotes":""},"categories":[2815],"tags":[1111,11,23078,1697,1777,674,2414,107,1011,27,811,1307,873,12,25,7040],"class_list":{"0":"post-126460","1":"post","2":"type-post","3":"status-publish","4":"format-standard","5":"has-post-thumbnail","7":"category-lille","8":"tag-actu","9":"tag-actualites","10":"tag-bruce-springsteen","11":"tag-concert","12":"tag-eu","13":"tag-europe","14":"tag-fil-culture","15":"tag-fil-info","16":"tag-fr","17":"tag-france","18":"tag-hauts-de-france","19":"tag-lille","20":"tag-musique","21":"tag-news","22":"tag-republique-francaise","23":"tag-rock"},"share_on_mastodon":{"url":"https:\/\/pubeurope.com\/@fr\/114567378681652811","error":""},"_links":{"self":[{"href":"https:\/\/www.europesays.com\/fr\/wp-json\/wp\/v2\/posts\/126460","targetHints":{"allow":["GET"]}}],"collection":[{"href":"https:\/\/www.europesays.com\/fr\/wp-json\/wp\/v2\/posts"}],"about":[{"href":"https:\/\/www.europesays.com\/fr\/wp-json\/wp\/v2\/types\/post"}],"author":[{"embeddable":true,"href":"https:\/\/www.europesays.com\/fr\/wp-json\/wp\/v2\/users\/2"}],"replies":[{"embeddable":true,"href":"https:\/\/www.europesays.com\/fr\/wp-json\/wp\/v2\/comments?post=126460"}],"version-history":[{"count":0,"href":"https:\/\/www.europesays.com\/fr\/wp-json\/wp\/v2\/posts\/126460\/revisions"}],"wp:featuredmedia":[{"embeddable":true,"href":"https:\/\/www.europesays.com\/fr\/wp-json\/wp\/v2\/media\/126461"}],"wp:attachment":[{"href":"https:\/\/www.europesays.com\/fr\/wp-json\/wp\/v2\/media?parent=126460"}],"wp:term":[{"taxonomy":"category","embeddable":true,"href":"https:\/\/www.europesays.com\/fr\/wp-json\/wp\/v2\/categories?post=126460"},{"taxonomy":"post_tag","embeddable":true,"href":"https:\/\/www.europesays.com\/fr\/wp-json\/wp\/v2\/tags?post=126460"}],"curies":[{"name":"wp","href":"https:\/\/api.w.org\/{rel}","templated":true}]}}