{"id":126464,"date":"2025-05-25T07:51:15","date_gmt":"2025-05-25T07:51:15","guid":{"rendered":"https:\/\/www.europesays.com\/fr\/126464\/"},"modified":"2025-05-25T07:51:15","modified_gmt":"2025-05-25T07:51:15","slug":"marseille-10-000-nageurs-vont-relever-le-defi-de-monte-cristo","status":"publish","type":"post","link":"https:\/\/www.europesays.com\/fr\/126464\/","title":{"rendered":"Marseille : 10 000 nageurs vont relever le D\u00e9fi de Monte Cristo"},"content":{"rendered":"<p><img loading=\"lazy\" decoding=\"async\" alt=\"Shutterstock - Pour le D\u00e9fi de Monte Cristo, les sportifs s'\u00e9lancent du Ch\u00e2teau d'If et rejoignent Marseille \u00e0 la nage.\" data-zoom-src=\"https:\/\/www.europesays.com\/fr\/wp-content\/uploads\/2025\/05\/initial-defi-monte-cristo-chateau-d-if.jpg\" data-zoomable=\"\" height=\"702\" src=\"https:\/\/www.europesays.com\/fr\/wp-content\/uploads\/2025\/05\/initial-defi-monte-cristo-chateau-d-if.jpg\" width=\"1248\"\/>  <\/p>\n<p class=\"article-desc\">Shutterstock &#8211; Pour le D\u00e9fi de Monte Cristo, les sportifs s&rsquo;\u00e9lancent du Ch\u00e2teau d&rsquo;If et rejoignent Marseille \u00e0 la nage. <\/p>\n<p>C&rsquo;est devenu la plus grande comp\u00e9tition de<strong> nage en eau libre<\/strong> d&rsquo;Europe, selon ses organisateurs. Le <a href=\"https:\/\/www.defimonte-cristo.com\/fr\" rel=\"noopener\" target=\"_blank\">D\u00e9fi de Monte Cristo <\/a>rassemblera plus de 10.000 concurrents de 60 nationalit\u00e9s diff\u00e9rentes, d\u00e9but juin dans la baie de Marseille. Les nageurs vont se jeter \u00e0 l&rsquo;eau au d\u00e9part du mythique <strong>Ch\u00e2teau d&rsquo;If.<\/strong> <\/p>\n<p>Le D\u00e9fi de Monte Cristo cr\u00e9\u00e9 il y a 27 ans par des amis <\/p>\n<p>La course a \u00e9t\u00e9 cr\u00e9\u00e9e il y a 27 ans par Dominique Lena et une \u00ab\u00a0poign\u00e9e d&rsquo;amis\u00a0\u00bb inspir\u00e9s par l&rsquo;\u00e9vasion \u00e0 la nage de cette forteresse du <strong>personnage d&rsquo;Edmond Dant\u00e8s dans le Comte de Monte Cristo d&rsquo;Alexandre Dumas<\/strong>. \u00ab\u00a0On a commenc\u00e9 entre nous, et aujourd&rsquo;hui je suis \u00e9merveill\u00e9 de voir embarquer un tas de fatigu\u00e9s chaque ann\u00e9e\u00a0\u00bb, s&rsquo;amuse le cr\u00e9ateur et organisateur de l&rsquo;\u00e9v\u00e9nement. <\/p>\n<p>D\u00e9sormais, \u00ab\u00a0c&rsquo;est le plus grand rassemblement de nage en eau libre en Europe, (et m\u00eame) mondial, on est les premiers\u00a0\u00bb, assure de son c\u00f4t\u00e9 <a href=\"https:\/\/mesinfos.fr\/13000-marseille\/les-republicains-veulent-reconquerir-marseille-216414.html\" rel=\"noopener\" target=\"_blank\">Ludovic Perney<\/a>, vice-pr\u00e9sident de la r\u00e9gion Provence-Alpes-C\u00f4te d&rsquo;Azur, en charge de la jeunesse et des sports, lors d&rsquo;une conf\u00e9rence de presse mardi \u00e0 Marseille. <\/p>\n<p>D\u00e9fi de Monte Cristo 2025 : 20 d\u00e9parts sur 5 jours <\/p>\n<p>Cette ann\u00e9e, les \u00e9preuves s&rsquo;\u00e9taleront pendant cinq jours, du 6 au 8 juin puis du 14 au 15 juin, avec 20 d\u00e9parts de groupes de 200 \u00e0 300 nageurs pour des travers\u00e9es vers la c\u00f4te sur des distances allant de un \u00e0 six kilom\u00e8tres, avec ou sans palmes.<\/p>\n<p>Les droits d&rsquo;inscription vont jusqu&rsquo;\u00e0 65 euros, pour financer en partie le village sportif, la s\u00e9curit\u00e9 et l&rsquo;organisation d&rsquo;un \u00e9v\u00e9nement voulu \u00ab\u00a0100% \u00e9co-responsable\u00a0\u00bb, a d\u00e9clar\u00e9 M. Lena.<\/p>\n<p>Presque un an apr\u00e8s les <strong>Jeux olympiques 2024,<\/strong> dont <a href=\"https:\/\/mesinfos.fr\/13000-marseille\/paris-2024-la-flamme-olympique-est-a-marseille-198786.html\" rel=\"noopener\" target=\"_blank\">la flamme \u00e9tait arriv\u00e9e en France \u00e0 Marseille<\/a>, qui avait \u00e9galement accueilli les \u00e9preuves de voile, le D\u00e9fi \u00ab\u00a0fait partie de ces grands \u00e9v\u00e9nements qui nous transportent et nous permettent encore de r\u00eaver\u00a0\u00bb, a d\u00e9clar\u00e9 <strong>David Galtier,<\/strong> vice-pr\u00e9sident de la M\u00e9tropole d\u2019Aix Marseille Provence d\u00e9l\u00e9gu\u00e9 aux Sports. <\/p>\n<p>La nage en mer, un ph\u00e9nom\u00e8ne de mode \u00e0 Marseille <\/p>\n<p>Le succ\u00e8s rencontr\u00e9 par le <strong>D\u00e9fi de Monte Cristo<\/strong> traduit un engouement des habitants de Marseille, mais pas seulement, pour <strong>la nage en mer. <\/strong>L&rsquo;\u00e9t\u00e9, mais aussi aux beaux jours en automne et au printemps, de plus en plus de citadins et sportifs se mouillent pour nager en mer.<\/p>\n<p>Ils s&rsquo;\u00e9lancent depuis <strong>la plage des Catalans <\/strong>pour longer le bord de mer. Du c\u00f4t\u00e9 du <strong>Bain des Dames<\/strong>, ou des plages du Prado, on croise dans la zones des 300 m\u00e8tres, de nombreux amateurs de nage en eau libre. Ces sportifs pratiquent hors club, ou dans ceux de nage et de triathlon de la cit\u00e9 phoc\u00e9enne qui connaissent beaucoup de succ\u00e8s, comme <strong>les Sardines, les Libres Nageurs<\/strong>, l&rsquo;incontournable <strong>Cercle des Nageurs<\/strong> et bien d&rsquo;autres&#8230; <\/p>\n<p>Un v\u00e9ritable ph\u00e9nom\u00e8ne de soci\u00e9t\u00e9. <\/p>\n<p>Le D\u00e9fi de Monte Cristo se met \u00e0 l&rsquo;eau \u00e0 La Ciotat <\/p>\n<p>Le D\u00e9fi de Monte Cristo est devenu un tel succ\u00e8s que ses organisateurs ont d\u00e9cid\u00e9 d&rsquo;organiser une autre \u00e9preuve de nage en eau libre dans la <strong>baie de La Ciotat. <\/strong>L&rsquo;\u00e9preuve se tient du 12 au 14 septembre. Les nageurs se mettent \u00e0 l&rsquo;eau depuis <strong>l\u2019\u00eele Verte<\/strong> et rejoignent les plages de La Ciotat, apr\u00e8s un parcours en mer pouvant aller de 1 \u00e0 6 kilom\u00e8tres.<\/p>\n<p>\u00a0<\/p>\n","protected":false},"excerpt":{"rendered":"Shutterstock &#8211; Pour le D\u00e9fi de Monte Cristo, les sportifs s&rsquo;\u00e9lancent du Ch\u00e2teau d&rsquo;If et rejoignent Marseille \u00e0&hellip;\n","protected":false},"author":2,"featured_media":126465,"comment_status":"","ping_status":"","sticky":false,"template":"","format":"standard","meta":{"footnotes":""},"categories":[2814],"tags":[1111,11,1777,674,1011,27,884,5216,12,882,25],"class_list":{"0":"post-126464","1":"post","2":"type-post","3":"status-publish","4":"format-standard","5":"has-post-thumbnail","7":"category-marseille","8":"tag-actu","9":"tag-actualites","10":"tag-eu","11":"tag-europe","12":"tag-fr","13":"tag-france","14":"tag-marseille","15":"tag-natation","16":"tag-news","17":"tag-provence-alpes-cote-dazur","18":"tag-republique-francaise"},"share_on_mastodon":{"url":"https:\/\/pubeurope.com\/@fr\/114567386480158390","error":""},"_links":{"self":[{"href":"https:\/\/www.europesays.com\/fr\/wp-json\/wp\/v2\/posts\/126464","targetHints":{"allow":["GET"]}}],"collection":[{"href":"https:\/\/www.europesays.com\/fr\/wp-json\/wp\/v2\/posts"}],"about":[{"href":"https:\/\/www.europesays.com\/fr\/wp-json\/wp\/v2\/types\/post"}],"author":[{"embeddable":true,"href":"https:\/\/www.europesays.com\/fr\/wp-json\/wp\/v2\/users\/2"}],"replies":[{"embeddable":true,"href":"https:\/\/www.europesays.com\/fr\/wp-json\/wp\/v2\/comments?post=126464"}],"version-history":[{"count":0,"href":"https:\/\/www.europesays.com\/fr\/wp-json\/wp\/v2\/posts\/126464\/revisions"}],"wp:featuredmedia":[{"embeddable":true,"href":"https:\/\/www.europesays.com\/fr\/wp-json\/wp\/v2\/media\/126465"}],"wp:attachment":[{"href":"https:\/\/www.europesays.com\/fr\/wp-json\/wp\/v2\/media?parent=126464"}],"wp:term":[{"taxonomy":"category","embeddable":true,"href":"https:\/\/www.europesays.com\/fr\/wp-json\/wp\/v2\/categories?post=126464"},{"taxonomy":"post_tag","embeddable":true,"href":"https:\/\/www.europesays.com\/fr\/wp-json\/wp\/v2\/tags?post=126464"}],"curies":[{"name":"wp","href":"https:\/\/api.w.org\/{rel}","templated":true}]}}