{"id":126472,"date":"2025-05-25T07:58:26","date_gmt":"2025-05-25T07:58:26","guid":{"rendered":"https:\/\/www.europesays.com\/fr\/126472\/"},"modified":"2025-05-25T07:58:26","modified_gmt":"2025-05-25T07:58:26","slug":"a-paris-la-tour-triangle-seduit-peu-a-peu-riverains-et-commercants-elle-nest-pas-si-laide-que-ca","status":"publish","type":"post","link":"https:\/\/www.europesays.com\/fr\/126472\/","title":{"rendered":"\u00c0 Paris, la tour Triangle s\u00e9duit peu \u00e0 peu riverains et commer\u00e7ants\u00a0: \u00ab\u00a0Elle n\u2019est pas si laide\u00a0que \u00e7a\u00a0\u00bb"},"content":{"rendered":"<p class=\"paragraph text_align_left\">\u00ab Ils en sont au 25e \u00e9tage. \u00bb Depuis la fen\u00eatre de son appartement de la porte de Versailles (Paris XVe), Sylvana observe, presque chaque jour, l\u2019ascension de la <a href=\"https:\/\/www.leparisien.fr\/paris-75\/paris-75015\/les-premieres-pierres-de-la-controversee-tour-triangle-a-paris-ont-ete-posees-10-02-2022-CURQBQJ45FCNTEQBKLMBAHB23Y.php\" target=\"_self\" rel=\"nofollow noopener\">tour Triangle<\/a>, dont la silhouette de verre s\u2019\u00e9l\u00e8ve depuis 2022. Le gratte-ciel a d\u00e9j\u00e0 atteint la moiti\u00e9 de sa hauteur finale (180 m).<b> <\/b>\u00ab Elle g\u00e2che d\u00e9j\u00e0 la vue d\u00e9gag\u00e9e qu\u2019on avait sur Issy-les-Moulineaux \u00bb, soupire l\u2019habitante du boulevard Victor. \u00ab Au d\u00e9but du projet, j\u2019\u00e9tais contre, mais maintenant qu\u2019elle est l\u00e0, on s\u2019y fait \u00bb, conc\u00e8de Sylvana.<\/p>\n","protected":false},"excerpt":{"rendered":"\u00ab Ils en sont au 25e \u00e9tage. \u00bb Depuis la fen\u00eatre de son appartement de la porte de&hellip;\n","protected":false},"author":2,"featured_media":126473,"comment_status":"","ping_status":"","sticky":false,"template":"","format":"standard","meta":{"footnotes":""},"categories":[1888],"tags":[1111,1928,11,1927,1777,674,1011,27,1116,1944,12,1926,626,1925,25],"class_list":{"0":"post-126472","1":"post","2":"type-post","3":"status-publish","4":"format-standard","5":"has-post-thumbnail","7":"category-paris","8":"tag-actu","9":"tag-actu-paris","10":"tag-actualites","11":"tag-actualites-paris","12":"tag-eu","13":"tag-europe","14":"tag-fr","15":"tag-france","16":"tag-immobilier","17":"tag-ma-ville","18":"tag-news","19":"tag-news-paris","20":"tag-paris","21":"tag-paris-news","22":"tag-republique-francaise"},"share_on_mastodon":{"url":"https:\/\/pubeurope.com\/@fr\/114567414006839756","error":""},"_links":{"self":[{"href":"https:\/\/www.europesays.com\/fr\/wp-json\/wp\/v2\/posts\/126472","targetHints":{"allow":["GET"]}}],"collection":[{"href":"https:\/\/www.europesays.com\/fr\/wp-json\/wp\/v2\/posts"}],"about":[{"href":"https:\/\/www.europesays.com\/fr\/wp-json\/wp\/v2\/types\/post"}],"author":[{"embeddable":true,"href":"https:\/\/www.europesays.com\/fr\/wp-json\/wp\/v2\/users\/2"}],"replies":[{"embeddable":true,"href":"https:\/\/www.europesays.com\/fr\/wp-json\/wp\/v2\/comments?post=126472"}],"version-history":[{"count":0,"href":"https:\/\/www.europesays.com\/fr\/wp-json\/wp\/v2\/posts\/126472\/revisions"}],"wp:featuredmedia":[{"embeddable":true,"href":"https:\/\/www.europesays.com\/fr\/wp-json\/wp\/v2\/media\/126473"}],"wp:attachment":[{"href":"https:\/\/www.europesays.com\/fr\/wp-json\/wp\/v2\/media?parent=126472"}],"wp:term":[{"taxonomy":"category","embeddable":true,"href":"https:\/\/www.europesays.com\/fr\/wp-json\/wp\/v2\/categories?post=126472"},{"taxonomy":"post_tag","embeddable":true,"href":"https:\/\/www.europesays.com\/fr\/wp-json\/wp\/v2\/tags?post=126472"}],"curies":[{"name":"wp","href":"https:\/\/api.w.org\/{rel}","templated":true}]}}