{"id":126482,"date":"2025-05-25T08:03:08","date_gmt":"2025-05-25T08:03:08","guid":{"rendered":"https:\/\/www.europesays.com\/fr\/126482\/"},"modified":"2025-05-25T08:03:08","modified_gmt":"2025-05-25T08:03:08","slug":"les-syriens-vont-aider-les-etats-unis-a-retrouver-les-americains-disparus-pendant-la-guerre-civile","status":"publish","type":"post","link":"https:\/\/www.europesays.com\/fr\/126482\/","title":{"rendered":"Les Syriens vont aider les \u00c9tats-Unis \u00e0 retrouver les Am\u00e9ricains disparus pendant la guerre civile"},"content":{"rendered":"<p>La rencontre entre l\u2019envoy\u00e9 sp\u00e9cial de Trump et les nouveaux dirigeants syriens a permis d\u2019annoncer une collaboration plus \u00e9troite entre les deux pays.<\/p>\n<p class=\"fig-paragraph\">Le pouvoir syrien d&rsquo;Ahmad al-Chareh va aider les \u00c9tats-Unis \u00e0 \u00ablocaliser\u00bb les Am\u00e9ricains disparus pendant la guerre civile en Syrie, a annonc\u00e9 dimanche l&rsquo;envoy\u00e9 sp\u00e9cial am\u00e9ricain pour la Syrie, Tom Barrack.<\/p>\n<p class=\"fig-paragraph\">\u00abUn grand pas en avant. Le nouveau gouvernement syrien a accept\u00e9 d&rsquo;aider les \u00c9tats-Unis \u00e0 localiser et \u00e0 rapatrier les citoyens am\u00e9ricains ou leurs d\u00e9pouilles. Les familles d&rsquo;Austin Tice, Majd Kamalmaz et Kayla Mueller doivent pouvoir tourner la page\u00bb, a-t-il \u00e9crit sur X.<\/p>\n<p class=\"fig-paragraph\">Le journaliste Austin Tice a \u00e9t\u00e9 kidnapp\u00e9 en Syrie en ao\u00fbt 2012 par des hommes arm\u00e9s non identifi\u00e9s apr\u00e8s un reportage, au sud de Damas. Son enl\u00e8vement n&rsquo;a jamais \u00e9t\u00e9 revendiqu\u00e9 et sa famille continue de dire qu&rsquo;elle a des raisons de croire qu&rsquo;il est vivant. Majd Kamalmaz a \u00e9t\u00e9 captur\u00e9 lors d&rsquo;une visite priv\u00e9e \u00e0 Damas en 2017.<\/p>\n<p class=\"fig-body-link\">\n            \u00c0 lire aussi<br \/>\n        <a class=\"fig-body-link__link\" href=\"http:\/\/www.lefigaro.fr\/flash-actu\/syrie-l-emissaire-americain-rencontre-le-president-syrien-apres-la-levee-des-sanctions-20250524\" data-fig-type=\"NewsFlash\" data-gtm-custom-categorie=\"navigation\" data-gtm-custom-action=\"crossclick\" data-gtm-custom-label=\"Contextuel\" data-gtm-event=\"customEventSPE\" data-fig-domain=\"LEFIGARO\" rel=\"nofollow noopener\" target=\"_blank\">Syrie\u00a0: l&rsquo;\u00e9missaire am\u00e9ricain rencontre le pr\u00e9sident syrien apr\u00e8s la lev\u00e9e des sanctions<br \/>\n    <\/a>\n<\/p>\n<p class=\"fig-paragraph\">Kayla Mueller, qui travaillait avec le Danish Refugee Council, a \u00e9t\u00e9 enlev\u00e9e \u00e0 Alep (nord) en ao\u00fbt 2013. L&rsquo;EI a affirm\u00e9 que l&rsquo;otage, alors \u00e2g\u00e9e de 26 ans, avait \u00e9t\u00e9 tu\u00e9e pr\u00e8s de Raqa en Syrie, en f\u00e9vrier 2015 lors de bombardements de la coalition internationale antijihadiste men\u00e9e par les \u00c9tats-Unis. Son corps n&rsquo;a jamais \u00e9t\u00e9 retrouv\u00e9.<\/p>\n<p class=\"fig-paragraph\">Le pr\u00e9sident am\u00e9ricain Donald Trump a \u00abclairement indiqu\u00e9 que rapatrier les citoyens am\u00e9ricains ou honorer dignement leurs d\u00e9pouilles \u00e9tait une priorit\u00e9 absolue. Le nouveau gouvernement syrien va nous aider dans cet engagement\u00bb, a ajout\u00e9 l&rsquo;\u00e9missaire am\u00e9ricain.<\/p>\n<p class=\"fig-paragraph\">Le nouveau pouvoir syrien a renvers\u00e9 en d\u00e9cembre le pr\u00e9sident Bachar al-Assad lors d&rsquo;une offensive \u00e9clair men\u00e9e par une coalition de groupes islamistes radicaux dirig\u00e9e par Hayat Tahrir al-Sham (HTS), l&rsquo;ex-branche syrienne du groupe jihadiste Al-Qa\u00efda aujourd&rsquo;hui dissoute. HTS \u00e9tait dirig\u00e9 par al-Chareh.<\/p>\n","protected":false},"excerpt":{"rendered":"La rencontre entre l\u2019envoy\u00e9 sp\u00e9cial de Trump et les nouveaux dirigeants syriens a permis d\u2019annoncer une collaboration plus&hellip;\n","protected":false},"author":2,"featured_media":126483,"comment_status":"","ping_status":"","sticky":false,"template":"","format":"standard","meta":{"footnotes":""},"categories":[1589],"tags":[259,11,260,73,1866,14,261,12,262,32,1864,1865,1863,308],"class_list":{"0":"post-126482","1":"post","2":"type-post","3":"status-publish","4":"format-standard","5":"has-post-thumbnail","7":"category-etats-unis","8":"tag-actualite-internationale","9":"tag-actualites","10":"tag-affaires-etrangeres","11":"tag-etats-unis","12":"tag-etats-unis-damerique","13":"tag-international","14":"tag-ministere-des-affaires-etrangeres","15":"tag-news","16":"tag-politique-etrangere","17":"tag-syrie","18":"tag-united-states","19":"tag-united-states-of-america","20":"tag-us","21":"tag-usa"},"share_on_mastodon":{"url":"https:\/\/pubeurope.com\/@fr\/114567433688901014","error":""},"_links":{"self":[{"href":"https:\/\/www.europesays.com\/fr\/wp-json\/wp\/v2\/posts\/126482","targetHints":{"allow":["GET"]}}],"collection":[{"href":"https:\/\/www.europesays.com\/fr\/wp-json\/wp\/v2\/posts"}],"about":[{"href":"https:\/\/www.europesays.com\/fr\/wp-json\/wp\/v2\/types\/post"}],"author":[{"embeddable":true,"href":"https:\/\/www.europesays.com\/fr\/wp-json\/wp\/v2\/users\/2"}],"replies":[{"embeddable":true,"href":"https:\/\/www.europesays.com\/fr\/wp-json\/wp\/v2\/comments?post=126482"}],"version-history":[{"count":0,"href":"https:\/\/www.europesays.com\/fr\/wp-json\/wp\/v2\/posts\/126482\/revisions"}],"wp:featuredmedia":[{"embeddable":true,"href":"https:\/\/www.europesays.com\/fr\/wp-json\/wp\/v2\/media\/126483"}],"wp:attachment":[{"href":"https:\/\/www.europesays.com\/fr\/wp-json\/wp\/v2\/media?parent=126482"}],"wp:term":[{"taxonomy":"category","embeddable":true,"href":"https:\/\/www.europesays.com\/fr\/wp-json\/wp\/v2\/categories?post=126482"},{"taxonomy":"post_tag","embeddable":true,"href":"https:\/\/www.europesays.com\/fr\/wp-json\/wp\/v2\/tags?post=126482"}],"curies":[{"name":"wp","href":"https:\/\/api.w.org\/{rel}","templated":true}]}}