{"id":126494,"date":"2025-05-25T08:10:09","date_gmt":"2025-05-25T08:10:09","guid":{"rendered":"https:\/\/www.europesays.com\/fr\/126494\/"},"modified":"2025-05-25T08:10:09","modified_gmt":"2025-05-25T08:10:09","slug":"bordeaux-a-le-meilleur-public-de-france-et-deurope-clame-le-maire-pierre-hurmic","status":"publish","type":"post","link":"https:\/\/www.europesays.com\/fr\/126494\/","title":{"rendered":"\u00ab\u00a0Bordeaux a le meilleur public de France et d\u2019Europe\u00a0\u00bb, clame le maire, Pierre Hurmic"},"content":{"rendered":"<p class=\"article-p mdl\">Au lendemain du sacre en Champions Cup de l\u2019UBB, le maire de Bordeaux, Pierre Hurmic, \u00e9tait un \u00e9lu combl\u00e9. Ce dimanche 25 mai, il s\u2019est exprim\u00e9 au micro de RTL apr\u00e8s avoir assist\u00e9 \u00e0 la victoire \u00e0 Cardiff (Pays de Galles) contre Northampton, et avant de <strong>recevoir l\u2019ensemble de cette \u00ab\u00a0magnifique \u00e9quipe\u00a0\u00bb \u00e0 l\u2019h\u00f4tel de ville<\/strong> dans l\u2019apr\u00e8s-midi.<\/p>\n<p class=\"article-p mdl\">\u00ab\u00a0C\u2019est une premi\u00e8re \u00e0 Bordeaux, une \u00e9quipe championne d\u2019Europe, on est dans l\u2019in\u00e9dit, on d\u00e9couvrira\u00a0\u00bb, sourit-il \u00e0 l\u2019\u00e9vocation de ces festivit\u00e9s. Mais il ne doute pas que la population sera au rendez-vous, car, selon lui, la ville \u00ab\u00a0a le meilleur public de France et d\u2019Europe, le stade Chaban-Delmas a la meilleure affluence en Europe depuis dix ans, donc <strong>c\u2019est \u00e9vident que la ferveur va se poursuivre dans les rues bordelaises<\/strong>\u00ab\u00a0.<\/p>\n<p class=\"article-p mdl\"><a class=\"link\" href=\"https:\/\/www.rtl.fr\/actu\/economie-consommation\/invite-rtl-bordeaux-pierre-hurmic-ne-souhaite-pas-interdire-les-paquebots-mais-les-deplacer-7900405431\" title=\"INVIT\u00c9 RTL - Bordeaux : Pierre Hurmic &quot;ne souhaite pas interdire les paquebots mais les d\u00e9placer&quot;\" target=\"_blank\" rel=\"noopener\">Pierre Hurmic<\/a>\u00a0faisait partie des 5.000 Girondins \u00e0 avoir fait le d\u00e9placement jusqu\u2019au Pays de Galles, souffrant de la distance par rapport aux adversaires anglais, mais pas silencieux pour autant. \u00ab\u00a0<strong>On a entendu la clameur du public de l\u2019UBB<\/strong> donc on n\u2019\u00e9tait pas perdu, loin de l\u00e0, se f\u00e9licite-t-il. D\u00e9j\u00e0, le matin, on voyait dans les rues de Cardiff les d\u00e9ambulations joyeuses. La ville de Cardiff brillait de la ferveur de nos supporters.\u00a0\u00bb<\/p>\n<p>            Le rugby plus fort que le foot ?<\/p>\n<p class=\"article-p mdl\">Apr\u00e8s 19 ans d&rsquo;existence,\u00a0<a class=\"link\" href=\"https:\/\/www.rtl.fr\/sport\/autres-sports\/rugby-pourquoi-une-victoire-de-l-ubb-en-finale-de-champions-cup-serait-historique-7900508743\" title=\"Rugby : Bordeaux-B\u00e8gles remporte la Champions Cup, le premier titre de son histoire\" target=\"_blank\" rel=\"noopener\">l\u2019Union Bordeaux-B\u00e8gles a remport\u00e9, samedi, le premier troph\u00e9e de son histoire<\/a>. \u00ab\u00a0C\u2019est une tr\u00e8s longue construction, c\u2019est l\u2019aboutissement d\u2019une campagne europ\u00e9enne exceptionnelle, c\u2019est le fruit de deux d\u00e9cennies d\u2019<strong>une construction patiente, intelligente<\/strong>, qui a \u00e9t\u00e9 men\u00e9e par Laurent Marti, qui a une part fondamentale dans ce succ\u00e8s\u00a0\u00bb, indique le maire \u00e0 propos de celui qui pr\u00e9side le club depuis 2007.\u00a0<\/p>\n<p class=\"article-p mdl\">Alors qu\u2019au foot les Girondins de Bordeaux connaissent de jours sombres en National 2, quatri\u00e8me division fran\u00e7aise, leurs homologues du ballon ovale sont sur le toit de l\u2019Europe. Est-ce que Bordeaux est devenue<strong> une ville de rugby<\/strong> ?\u00a0<\/p>\n<p class=\"article-p mdl\">\u00ab\u00a0Bien s\u00fbr\u00a0\u00bb, r\u00e9pond, sans h\u00e9siter, Pierre Hurmic, qui souligne que <strong>\u00ab\u00a0c\u2019est un bastion historique du rugby fran\u00e7ais\u00a0\u00bb<\/strong>, car l\u2019UBB est l&rsquo;h\u00e9riti\u00e8re du Stade bordelais, sept fois champion de France, et du CA b\u00e9glais, deux fois. \u00a0<\/p>\n<p>    La r\u00e9daction vous recommande<\/p>\n<p class=\"s-newsletter__title\">\n                L\u2019actualit\u00e9 par la r\u00e9daction de RTL dans votre bo\u00eete mail.\n            <\/p>\n<p class=\"s-newsletter__subtitle\">\n                Gr\u00e2ce \u00e0 votre compte RTL abonnez-vous \u00e0 la newsletter RTL info pour suivre toute l&rsquo;actualit\u00e9 au quotidien\n            <\/p>\n<p>\n                                    Lire la suite\n                                <\/p>\n","protected":false},"excerpt":{"rendered":"Au lendemain du sacre en Champions Cup de l\u2019UBB, le maire de Bordeaux, Pierre Hurmic, \u00e9tait un \u00e9lu&hellip;\n","protected":false},"author":2,"featured_media":126495,"comment_status":"","ping_status":"","sticky":false,"template":"","format":"standard","meta":{"footnotes":""},"categories":[4],"tags":[11,3062,1997,1089,674,107,2619,1011,27,24999,12,362,25,479,517],"class_list":{"0":"post-126494","1":"post","2":"type-post","3":"status-publish","4":"format-standard","5":"has-post-thumbnail","7":"category-france","8":"tag-actualites","9":"tag-autres-sports","10":"tag-bordeaux","11":"tag-coupe-deurope","12":"tag-europe","13":"tag-fil-info","14":"tag-fil-sport","15":"tag-fr","16":"tag-france","17":"tag-linvite-de-rtl","18":"tag-news","19":"tag-replay","20":"tag-republique-francaise","21":"tag-rugby","22":"tag-sport"},"share_on_mastodon":{"url":"https:\/\/pubeurope.com\/@fr\/114567461173678779","error":""},"_links":{"self":[{"href":"https:\/\/www.europesays.com\/fr\/wp-json\/wp\/v2\/posts\/126494","targetHints":{"allow":["GET"]}}],"collection":[{"href":"https:\/\/www.europesays.com\/fr\/wp-json\/wp\/v2\/posts"}],"about":[{"href":"https:\/\/www.europesays.com\/fr\/wp-json\/wp\/v2\/types\/post"}],"author":[{"embeddable":true,"href":"https:\/\/www.europesays.com\/fr\/wp-json\/wp\/v2\/users\/2"}],"replies":[{"embeddable":true,"href":"https:\/\/www.europesays.com\/fr\/wp-json\/wp\/v2\/comments?post=126494"}],"version-history":[{"count":0,"href":"https:\/\/www.europesays.com\/fr\/wp-json\/wp\/v2\/posts\/126494\/revisions"}],"wp:featuredmedia":[{"embeddable":true,"href":"https:\/\/www.europesays.com\/fr\/wp-json\/wp\/v2\/media\/126495"}],"wp:attachment":[{"href":"https:\/\/www.europesays.com\/fr\/wp-json\/wp\/v2\/media?parent=126494"}],"wp:term":[{"taxonomy":"category","embeddable":true,"href":"https:\/\/www.europesays.com\/fr\/wp-json\/wp\/v2\/categories?post=126494"},{"taxonomy":"post_tag","embeddable":true,"href":"https:\/\/www.europesays.com\/fr\/wp-json\/wp\/v2\/tags?post=126494"}],"curies":[{"name":"wp","href":"https:\/\/api.w.org\/{rel}","templated":true}]}}