{"id":126522,"date":"2025-05-25T08:26:10","date_gmt":"2025-05-25T08:26:10","guid":{"rendered":"https:\/\/www.europesays.com\/fr\/126522\/"},"modified":"2025-05-25T08:26:10","modified_gmt":"2025-05-25T08:26:10","slug":"infographies-auvergne-rhone-alpes-le-moustique-tigre-sest-il-installe-chez-vous-le-progres","status":"publish","type":"post","link":"https:\/\/www.europesays.com\/fr\/126522\/","title":{"rendered":"Infographies. Auvergne-Rh\u00f4ne-Alpes : le moustique-tigre s&#039;est-il install\u00e9 chez vous ? &#8211; Le Progr\u00e8s"},"content":{"rendered":"<ol>\n<li><a href=\"https:\/\/news.google.com\/rss\/articles\/CBMiuAFBVV95cUxOMkJwQ3FxRUFkaUNPMnUzSjVXV1RPZHduOFk4VGJERVdsSFFiSFJpd0dCTnBGYUJPMF9YdkloRXlaYWxfWkNhYTViOHNYV3dmZlBtb003YWx1N2RGUmFCWGR5NEliNWp3WE1SZXVnTlZpeXJCcTloOUZ5WGQxMEo5RU9WXzVGNGNJOGhfZ0tIdlJWUEUtQUUwc3JqRExCOV9YeFN1d3ZFMWI2YjEza1ZFQTJyUS0zdTND?oc=5\" target=\"_blank\" rel=\"nofollow noopener\">Infographies. Auvergne-Rh\u00f4ne-Alpes : le moustique-tigre s&rsquo;est-il install\u00e9 chez vous ?<\/a>&nbsp;&nbsp;Le Progr\u00e8s<\/li>\n<li><a href=\"https:\/\/news.google.com\/rss\/articles\/CBMizAFBVV95cUxPNndhdzRtZkktbjdZZEI1b1RSQ2t5RGNOTHlPbmUyakUwNnR0OHczcVRlcVBDVVEzNFhWUlY3cWJ4SlRPeWlYdmJUczZEU0RLWkEtZE9lVWxETUE2eUNSZmktd3hFaW1QRTFjNi1NSmcwVDM4eUFXTVlIWklOSDBmVlVxNVoxUWJfb2pLOFF6Wm5PS29RMGFTRzFDLUdyYnA4MFBzYW1UMndfSjg0eW1XOXd5VHF5ZHlfRGsxYnM4TjJYODh0TE1ncm9XUS0?oc=5\" target=\"_blank\" rel=\"nofollow noopener\">Attention, le moustique tigre est de retour dans le Puy-de-D\u00f4me<\/a>&nbsp;&nbsp;La Montagne<\/li>\n<li><a href=\"https:\/\/news.google.com\/rss\/articles\/CBMi0AFBVV95cUxPOW94a2o4akpCN283MmVLUUp2VGRxVkhRYXl5MGVVSFc1T3VOa2cxZWVNUWE5UFpfYnZTQU1yOFFNd0Y5a1FySDU3LVI5NDhLY3JHU0JTTFdPdlNxNG5yQnFXamtucFF1RXFPbEU3ZnpibWFMVkVYYzlqTzlPOUFHTHBhTWF1SWVyN3VONjJkNzFWY1BPT0ZzSlA5WnhmdkdLOUxQUG85MkxHS2VfSXZxczZUU2RXOVE0aDRXZnZRVGY2NjRhRXlZMDh3cE9oSTFF?oc=5\" target=\"_blank\" rel=\"nofollow noopener\">Provence: les moustiques tigres font leur retour<\/a>&nbsp;&nbsp;BFMTV<\/li>\n<li><a href=\"https:\/\/news.google.com\/rss\/articles\/CBMitAFBVV95cUxQZFVPNWFSek1FM2RMbFROakhVdDloVEJlRzk3eWVadkpUbTBIT0dUVHJqNGIzY3FGTDRlWTIwaklZdUJiUEdoTU84UWhzcEN2b1NvVWZIbGVrSXFMZWh5S0NZYW9BUVJEa0pETW5zUUNGQ2ptVzhoNGtheW9hMS1jT3NXRWxnTDVOT2ZxVGhGbHNOMjlmMWRRa2lYX1M0Y3ViQXk4bnk5d2VGLVA5N0ZwNzhMbkI?oc=5\" target=\"_blank\" rel=\"nofollow noopener\">Champagnier. Prolif\u00e9ration du moustique tigre : l\u2019application ZZZapp \u00e0 la rescousse<\/a>&nbsp;&nbsp;Le Dauphin\u00e9 Lib\u00e9r\u00e9<\/li>\n<li><a href=\"https:\/\/news.google.com\/rss\/articles\/CBMikAJBVV95cUxQMkhYY0RaaVc3TjdiSHBhWnRodVo3RUtRUnZFS2lxcnoyaWRxV09VbzZZSmNfdFVKbW84a3NrZ2Z2dTMxVjZSc2RqV3VvWmJfRzZ3Q1l6RzhUUDNvRzhFRktWMmtidWplUWdYdVJtVUREaXdPLUlEZnFqbUFmOFIxcTgxNHRRbFViQ2VkUk5ZVVd2b19Jc3BWSEZfNU0wdjlJSnVBcldxLWJVM1lXX3daS0xUUjNCODhnY04ydzNfOTJvNEphYXFxa3NoM1NwNVlrVU5XaFFyNFRBdFZaN3pwUEJlSDQxN3VqaHZ3VzlUbWlQQ3kxWUJpeXJIZTVlQlpjX0NtTHlRa2loWUp6OUtNNw?oc=5\" target=\"_blank\" rel=\"nofollow noopener\">La chasse au moustique-tigre est lanc\u00e9e en Auvergne-Rh\u00f4ne-Alpes<\/a>&nbsp;&nbsp;Le Monde.fr<\/li>\n<\/ol>\n","protected":false},"excerpt":{"rendered":"Infographies. Auvergne-Rh\u00f4ne-Alpes : le moustique-tigre s&rsquo;est-il install\u00e9 chez vous ?&nbsp;&nbsp;Le Progr\u00e8s Attention, le moustique tigre est de retour&hellip;\n","protected":false},"author":2,"featured_media":126523,"comment_status":"","ping_status":"","sticky":false,"template":"","format":"standard","meta":{"footnotes":""},"categories":[10],"tags":[2738,1867,12163,436,107,1011,27,329,4002,72,3367,1031,2429,71,273,104],"class_list":{"0":"post-126522","1":"post","2":"type-post","3":"status-publish","4":"format-standard","5":"has-post-thumbnail","7":"category-sante","8":"tag-ain","9":"tag-animaux","10":"tag-data","11":"tag-environnement","12":"tag-fil-info","13":"tag-fr","14":"tag-france","15":"tag-france-monde","16":"tag-haute-loire","17":"tag-health","18":"tag-loire","19":"tag-magazine","20":"tag-rhone","21":"tag-sante","22":"tag-selection-de-la-redaction","23":"tag-societe"},"share_on_mastodon":{"url":"https:\/\/pubeurope.com\/@fr\/114567524067698620","error":""},"_links":{"self":[{"href":"https:\/\/www.europesays.com\/fr\/wp-json\/wp\/v2\/posts\/126522","targetHints":{"allow":["GET"]}}],"collection":[{"href":"https:\/\/www.europesays.com\/fr\/wp-json\/wp\/v2\/posts"}],"about":[{"href":"https:\/\/www.europesays.com\/fr\/wp-json\/wp\/v2\/types\/post"}],"author":[{"embeddable":true,"href":"https:\/\/www.europesays.com\/fr\/wp-json\/wp\/v2\/users\/2"}],"replies":[{"embeddable":true,"href":"https:\/\/www.europesays.com\/fr\/wp-json\/wp\/v2\/comments?post=126522"}],"version-history":[{"count":0,"href":"https:\/\/www.europesays.com\/fr\/wp-json\/wp\/v2\/posts\/126522\/revisions"}],"wp:featuredmedia":[{"embeddable":true,"href":"https:\/\/www.europesays.com\/fr\/wp-json\/wp\/v2\/media\/126523"}],"wp:attachment":[{"href":"https:\/\/www.europesays.com\/fr\/wp-json\/wp\/v2\/media?parent=126522"}],"wp:term":[{"taxonomy":"category","embeddable":true,"href":"https:\/\/www.europesays.com\/fr\/wp-json\/wp\/v2\/categories?post=126522"},{"taxonomy":"post_tag","embeddable":true,"href":"https:\/\/www.europesays.com\/fr\/wp-json\/wp\/v2\/tags?post=126522"}],"curies":[{"name":"wp","href":"https:\/\/api.w.org\/{rel}","templated":true}]}}