{"id":126534,"date":"2025-05-25T08:32:09","date_gmt":"2025-05-25T08:32:09","guid":{"rendered":"https:\/\/www.europesays.com\/fr\/126534\/"},"modified":"2025-05-25T08:32:09","modified_gmt":"2025-05-25T08:32:09","slug":"une-nouvelle-panne-electrique-temporaire-a-touche-45-000-foyers-autour-de-nice-apres-un-acte-de-vandalisme","status":"publish","type":"post","link":"https:\/\/www.europesays.com\/fr\/126534\/","title":{"rendered":"Une nouvelle panne \u00e9lectrique temporaire a touch\u00e9 45.000 foyers autour de Nice apr\u00e8s un acte de vandalisme"},"content":{"rendered":"<p>Dans la nuit, l\u2019incendie \u00abcriminel\u00bb d\u2019un transformateur \u00e9lectrique a priv\u00e9 temporairement 45.000 foyers d\u2019\u00e9lectricit\u00e9, ainsi que l\u2019a\u00e9roport et les transports en commun ni\u00e7ois. Le r\u00e9seau \u00e9lectrique a \u00e9t\u00e9 r\u00e9tabli t\u00f4t ce matin.<\/p>\n<p class=\"fig-paragraph\">Un incendie s&rsquo;est d\u00e9clar\u00e9 dans la nuit de samedi \u00e0 dimanche sur un transformateur \u00e9lectrique \u00e0\u00a0<a href=\"http:\/\/www.lefigaro.fr\/voyages\/dossier\/nice\" data-fig-type=\"Topic\" data-gtm-custom-categorie=\"navigation\" data-gtm-custom-action=\"crossclick\" data-gtm-custom-label=\"Contextuel\" data-gtm-event=\"customEventSPE\" data-fig-domain=\"LEFIGARO\" target=\"_blank\" rel=\"noopener\">Nice<\/a>, au lendemain d&rsquo;une coupure massive d&rsquo;\u00e9lectricit\u00e9 dans l&rsquo;ouest des Alpes-Maritimes apr\u00e8s le sabotage de deux installations, a-t-on appris aupr\u00e8s du parquet de Nice. Une source proche du dossier a indiqu\u00e9 au Figaro que cet incendie \u00e9tait \u00abcriminel\u00bb, et qu\u2019une porte pour acc\u00e9der au transformateur avait \u00e9t\u00e9 vandalis\u00e9e.<\/p>\n<p class=\"fig-paragraph\">Le feu s&rsquo;est d\u00e9clar\u00e9 dans la nuit sur ce poste \u00e9lectrique situ\u00e9 dans le quartier des Moulins, dans l&rsquo;ouest de Nice, et a entra\u00een\u00e9 une privation de courant dans 45.000 foyers situ\u00e9s \u00e0 Nice, Cagnes-sur-Mer et Saint-Laurent-du-Var, ainsi qu\u2019\u00e0 l\u2019a\u00e9roport de Nice. Le r\u00e9seau de tramway a \u00e9t\u00e9 \u00e9galement touch\u00e9. Joint par Le Figaro, l\u2019adjoint au maire de Nice\u00a0<a href=\"http:\/\/www.lefigaro.fr\/vox\/politique\/gael-nofri-les-trois-lecons-de-l-acte-de-deces-du-macronisme-20240711\" data-fig-type=\"Article\" data-gtm-custom-categorie=\"navigation\" data-gtm-custom-action=\"crossclick\" data-gtm-custom-label=\"Contextuel\" data-gtm-event=\"customEventSPE\" data-fig-domain=\"LEFIGARO\" target=\"_blank\" rel=\"noopener\">Ga\u00ebl Nofri<\/a>\u00a0a indiqu\u00e9 que le courant avait \u00e9t\u00e9 r\u00e9tabli par Enedis vers 5h30 ce matin, et que l\u2019a\u00e9roport n\u2019avait pas \u00e9t\u00e9 impact\u00e9, car touch\u00e9 seulement aux heures de fermeture. Les transports en commun ont repris leur service une heure plus tard que d\u2019habitude, et plus aucun foyer n\u2019\u00e9tait encore priv\u00e9 d\u2019\u00e9lectricit\u00e9 en d\u00e9but de matin\u00e9e dimanche.<\/p>\n<p class=\"fig-paragraph\">\u00abJe d\u00e9nonce avec force ces actes malveillants qui touchent notre pays\u00bb, a r\u00e9agi sur X Christian Estrosi, qui a annonc\u00e9 le d\u00e9p\u00f4t d\u2019une plainte par la ville. La Ville de Nice a \u00e9galement pr\u00e9cis\u00e9 que les autres installations \u00e9lectriques sensibles avaient \u00e9t\u00e9 plac\u00e9es sous la protection des forces de l\u2019ordre.<\/p>\n<p class=\"fig-body-link\">\n            \u00c0 lire aussi<br \/>\n        <a class=\"fig-body-link__link\" href=\"http:\/\/www.lefigaro.fr\/faits-divers\/actes-de-sabotage-en-paca-tous-les-moyens-sont-mobilises-pour-identifier-les-auteurs-de-la-vaste-panne-d-electricite-20250524\" data-fig-type=\"NewsFlash\" data-gtm-custom-categorie=\"navigation\" data-gtm-custom-action=\"crossclick\" data-gtm-custom-label=\"Contextuel\" data-gtm-event=\"customEventSPE\" data-fig-domain=\"LEFIGARO\" target=\"_blank\" rel=\"noopener\">Actes de sabotage en Paca\u00a0: \u00abTous les moyens sont mobilis\u00e9s pour identifier les auteurs\u00bb de la vaste panne d\u2019\u00e9lectricit\u00e9<br \/>\n    <\/a>\n<\/p>\n<p class=\"fig-paragraph\">Cet incendie survient\u00a0<a href=\"http:\/\/www.lefigaro.fr\/flash-eco\/l-ouest-des-alpes-maritimes-touche-par-une-panne-d-electricite-20250524\" data-fig-type=\"NewsFlash\" data-gtm-custom-categorie=\"navigation\" data-gtm-custom-action=\"crossclick\" data-gtm-custom-label=\"Contextuel\" data-gtm-event=\"customEventSPE\" data-fig-domain=\"LEFIGARO\" target=\"_blank\" rel=\"noopener\">au lendemain de d\u00e9gradations volontaires<\/a>\u00a0sur deux installations \u00e9lectriques, un poste haute tension incendi\u00e9 dans le Var et un pyl\u00f4ne sci\u00e9 dans les Alpes-Maritimes, qui ont provoqu\u00e9 un black-out de plusieurs heures, affectant 160.000 foyers, notamment \u00e0 Cannes en plein festival de cin\u00e9ma, pr\u00e9serv\u00e9 gr\u00e2ce \u00e0 son syst\u00e8me d&rsquo;alimentation autonome.<\/p>\n<p class=\"fig-paragraph\">Selon notre source pr\u00e9cit\u00e9e, les enqu\u00eateurs n\u2019affirment pas \u00e0 ce stade qu\u2019il y aurait un lien entre les \u00e9v\u00e9nements de la veille et ceux de dimanche matin, et s\u2019int\u00e9ressent \u00e0 un homicide commis dans le m\u00eame quartier ni\u00e7ois au cours de la nuit.\u00a0Un homme a \u00e9t\u00e9 \u00ab\u00e9gorg\u00e9 \u00e0 mort\u00bb dans le quartier des Moulins, connu pour \u00eatre gangren\u00e9 par le trafic de stup\u00e9fiants, selon l\u2019ancien pr\u00e9sident du conseil d\u00e9partemental des Alpes-Maritimes \u00c9ric Ciotti.<\/p>\n","protected":false},"excerpt":{"rendered":"Dans la nuit, l\u2019incendie \u00abcriminel\u00bb d\u2019un transformateur \u00e9lectrique a priv\u00e9 temporairement 45.000 foyers d\u2019\u00e9lectricit\u00e9, ainsi que l\u2019a\u00e9roport et&hellip;\n","protected":false},"author":2,"featured_media":126535,"comment_status":"","ping_status":"","sticky":false,"template":"","format":"standard","meta":{"footnotes":""},"categories":[4],"tags":[1111,47,11,1117,1109,1112,636,341,257,632,1108,107,1106,1107,1119,1011,27,1116,1110,1114,500,12,1113,1118,25,137,401,1115],"class_list":{"0":"post-126534","1":"post","2":"type-post","3":"status-publish","4":"format-standard","5":"has-post-thumbnail","7":"category-france","8":"tag-actu","9":"tag-actualite","10":"tag-actualites","11":"tag-assurance","12":"tag-breves","13":"tag-depeches","14":"tag-devises","15":"tag-emploi","16":"tag-entreprise","17":"tag-fcp","18":"tag-fil","19":"tag-fil-info","20":"tag-flash","21":"tag-flash-actu","22":"tag-formation","23":"tag-fr","24":"tag-france","25":"tag-immobilier","26":"tag-informations","27":"tag-infos","28":"tag-medias","29":"tag-news","30":"tag-nouvelles","31":"tag-placement","32":"tag-republique-francaise","33":"tag-retraite","34":"tag-sicav","35":"tag-taux"},"share_on_mastodon":{"url":"https:\/\/pubeurope.com\/@fr\/114567547701635930","error":""},"_links":{"self":[{"href":"https:\/\/www.europesays.com\/fr\/wp-json\/wp\/v2\/posts\/126534","targetHints":{"allow":["GET"]}}],"collection":[{"href":"https:\/\/www.europesays.com\/fr\/wp-json\/wp\/v2\/posts"}],"about":[{"href":"https:\/\/www.europesays.com\/fr\/wp-json\/wp\/v2\/types\/post"}],"author":[{"embeddable":true,"href":"https:\/\/www.europesays.com\/fr\/wp-json\/wp\/v2\/users\/2"}],"replies":[{"embeddable":true,"href":"https:\/\/www.europesays.com\/fr\/wp-json\/wp\/v2\/comments?post=126534"}],"version-history":[{"count":0,"href":"https:\/\/www.europesays.com\/fr\/wp-json\/wp\/v2\/posts\/126534\/revisions"}],"wp:featuredmedia":[{"embeddable":true,"href":"https:\/\/www.europesays.com\/fr\/wp-json\/wp\/v2\/media\/126535"}],"wp:attachment":[{"href":"https:\/\/www.europesays.com\/fr\/wp-json\/wp\/v2\/media?parent=126534"}],"wp:term":[{"taxonomy":"category","embeddable":true,"href":"https:\/\/www.europesays.com\/fr\/wp-json\/wp\/v2\/categories?post=126534"},{"taxonomy":"post_tag","embeddable":true,"href":"https:\/\/www.europesays.com\/fr\/wp-json\/wp\/v2\/tags?post=126534"}],"curies":[{"name":"wp","href":"https:\/\/api.w.org\/{rel}","templated":true}]}}