{"id":126538,"date":"2025-05-25T08:34:09","date_gmt":"2025-05-25T08:34:09","guid":{"rendered":"https:\/\/www.europesays.com\/fr\/126538\/"},"modified":"2025-05-25T08:34:09","modified_gmt":"2025-05-25T08:34:09","slug":"saint-etienne-un-dimanche-charge-pour-les-pompiers-apres-plusieurs-incendies","status":"publish","type":"post","link":"https:\/\/www.europesays.com\/fr\/126538\/","title":{"rendered":"Saint-\u00c9tienne : un dimanche charg\u00e9 pour les pompiers apr\u00e8s plusieurs incendies"},"content":{"rendered":"<p>Ce matin du dimanche 25 mai, les pompiers ont \u00e9t\u00e9 fortement sollicit\u00e9s \u00e0 Saint-\u00c9tienne. Plusieurs feux de voiture et un incendie dans un parking se sont produits.<\/p>\n<p>Au total, une cinquantaine de pompiers ont \u00e9t\u00e9 mobilis\u00e9s \u00e0 <b>Saint-\u00c9tienne<\/b>. Ce dimanche 25 mai, plusieurs incendies se sont d\u00e9clar\u00e9s dans les rues st\u00e9phanoises.<\/p>\n<p>Plusieurs v\u00e9hicules en proie aux flammes \u00e0 Saint-\u00c9tienne<\/p>\n<p>D&rsquo;abord, un peu apr\u00e8s 6h du matin, les pompiers ont \u00e9t\u00e9 appel\u00e9s pour deux v\u00e9hicules totalement embras\u00e9s sur le boulevard Chantalouette. Ils ont utilis\u00e9 une lance \u00e0 eau pour \u00e9teindre les flammes.<\/p>\n<p>Quelques minutes plus tard, rue Moulinier, trois autres v\u00e9hicules ont pris feu. Il y a aussi une fuite de gaz. Pr\u00e8s de 200 foyers se sont retrouv\u00e9s sans gaz.<\/p>\n<p>Incendie dans un parking et nouveaux feux de voiture<\/p>\n<p>Vers 6h45, deux nouvelles interventions des pompiers ont \u00e9t\u00e9 n\u00e9cessaires dans le quartier de Bellevue de Saint-\u00c9tienne.<\/p>\n<p>Dans le secteur de la rue Thimonnier, un incendie s&rsquo;est d\u00e9clar\u00e9 dans le parking d&rsquo;un immeuble. Une moto et un v\u00e9hicule ont \u00e9t\u00e9 d\u00e9truits par les flammes.<\/p>\n<p>Les pompiers ont mis en s\u00e9curit\u00e9 25 personnes, notamment \u00e0 cause des fum\u00e9es, mais aucun habitant n&rsquo;a d\u00fb \u00eatre emmen\u00e9 \u00e0 l&rsquo;h\u00f4pital apr\u00e8s de rapides examens.<\/p>\n<p>Et puis de nouveau, les pompiers sont intervenus pour quatre v\u00e9hicules totalement en feu rue Chomier. Ils sont parvenus \u00e0 \u00e9teindre les flammes au moyen de deux lances \u00e0 eau. La fa\u00e7ade d&rsquo;un immeuble a \u00e9t\u00e9 d\u00e9grad\u00e9e par le feu.<\/p>\n<p><img loading=\"lazy\" decoding=\"async\" src=\"https:\/\/www.europesays.com\/fr\/wp-content\/uploads\/2025\/05\/1748162049_525_img\" width=\"350\" height=\"200\" border=\"0\" title=\"Des pompiers en intervention\"\/><\/p>\n<p>\u25baFaits divers<\/p>\n<p style=\"font-size: 22px;\"><b>Auvergne-Rh\u00f4ne-Alpes : le camion prend feu myst\u00e9rieusement et ravage une grange<\/b><\/p>\n<p>Un incendie s&rsquo;est d\u00e9clar\u00e9 ce vendredi 23 mai,&#8230;<\/p>\n<p><\/p>\n","protected":false},"excerpt":{"rendered":"Ce matin du dimanche 25 mai, les pompiers ont \u00e9t\u00e9 fortement sollicit\u00e9s \u00e0 Saint-\u00c9tienne. Plusieurs feux de voiture&hellip;\n","protected":false},"author":2,"featured_media":126539,"comment_status":"","ping_status":"","sticky":false,"template":"","format":"standard","meta":{"footnotes":""},"categories":[9653],"tags":[1111,11,2430,1777,674,6017,1312,14635,1011,27,1310,12,1311,25,9920,4001],"class_list":{"0":"post-126538","1":"post","2":"type-post","3":"status-publish","4":"format-standard","5":"has-post-thumbnail","7":"category-saint-etienne","8":"tag-actu","9":"tag-actualites","10":"tag-auvergne-rhone-alpes","11":"tag-eu","12":"tag-europe","13":"tag-fait-divers","14":"tag-feu","15":"tag-flammes","16":"tag-fr","17":"tag-france","18":"tag-incendie","19":"tag-news","20":"tag-pompiers","21":"tag-republique-francaise","22":"tag-saint-tienne","23":"tag-saint-etienne"},"share_on_mastodon":{"url":"https:\/\/pubeurope.com\/@fr\/114567555787094489","error":""},"_links":{"self":[{"href":"https:\/\/www.europesays.com\/fr\/wp-json\/wp\/v2\/posts\/126538","targetHints":{"allow":["GET"]}}],"collection":[{"href":"https:\/\/www.europesays.com\/fr\/wp-json\/wp\/v2\/posts"}],"about":[{"href":"https:\/\/www.europesays.com\/fr\/wp-json\/wp\/v2\/types\/post"}],"author":[{"embeddable":true,"href":"https:\/\/www.europesays.com\/fr\/wp-json\/wp\/v2\/users\/2"}],"replies":[{"embeddable":true,"href":"https:\/\/www.europesays.com\/fr\/wp-json\/wp\/v2\/comments?post=126538"}],"version-history":[{"count":0,"href":"https:\/\/www.europesays.com\/fr\/wp-json\/wp\/v2\/posts\/126538\/revisions"}],"wp:featuredmedia":[{"embeddable":true,"href":"https:\/\/www.europesays.com\/fr\/wp-json\/wp\/v2\/media\/126539"}],"wp:attachment":[{"href":"https:\/\/www.europesays.com\/fr\/wp-json\/wp\/v2\/media?parent=126538"}],"wp:term":[{"taxonomy":"category","embeddable":true,"href":"https:\/\/www.europesays.com\/fr\/wp-json\/wp\/v2\/categories?post=126538"},{"taxonomy":"post_tag","embeddable":true,"href":"https:\/\/www.europesays.com\/fr\/wp-json\/wp\/v2\/tags?post=126538"}],"curies":[{"name":"wp","href":"https:\/\/api.w.org\/{rel}","templated":true}]}}