{"id":126543,"date":"2025-05-25T08:37:51","date_gmt":"2025-05-25T08:37:51","guid":{"rendered":"https:\/\/www.europesays.com\/fr\/126543\/"},"modified":"2025-05-25T08:37:51","modified_gmt":"2025-05-25T08:37:51","slug":"nancy-ii-gache-la-fete-du-fc-mulhouse","status":"publish","type":"post","link":"https:\/\/www.europesays.com\/fr\/126543\/","title":{"rendered":"Nancy II g\u00e2che la f\u00eate du FC Mulhouse"},"content":{"rendered":"<p>Ils avaient sans doute imagin\u00e9 une soir\u00e9e plus joyeuse. Le FC Mulhouse a organis\u00e9 ce samedi soir une c\u00e9r\u00e9monie r\u00e9compensant son \u00e9quipe et son staff technique pour la remarquable saison, termin\u00e9e avec le titre de champion du groupe C.<\/p>\n<p>Habib Diarra, l\u2019enfant du club devenu capitaine du Racing-Club de Strasbourg, \u00e9tait pr\u00e9sent pour remettre \u00e0 Samir Kecha, le capitaine du FCM, le troph\u00e9e du champion. Dans une certaine all\u00e9gresse, ils ont pu c\u00e9l\u00e9brer ce titre, alors que le plus dur commence, puisque pour acc\u00e9der au National 3, il faudra remporter les barrages les 8 et 15 juin.<\/p>\n<p>  La d\u00e9fense secou\u00e9e comme jamais<\/p>\n<p>Sur le terrain, les Mulhousiens ont v\u00e9cu une soir\u00e9e beaucoup moins enthousiasmante, douch\u00e9s par leur dauphin, Nancy II, qui a mis \u00e0 mal la d\u00e9fense haut-rhinoise comme jamais cette saison. Tr\u00e8s vite, avec l\u2019appui du vent, les Nanc\u00e9iens, tr\u00e8s joueurs, mettaient de la pression sur l\u2019arri\u00e8re-garde. Tandia \u00e9tait le premier \u00e0 faire trembler les filets, mais il \u00e9tait signal\u00e9 en position de hors-jeu (7e). Paulos devait repousser des points un coup franc lointain de Carpentier (9e), avait d\u2019\u00eatre suppl\u00e9\u00e9 par Haderbache sur sa ligne sur un essai de Ztouti (22e).<\/p>\n<p>La pression \u00e9tait intense et El Hansar pensait ouvrir le score dur une t\u00eate \u00e0 bout portant, mais le ballon rebondissait sur le dos de son partenaire Mendes Tavares (34e). Finalement, il fallait une faute de main de Paulos, le gardien alsacien, sur un corner de Delaveau, pour permettre \u00e0 Nancy de virer en t\u00eate (35e). Cinq minutes plus tard, sur un contre jou\u00e9 en trois pass\u00e9s, Ztouti faisait m\u00eame le break (40e). Mais dans la minute suivante, Amaouche trouvait Chirouf dans les six m\u00e8tres pour relancer la machine mulhousienne (41e).<\/p>\n<p>  Amaouche redonne espoir<\/p>\n<p>Au retour des vestiaires, le jeu s\u2019\u00e9quilibrait quelque peu, mais Penuisic, entr\u00e9 \u00e0 la pause, filait par deux fois dans le dos de la d\u00e9fense alsacienne. Il trouvait d\u2019abord le poteau (51e) avant de redonner deux buts d\u2019avance aux siens (55e). Mulhouse n\u2019avait alors plus la force pour revenir dans la partie, m\u00eame si Kecha butait sur le gardien (55e), avant de voir sa t\u00eate smash\u00e9e sur un centre de Chirouf fuir le cadre d\u2019un rien (58e). Sur un corner d\u2019Elhani, Varsovie voyait lui aussi manquer le cadre d\u2019un rien (63e).<\/p>\n<p>Dans le temps additionnel, Amaouche inscrivait le deuxi\u00e8me but local sur une offrande de Chirouf (90e+1), mais Guechi mettait tout le monde d\u2019accord apr\u00e8s une une-deux dans la surface (90e+3). C\u2019\u00e9tait largement m\u00e9rit\u00e9 pour le dauphin, et la f\u00eate pouvait d\u00e9buter pour les Mulhousiens, qui c\u00e9l\u00e9braient ce titre, avant d\u2019entamer les barrages d\u2019accession.<\/p>\n","protected":false},"excerpt":{"rendered":"Ils avaient sans doute imagin\u00e9 une soir\u00e9e plus joyeuse. Le FC Mulhouse a organis\u00e9 ce samedi soir une&hellip;\n","protected":false},"author":2,"featured_media":126544,"comment_status":"","ping_status":"","sticky":false,"template":"","format":"standard","meta":{"footnotes":""},"categories":[9635],"tags":[1111,11,1777,674,25000,107,1701,63,1011,27,775,1702,12,25,517],"class_list":{"0":"post-126543","1":"post","2":"type-post","3":"status-publish","4":"format-standard","5":"has-post-thumbnail","7":"category-nancy","8":"tag-actu","9":"tag-actualites","10":"tag-eu","11":"tag-europe","12":"tag-fcm-football-club-mulhouse","13":"tag-fil-info","14":"tag-fil-info-sport","15":"tag-football","16":"tag-fr","17":"tag-france","18":"tag-grand-est","19":"tag-nancy","20":"tag-news","21":"tag-republique-francaise","22":"tag-sport"},"share_on_mastodon":{"url":"https:\/\/pubeurope.com\/@fr\/114567571284723120","error":""},"_links":{"self":[{"href":"https:\/\/www.europesays.com\/fr\/wp-json\/wp\/v2\/posts\/126543","targetHints":{"allow":["GET"]}}],"collection":[{"href":"https:\/\/www.europesays.com\/fr\/wp-json\/wp\/v2\/posts"}],"about":[{"href":"https:\/\/www.europesays.com\/fr\/wp-json\/wp\/v2\/types\/post"}],"author":[{"embeddable":true,"href":"https:\/\/www.europesays.com\/fr\/wp-json\/wp\/v2\/users\/2"}],"replies":[{"embeddable":true,"href":"https:\/\/www.europesays.com\/fr\/wp-json\/wp\/v2\/comments?post=126543"}],"version-history":[{"count":0,"href":"https:\/\/www.europesays.com\/fr\/wp-json\/wp\/v2\/posts\/126543\/revisions"}],"wp:featuredmedia":[{"embeddable":true,"href":"https:\/\/www.europesays.com\/fr\/wp-json\/wp\/v2\/media\/126544"}],"wp:attachment":[{"href":"https:\/\/www.europesays.com\/fr\/wp-json\/wp\/v2\/media?parent=126543"}],"wp:term":[{"taxonomy":"category","embeddable":true,"href":"https:\/\/www.europesays.com\/fr\/wp-json\/wp\/v2\/categories?post=126543"},{"taxonomy":"post_tag","embeddable":true,"href":"https:\/\/www.europesays.com\/fr\/wp-json\/wp\/v2\/tags?post=126543"}],"curies":[{"name":"wp","href":"https:\/\/api.w.org\/{rel}","templated":true}]}}