{"id":126547,"date":"2025-05-25T08:39:09","date_gmt":"2025-05-25T08:39:09","guid":{"rendered":"https:\/\/www.europesays.com\/fr\/126547\/"},"modified":"2025-05-25T08:39:09","modified_gmt":"2025-05-25T08:39:09","slug":"toulon-plan-intercommunal-de-sauvegarde-la-demarche-est-lancee","status":"publish","type":"post","link":"https:\/\/www.europesays.com\/fr\/126547\/","title":{"rendered":"TOULON : Plan Intercommunal de Sauvegarde, la d\u00e9marche est lanc\u00e9e"},"content":{"rendered":"<p style=\"text-align: left;\"><strong>La d\u00e9marche d\u2019\u00e9laboration du plan Intercommunal de Sauvegarde a \u00e9t\u00e9 lanc\u00e9e, \u00e0 l\u2019occasion du Conseil m\u00e9tropolitain du mercredi 30 avril 2025.<\/strong><\/p>\n<p style=\"text-align: left;\">Relais entre les politiques locales de pr\u00e9vention des risques et celles de gestion des situations de crise, il concourt \u00e0 la solidarit\u00e9 entre communes membres de la M\u00e9tropole TPM face aux risques, en favorisant l\u2019expertise, l\u2019appui, l\u2019accompagnement ou la coordination en mati\u00e8re de planification ou lors des crises.<\/p>\n<p style=\"text-align: left;\">Dispositif compl\u00e9mentaire des PCS, le plan intercommunal de sauvegarde (PICS) pr\u00e9pare et organise la solidarit\u00e9 intercommunale en situation de crise. Il doit soutenir chaque maire dans l\u2019exercice de ses pr\u00e9rogatives en situation de crise et dans ses missions de protection de la population.<\/p>\n<p style=\"text-align: left;\">Obligatoire pour tous les EPCI dont au moins une commune membre est soumise \u00e0 l\u2019obligation de r\u00e9aliser un plan communal de sauvegarde (Loi n\u00b02021-1520 du 25 novembre 2021 dite \u00ab\u00a0loi Matras\u00a0\u00bb), la d\u00e9marche d\u2019\u00e9laboration du PICS de la M\u00e9tropole TPM a donc \u00e9t\u00e9 lanc\u00e9e, \u00e0 l\u2019occasion du Conseil m\u00e9tropolitain du mercredi 30 avril 2025.<\/p>\n<p style=\"text-align: left;\">Ainsi, pour son \u00e9laboration, un r\u00e9seau des r\u00e9f\u00e9rents a \u00e9t\u00e9 d\u00e9sign\u00e9 dans chaque commune afin de poursuivre un travail en commun avec TPM sur les plans communaux de sauvegarde.<\/p>\n<p style=\"text-align: left;\"><a href=\"https:\/\/www.metropoletpm.fr\/actualites\/pics-solidarite-intercommunale-s-organise\" rel=\"nofollow noopener\" target=\"_blank\">LIRE LA SUITE<\/a><\/p>\n<p style=\"text-align: left;\"><strong>SOURCE : Lettre d\u2019information M\u00e9tropole Toulon Provence M\u00e9diterran\u00e9e.<\/strong><\/p>\n","protected":false},"excerpt":{"rendered":"La d\u00e9marche d\u2019\u00e9laboration du plan Intercommunal de Sauvegarde a \u00e9t\u00e9 lanc\u00e9e, \u00e0 l\u2019occasion du Conseil m\u00e9tropolitain du mercredi&hellip;\n","protected":false},"author":2,"featured_media":126548,"comment_status":"","ping_status":"","sticky":false,"template":"","format":"standard","meta":{"footnotes":""},"categories":[9619],"tags":[1111,11,1777,674,1011,27,12,882,25,2310],"class_list":{"0":"post-126547","1":"post","2":"type-post","3":"status-publish","4":"format-standard","5":"has-post-thumbnail","7":"category-toulon","8":"tag-actu","9":"tag-actualites","10":"tag-eu","11":"tag-europe","12":"tag-fr","13":"tag-france","14":"tag-news","15":"tag-provence-alpes-cote-dazur","16":"tag-republique-francaise","17":"tag-toulon"},"share_on_mastodon":{"url":"https:\/\/pubeurope.com\/@fr\/114567575414313071","error":""},"_links":{"self":[{"href":"https:\/\/www.europesays.com\/fr\/wp-json\/wp\/v2\/posts\/126547","targetHints":{"allow":["GET"]}}],"collection":[{"href":"https:\/\/www.europesays.com\/fr\/wp-json\/wp\/v2\/posts"}],"about":[{"href":"https:\/\/www.europesays.com\/fr\/wp-json\/wp\/v2\/types\/post"}],"author":[{"embeddable":true,"href":"https:\/\/www.europesays.com\/fr\/wp-json\/wp\/v2\/users\/2"}],"replies":[{"embeddable":true,"href":"https:\/\/www.europesays.com\/fr\/wp-json\/wp\/v2\/comments?post=126547"}],"version-history":[{"count":0,"href":"https:\/\/www.europesays.com\/fr\/wp-json\/wp\/v2\/posts\/126547\/revisions"}],"wp:featuredmedia":[{"embeddable":true,"href":"https:\/\/www.europesays.com\/fr\/wp-json\/wp\/v2\/media\/126548"}],"wp:attachment":[{"href":"https:\/\/www.europesays.com\/fr\/wp-json\/wp\/v2\/media?parent=126547"}],"wp:term":[{"taxonomy":"category","embeddable":true,"href":"https:\/\/www.europesays.com\/fr\/wp-json\/wp\/v2\/categories?post=126547"},{"taxonomy":"post_tag","embeddable":true,"href":"https:\/\/www.europesays.com\/fr\/wp-json\/wp\/v2\/tags?post=126547"}],"curies":[{"name":"wp","href":"https:\/\/api.w.org\/{rel}","templated":true}]}}