{"id":126561,"date":"2025-05-25T08:49:10","date_gmt":"2025-05-25T08:49:10","guid":{"rendered":"https:\/\/www.europesays.com\/fr\/126561\/"},"modified":"2025-05-25T08:49:10","modified_gmt":"2025-05-25T08:49:10","slug":"toute-lactu-top-music-une-cour-vegetalisee-pour-le-lycee-marcel-rudloff-de-strasbourg","status":"publish","type":"post","link":"https:\/\/www.europesays.com\/fr\/126561\/","title":{"rendered":"Toute l&rsquo;actu Top Music &#8211; Une cour v\u00e9g\u00e9talis\u00e9e pour le lyc\u00e9e Marcel Rudloff de Strasbourg"},"content":{"rendered":"<p><img decoding=\"async\" class=\"\" style=\"width:100%\" src=\"https:\/\/www.europesays.com\/fr\/wp-content\/uploads\/2025\/05\/IMG_50551748025076779.webp.webp\" alt=\"Les derniers coups de pelles des travaux de la cour du lyc\u00e9e Marcel Rudloff !\"\/><\/p>\n<p>Les derniers coups de pelles des travaux de la cour du lyc\u00e9e Marcel Rudloff !<\/p>\n<p>Cr\u00e9dit : Top Music &#8211; JC<\/p>\n<p style=\"text-align: justify;\">L<strong>a v\u00e9g\u00e9talisation de la cour du lyc\u00e9e Marcel-Rudloff de Strasbourg <\/strong>est un travail de plus de quatre ans, et il est enfin arriv\u00e9 \u00e0 terme\u00a0! Il faut dire que l\u2019ancienne cour \u00e9tait devenue <strong>invivable<\/strong>, surtout sous les fortes chaleurs. \u00ab\u00a0Elle \u00e9tait en <strong>bitume<\/strong>. On traversait \u00e0 peine la cour car <strong>sous 35 degr\u00e9s nous \u00e9tions en nage.<\/strong> Personne n\u2019allait l\u00e0, les \u00e9l\u00e8ves ne jouaient pas au foot, <strong>ils ne pouvaient pas se poser dehors<\/strong>\u00a0\u00bb, \u00e9voque Rodolphe Raffin-Marchetti, proviseur de l\u2019\u00e9tablissement. D\u00e9sormais, la cour de de 3 000 m\u00b2 est un <strong>\u00eelot de fra\u00eecheur<\/strong>. \u00ab\u00a0C\u2019est devenu un espace vert, un vrai lieu de vie finalement\u00a0! \u00bb, explique Arthur, membre de l\u2019association Lyc\u00e9en vert \u00e0 l\u2019initiative du projet.<\/p>\n<p style=\"text-align: justify;\"><strong>De <\/strong><strong>nombreux <\/strong><strong>bienfaits\u00a0<\/strong><\/p>\n<p>En plus de permettre <strong>d&rsquo;affronter les grosses temp\u00e9ratures estivales<\/strong>, ce nouvel espace de pause arbor\u00e9 <strong>am\u00e9liorera le quotidien et la sant\u00e9 mentale<\/strong> des lyc\u00e9ens strasbourgeois. \u00ab\u00a0\u00catre autour de la nature, dans un espace ouvert v\u00e9g\u00e9talis\u00e9, cela rajoute de <strong>l\u2019apaisement.<\/strong> Les classes pourront travailler \u00e0 l\u2019ext\u00e9rieur, on pourra aller plus loin avec pourquoi pas <strong>un potager, des ruches<\/strong>\u00a0\u00bb, lance Ir\u00e8ne Weiss, vice-pr\u00e9sidente de la commission en charge de l&rsquo;enseignement sup\u00e9rieur du Grand-Est.<\/p>\n<p>Le lyc\u00e9e Marcel-Rudloff de Strasbourg est le premier \u00e0 b\u00e9n\u00e9ficier de ces travaux de v\u00e9g\u00e9talisation. La R\u00e9gion compte <strong>r\u00e9nover d\u2019autres cours de r\u00e9cr\u00e9ation de lyc\u00e9es dans le futur.<\/strong><\/p>\n","protected":false},"excerpt":{"rendered":"Les derniers coups de pelles des travaux de la cour du lyc\u00e9e Marcel Rudloff ! Cr\u00e9dit : Top&hellip;\n","protected":false},"author":2,"featured_media":126562,"comment_status":"","ping_status":"","sticky":false,"template":"","format":"standard","meta":{"footnotes":""},"categories":[2820],"tags":[1111,11,2389,2649,1122,21659,2883,1777,674,1011,27,775,25003,2633,25002,12,25,640,4890,25001],"class_list":{"0":"post-126561","1":"post","2":"type-post","3":"status-publish","4":"format-standard","5":"has-post-thumbnail","7":"category-strasbourg","8":"tag-actu","9":"tag-actualites","10":"tag-alsace","11":"tag-bas-rhin","12":"tag-ecole","13":"tag-espaces-verts","14":"tag-ete","15":"tag-eu","16":"tag-europe","17":"tag-fr","18":"tag-france","19":"tag-grand-est","20":"tag-ilots-fraicheur","21":"tag-lycee","22":"tag-lycee-marcel-rudloff","23":"tag-news","24":"tag-republique-francaise","25":"tag-strasbourg","26":"tag-topmusicfrance","27":"tag-vegatal"},"share_on_mastodon":{"url":"https:\/\/pubeurope.com\/@fr\/114567614665238429","error":""},"_links":{"self":[{"href":"https:\/\/www.europesays.com\/fr\/wp-json\/wp\/v2\/posts\/126561","targetHints":{"allow":["GET"]}}],"collection":[{"href":"https:\/\/www.europesays.com\/fr\/wp-json\/wp\/v2\/posts"}],"about":[{"href":"https:\/\/www.europesays.com\/fr\/wp-json\/wp\/v2\/types\/post"}],"author":[{"embeddable":true,"href":"https:\/\/www.europesays.com\/fr\/wp-json\/wp\/v2\/users\/2"}],"replies":[{"embeddable":true,"href":"https:\/\/www.europesays.com\/fr\/wp-json\/wp\/v2\/comments?post=126561"}],"version-history":[{"count":0,"href":"https:\/\/www.europesays.com\/fr\/wp-json\/wp\/v2\/posts\/126561\/revisions"}],"wp:featuredmedia":[{"embeddable":true,"href":"https:\/\/www.europesays.com\/fr\/wp-json\/wp\/v2\/media\/126562"}],"wp:attachment":[{"href":"https:\/\/www.europesays.com\/fr\/wp-json\/wp\/v2\/media?parent=126561"}],"wp:term":[{"taxonomy":"category","embeddable":true,"href":"https:\/\/www.europesays.com\/fr\/wp-json\/wp\/v2\/categories?post=126561"},{"taxonomy":"post_tag","embeddable":true,"href":"https:\/\/www.europesays.com\/fr\/wp-json\/wp\/v2\/tags?post=126561"}],"curies":[{"name":"wp","href":"https:\/\/api.w.org\/{rel}","templated":true}]}}