{"id":126563,"date":"2025-05-25T08:50:13","date_gmt":"2025-05-25T08:50:13","guid":{"rendered":"https:\/\/www.europesays.com\/fr\/126563\/"},"modified":"2025-05-25T08:50:13","modified_gmt":"2025-05-25T08:50:13","slug":"ligue-1-le-racing-recupere-un-ticket-pour-leurope-et-disputera-les-barrages-de-la-ligue-conference","status":"publish","type":"post","link":"https:\/\/www.europesays.com\/fr\/126563\/","title":{"rendered":"Ligue 1. Le Racing r\u00e9cup\u00e8re un ticket pour l&rsquo;Europe et disputera les barrages de la Ligue Conf\u00e9rence"},"content":{"rendered":"<p>Faute d&rsquo;avoir r\u00e9ussi \u00e0 assurer sa place dans le top 6 de la Ligue 1\u00a0en perdant \u00e0 Angers (2-1) puis <a href=\"https:\/\/www.dna.fr\/sport\/2025\/05\/17\/le-ciel-leur-est-tombe-sur-la-tete\" target=\"_blank\" rel=\"noopener\">\u00e0 la Meinau (2-3) contre Le Havre<\/a> lors des deux derni\u00e8res journ\u00e9es du championnat, le Racing devait attendre le r\u00e9sultat de la finale de Coupe de France pour savoir si sa septi\u00e8me place pouvait offrir un billet pour l&rsquo;Europe.<\/p>\n<p>Le Paris SG, champion de France, ayant battu Reims (3-0) au Stade de France ce samedi, le Racing r\u00e9cup\u00e8re un billet europ\u00e9en et jouera <a href=\"https:\/\/www.dna.fr\/sport\/2025\/05\/20\/racing-c-est-quoi-la-ligue-conference\" target=\"_blank\" rel=\"noopener\">les barrages de Ligue Conf\u00e9rence<\/a> fin ao\u00fbt.<\/p>\n","protected":false},"excerpt":{"rendered":"Faute d&rsquo;avoir r\u00e9ussi \u00e0 assurer sa place dans le top 6 de la Ligue 1\u00a0en perdant \u00e0 Angers&hellip;\n","protected":false},"author":2,"featured_media":126564,"comment_status":"","ping_status":"","sticky":false,"template":"","format":"standard","meta":{"footnotes":""},"categories":[2820],"tags":[1111,11,1777,674,107,63,1011,27,775,12,9371,25,517,640],"class_list":{"0":"post-126563","1":"post","2":"type-post","3":"status-publish","4":"format-standard","5":"has-post-thumbnail","7":"category-strasbourg","8":"tag-actu","9":"tag-actualites","10":"tag-eu","11":"tag-europe","12":"tag-fil-info","13":"tag-football","14":"tag-fr","15":"tag-france","16":"tag-grand-est","17":"tag-news","18":"tag-rcsa-racing-club-strasbourg","19":"tag-republique-francaise","20":"tag-sport","21":"tag-strasbourg"},"share_on_mastodon":{"url":"https:\/\/pubeurope.com\/@fr\/114567618440193841","error":""},"_links":{"self":[{"href":"https:\/\/www.europesays.com\/fr\/wp-json\/wp\/v2\/posts\/126563","targetHints":{"allow":["GET"]}}],"collection":[{"href":"https:\/\/www.europesays.com\/fr\/wp-json\/wp\/v2\/posts"}],"about":[{"href":"https:\/\/www.europesays.com\/fr\/wp-json\/wp\/v2\/types\/post"}],"author":[{"embeddable":true,"href":"https:\/\/www.europesays.com\/fr\/wp-json\/wp\/v2\/users\/2"}],"replies":[{"embeddable":true,"href":"https:\/\/www.europesays.com\/fr\/wp-json\/wp\/v2\/comments?post=126563"}],"version-history":[{"count":0,"href":"https:\/\/www.europesays.com\/fr\/wp-json\/wp\/v2\/posts\/126563\/revisions"}],"wp:featuredmedia":[{"embeddable":true,"href":"https:\/\/www.europesays.com\/fr\/wp-json\/wp\/v2\/media\/126564"}],"wp:attachment":[{"href":"https:\/\/www.europesays.com\/fr\/wp-json\/wp\/v2\/media?parent=126563"}],"wp:term":[{"taxonomy":"category","embeddable":true,"href":"https:\/\/www.europesays.com\/fr\/wp-json\/wp\/v2\/categories?post=126563"},{"taxonomy":"post_tag","embeddable":true,"href":"https:\/\/www.europesays.com\/fr\/wp-json\/wp\/v2\/tags?post=126563"}],"curies":[{"name":"wp","href":"https:\/\/api.w.org\/{rel}","templated":true}]}}