{"id":126565,"date":"2025-05-25T08:51:10","date_gmt":"2025-05-25T08:51:10","guid":{"rendered":"https:\/\/www.europesays.com\/fr\/126565\/"},"modified":"2025-05-25T08:51:10","modified_gmt":"2025-05-25T08:51:10","slug":"tribune-libre-benjamin-millo-giuseppe-garibaldi-un-patriote-universel","status":"publish","type":"post","link":"https:\/\/www.europesays.com\/fr\/126565\/","title":{"rendered":"Tribune libre. Benjamin Millo: \u00ab\u00a0Giuseppe Garibaldi, un patriote universel\u00a0\u00bb"},"content":{"rendered":"<p>Il est des hommes que les si\u00e8cles n\u2019effacent pas. Giuseppe Garibaldi, n\u00e9 \u00e0 Nice en 1807, est de ceux-l\u00e0. H\u00e9ros du Risorgimento, b\u00e2tisseur infatigable de l\u2019unit\u00e9 italienne, homme libre au regard indomptable et au verbe ardent, il fut aussi \u2013 et peut-\u00eatre avant tout \u2013 un fils de Nice, visc\u00e9ralement attach\u00e9 \u00e0 sa terre natale.<br \/>&#13;<br \/>\nDans une \u00e9poque troubl\u00e9e par les secousses de l\u2019Histoire, il incarne une fid\u00e9lit\u00e9 rare: celle d\u2019un patriote universel, fid\u00e8le \u00e0 ses id\u00e9aux, \u00e0 son peuple et \u00e0 sa ville, m\u00eame lorsque les fronti\u00e8res g\u00e9opolitiques tentaient d\u2019en effacer le lien.<\/p>\n<p>Lorsque, en 1860, Nice est c\u00e9d\u00e9e \u00e0 la France par le royaume de Sardaigne en \u00e9change de l\u2019appui militaire de Napol\u00e9on III dans le processus d\u2019unification italienne, Garibaldi s\u2019insurge. Il y voit une man\u0153uvre diplomatique injuste, une trahison du peuple ni\u00e7ois. Il d\u00e9nonce avec force un pl\u00e9biscite biais\u00e9, truqu\u00e9 selon lui, refuse d\u2019endosser le r\u00f4le de d\u00e9put\u00e9 fran\u00e7ais, et n\u2019h\u00e9site pas \u00e0 s\u2019opposer frontalement \u00e0 l\u2019empereur. Sa loyaut\u00e9 envers Nice d\u00e9passe alors la nostalgie ou l\u2019attachement sentimental: elle devient une posture \u00e9thique, une exigence de v\u00e9rit\u00e9 et de justice. Bien qu\u2019aur\u00e9ol\u00e9 de gloire apr\u00e8s l\u2019Exp\u00e9dition des Mille \u2013 cette incroyable campagne militaire qui l\u2019a vu lib\u00e9rer le Sud de l\u2019Italie \u2013, il n\u2019h\u00e9site pas \u00e0 compromettre son avenir politique et diplomatique pour d\u00e9fendre l\u2019identit\u00e9 ni\u00e7oise. Il d\u00e9cline un poste prestigieux \u00e0 l\u2019Assembl\u00e9e fran\u00e7aise, pr\u00e9f\u00e9rant la fid\u00e9lit\u00e9 \u00e0 ses racines \u00e0 toute ambition personnelle.<\/p>\n<blockquote>\n<p>Garibaldi ce n\u2019est pas seulement un nom grav\u00e9 sur une place, un arr\u00eat de tram ou une statue<\/p>\n<\/blockquote>\n<p>Mais Garibaldi ne se r\u00e9sume pas \u00e0 une opposition ou \u00e0 un attachement local. Ce qui lie profond\u00e9ment cet homme \u00e0 Nice, c\u2019est l\u2019\u0153uvre morale, la r\u00e9sonance symbolique qu\u2019il a donn\u00e9e \u00e0 sa ville. Par son engagement pour les peuples, il a fait rayonner le nom de Nice bien au-del\u00e0 des Alpes et des rivages m\u00e9diterran\u00e9ens. Il en a fait le berceau d\u2019un homme qui incarne l\u2019id\u00e9al de libert\u00e9 et de solidarit\u00e9 internationale au XIXe si\u00e8cle. \u00c0 travers lui, Nice est devenue synonyme de combat, de dignit\u00e9 et d\u2019universalisme. Non, Garibaldi ce n\u2019est pas seulement un nom grav\u00e9 sur une place, un arr\u00eat de tram ou une statue au c\u0153ur de la ville de Nice. C\u2019est une figure vivante de notre m\u00e9moire collective, un rep\u00e8re.<\/p>\n<p>Il est l\u2019image d\u2019un Ni\u00e7ois, \u00e0 la fois profond\u00e9ment enracin\u00e9 et r\u00e9solument tourn\u00e9 vers le monde. Il a combattu pour la libert\u00e9 des peuples en Am\u00e9rique du Sud, pour l\u2019unit\u00e9 des Italiens, pour la justice en Europe. Lorsqu\u2019Abraham Lincoln sollicite son aide durant la guerre de S\u00e9cession, Garibaldi accepte \u00e0 la seule condition que le Pr\u00e9sident s\u2019engage formellement \u00e0 abolir l\u2019esclavage. Pour lui, la libert\u00e9 n\u2019est jamais n\u00e9gociable, et aucun combat ne m\u00e9rite d\u2019\u00eatre men\u00e9 s\u2019il ne vise l\u2019\u00e9mancipation de tous.<br \/>&#13;<br \/>\nL\u00e0 o\u00f9 la dignit\u00e9 humaine \u00e9tait menac\u00e9e, Garibaldi s\u2019est lev\u00e9. Partout o\u00f9 le droit vacillait, il a tendu la main. Et jamais, dans aucun de ses engagements, il n\u2019a oubli\u00e9 ses origines.<br \/>&#13;<br \/>\nC\u2019est avec l\u2019accent chantant de Nice qu\u2019il a harangu\u00e9 les foules, inspir\u00e9 les soldats, interpell\u00e9 les rois et d\u00e9fi\u00e9 les puissants.<\/p>\n<p>Aujourd\u2019hui, dans une \u00e9poque marqu\u00e9e par les doutes identitaires, les replis nationalistes et les interrogations sur l\u2019appartenance, Garibaldi nous laisse une le\u00e7on essentielle. Il nous enseigne qu\u2019aimer profond\u00e9ment sa ville, c\u2019est aussi l\u2019ouvrir au monde. Que l\u2019enracinement sinc\u00e8re ne s\u2019oppose pas \u00e0 l\u2019universalit\u00e9 des combats. Que d\u00e9fendre Nice, c\u2019est d\u00e9fendre une certaine id\u00e9e de la libert\u00e9, de la fraternit\u00e9 entre les peuples, de l\u2019engagement d\u00e9sint\u00e9ress\u00e9.<\/p>\n<p>En rendant hommage \u00e0 Giuseppe Garibaldi, nous ne saluons pas seulement l\u2019un des artisans de l\u2019unit\u00e9 italienne.<br \/>&#13;<br \/>\nNous honorons l\u2019enfant de Nice, le passeur d\u2019id\u00e9al, le combattant infatigable des causes justes. Son nom, grav\u00e9 dans la pierre, inscrit dans nos rues et dans nos m\u00e9moires, continue de veiller sur cette ville \u00e0 laquelle il a tant donn\u00e9 \u2013 par ses luttes, ses discours, son intransigeance morale et son courage hors du commun.<\/p>\n<p><strong>&gt; Les propos, remarques et commentaires exprim\u00e9s, publi\u00e9s dans les \u00ab\u2005Tribunes libres\u2005\u00bb n\u2019engagent que leurs auteurs.<\/strong><\/p>\n<p>              <img ci-src=\"https:\/\/www.nicematin.com\/opinion\/GARIBALDI+DELIGNE-AF76ePBg.jpg?vh=c7cc0b&amp;ci_seal=dc05d80119\" alt=\"\"\/><br \/>\n         <strong>Deligne.<\/strong> <\/p>\n","protected":false},"excerpt":{"rendered":"Il est des hommes que les si\u00e8cles n\u2019effacent pas. Giuseppe Garibaldi, n\u00e9 \u00e0 Nice en 1807, est de&hellip;\n","protected":false},"author":2,"featured_media":126566,"comment_status":"","ping_status":"","sticky":false,"template":"","format":"standard","meta":{"footnotes":""},"categories":[2819],"tags":[1111,11,1777,674,1011,27,12,2401,4536,882,25],"class_list":{"0":"post-126565","1":"post","2":"type-post","3":"status-publish","4":"format-standard","5":"has-post-thumbnail","7":"category-nice","8":"tag-actu","9":"tag-actualites","10":"tag-eu","11":"tag-europe","12":"tag-fr","13":"tag-france","14":"tag-news","15":"tag-nice","16":"tag-opinion","17":"tag-provence-alpes-cote-dazur","18":"tag-republique-francaise"},"share_on_mastodon":{"url":"https:\/\/pubeurope.com\/@fr\/114567622398026586","error":""},"_links":{"self":[{"href":"https:\/\/www.europesays.com\/fr\/wp-json\/wp\/v2\/posts\/126565","targetHints":{"allow":["GET"]}}],"collection":[{"href":"https:\/\/www.europesays.com\/fr\/wp-json\/wp\/v2\/posts"}],"about":[{"href":"https:\/\/www.europesays.com\/fr\/wp-json\/wp\/v2\/types\/post"}],"author":[{"embeddable":true,"href":"https:\/\/www.europesays.com\/fr\/wp-json\/wp\/v2\/users\/2"}],"replies":[{"embeddable":true,"href":"https:\/\/www.europesays.com\/fr\/wp-json\/wp\/v2\/comments?post=126565"}],"version-history":[{"count":0,"href":"https:\/\/www.europesays.com\/fr\/wp-json\/wp\/v2\/posts\/126565\/revisions"}],"wp:featuredmedia":[{"embeddable":true,"href":"https:\/\/www.europesays.com\/fr\/wp-json\/wp\/v2\/media\/126566"}],"wp:attachment":[{"href":"https:\/\/www.europesays.com\/fr\/wp-json\/wp\/v2\/media?parent=126565"}],"wp:term":[{"taxonomy":"category","embeddable":true,"href":"https:\/\/www.europesays.com\/fr\/wp-json\/wp\/v2\/categories?post=126565"},{"taxonomy":"post_tag","embeddable":true,"href":"https:\/\/www.europesays.com\/fr\/wp-json\/wp\/v2\/tags?post=126565"}],"curies":[{"name":"wp","href":"https:\/\/api.w.org\/{rel}","templated":true}]}}