{"id":126579,"date":"2025-05-25T08:59:08","date_gmt":"2025-05-25T08:59:08","guid":{"rendered":"https:\/\/www.europesays.com\/fr\/126579\/"},"modified":"2025-05-25T08:59:08","modified_gmt":"2025-05-25T08:59:08","slug":"un-enorme-trafic-international-demantele-a-lille-et-en-belgique","status":"publish","type":"post","link":"https:\/\/www.europesays.com\/fr\/126579\/","title":{"rendered":"un \u00e9norme trafic international d\u00e9mantel\u00e9 \u00e0 Lille et en Belgique"},"content":{"rendered":"<p>            Par<br \/>\n        <strong><br \/>\n            <a href=\"https:\/\/actu.fr\/auteur\/nicolas-demollien\" title=\"Consulter tous les articles de Nicolas Demollien\" target=\"_blank\" rel=\"noopener\">Nicolas Demollien<\/a><br \/>\n        <\/strong><\/p>\n<p>        Publi\u00e9 le<\/p>\n<p>            25 mai 2025 \u00e0 10h24        <\/p>\n<p>Les <a href=\"https:\/\/actu.fr\/tag\/gendarmerie\" target=\"_blank\" rel=\"noopener\">gendarmes<\/a> viennent de frapper un grand coup dans la m\u00e9tropole de <a href=\"https:\/\/actu.fr\/hauts-de-france\/lille_59350\" target=\"_blank\" rel=\"noopener\">Lille<\/a> (Nord) mais aussi en <a href=\"https:\/\/actu.fr\/tag\/belgique\" target=\"_blank\" rel=\"noopener\">Belgique<\/a>. Depuis plusieurs mois, ils enqu\u00eataient sur un <b>vaste trafic international de <a href=\"https:\/\/actu.fr\/tag\/dechets\" target=\"_blank\" rel=\"noopener\">d\u00e9chets<\/a><\/b> mais aussi une <b>affaire de vols de m\u00e9taux<\/b>.<\/p>\n<p>Un \u00e9norme trafic de d\u00e9chets et de m\u00e9taux vol\u00e9s \u00e0 Lille et en Belgique<\/p>\n<p data-end=\"737\" class=\" wall-content\">C\u2019est en juin 2024 que la JIRS (juridiction interr\u00e9gionale sp\u00e9cialis\u00e9e) de Lille se saisissait d\u2019une <b>enqu\u00eate pr\u00e9liminaire<\/b> autour du trafic des d\u00e9chets, les faits ayant \u00e9t\u00e9 commis notamment dans la m\u00e9tropole de Lille et en Belgique.<\/p>\n<p data-end=\"966\" class=\" wall-content\">Les investigations \u00e9taient confi\u00e9es \u00e0 l\u2019OCLAESP (Office central de lutte contre les atteintes \u00e0 l\u2019environnement) en co-saisine avec la section de recherches de la gendarmerie de Lille et le GIR (groupe interminist\u00e9riel de recherche). Au cours de la semaine du 5 mai 2025, une op\u00e9ration d\u2019interpellations a \u00e9t\u00e9 conduite en France ainsi qu\u2019en Belgique.<\/p>\n<p data-end=\"966\" class=\" wall-content\">\u00ab\u00a0Ce trafic international de d\u00e9chets en bande organis\u00e9e porte sur des <b>d\u00e9chets de chantier et d\u2019autres types de d\u00e9chets (terre, sable, pl\u00e2tre\u2026)<\/b>, import\u00e9s sans d\u00e9claration depuis la Belgique et ramen\u00e9s en France pour \u00eatre <b>enfouis ill\u00e9galement sur de nombreux terrains, br\u00fbl\u00e9s, jet\u00e9s dans les poubelles des communes, ou confi\u00e9s \u00e0 moindre co\u00fbt<\/b> \u00e0 des tiers par le biais d\u2019un syst\u00e8me de corruption de chauffeurs\u00a0\u00bb, d\u00e9taille-t-on du c\u00f4t\u00e9 du parquet de Lille. Et d\u2019annoncer que \u00ab\u00a0ces d\u00e9chets sont susceptibles d\u2019\u00eatre <b>pollu\u00e9s notamment au chrome et \u00e0 l\u2019amiante<\/b>\u00ab\u00a0.<\/p>\n<p>Vols en bande organis\u00e9e de d\u00e9chets m\u00e9talliques<\/p>\n<p data-end=\"2226\" class=\" wall-content\">Mais ce n\u2019est pas tout. Les investigations ont aussi r\u00e9v\u00e9l\u00e9 des <b>vols en bande organis\u00e9e<\/b> de <b>d\u00e9chets m\u00e9talliques ferreux et non ferreux<\/b>, commis sur les sites d\u2019une soci\u00e9t\u00e9 belge et d\u2019une soci\u00e9t\u00e9 fran\u00e7aise. Pour ce faire, les personnes impliqu\u00e9es dans le trafic de d\u00e9chets, <b>membres d\u2019une m\u00eame famille<\/b>, b\u00e9n\u00e9ficiaient de la complicit\u00e9 de certains salari\u00e9s de ces soci\u00e9t\u00e9s. \u00ab\u00a0Une fois tri\u00e9s en France, les d\u00e9chets m\u00e9talliques vol\u00e9s \u00e9taient \u00e9coul\u00e9s notamment en Chine, en Allemagne, aux Pays-Bas et en Belgique. Les infractions paraissent avoir g\u00e9n\u00e9r\u00e9 un profit substantiel\u00a0\u00bb, assure le parquet.<\/p>\n<p data-end=\"2532\" class=\" wall-content\">Et pour cause : pour la seule p\u00e9riode de septembre 2024 \u00e0 mi-avril 2025, un total de 4 483 tonnes de d\u00e9chets aurait \u00e9t\u00e9 import\u00e9 ill\u00e9galement. \u00ab\u00a0L\u2019\u00e9tude des comptes des personnes physiques et morales permet de montrer que les protagonistes auraient retir\u00e9 de ces faits un <b>gain total sup\u00e9rieur \u00e0 1 million d\u2019euros<\/b>\u00ab\u00a0.<\/p>\n<p data-end=\"2845\" class=\" wall-content\">S\u2019agissant des vols de m\u00e9taux, pour la seule p\u00e9riode de septembre 2023 \u00e0 mi-avril 2025, 36 vols auraient \u00e9t\u00e9 commis au pr\u00e9judice d\u2019une soci\u00e9t\u00e9 belge, portant sur des centaines de tonnes de m\u00e9taux. Les<b> investigations<\/b> r\u00e9alis\u00e9es ont permis d\u2019\u00e9valuer le gain m\u00e9dian \u00e0 la revente de ces m\u00e9taux \u00e0 1,2 million d\u2019euros.<\/p>\n<p data-end=\"3064\" class=\" wall-content\">L\u2019URSSAF a estim\u00e9 le pr\u00e9judice (hors p\u00e9nalit\u00e9s et majorations) li\u00e9 au<b> travail dissimul\u00e9 \u00e0 plus de 600 000 \u20ac<\/b>, concluant \u00e0 l\u2019emploi d\u2019a minima 48 salari\u00e9s dissimul\u00e9s pour la seule p\u00e9riode de janvier 2024 \u00e0 janvier 2025.<\/p>\n<p>Huit personnes en garde \u00e0 vue<\/p>\n<p data-end=\"3523\" class=\" wall-content\">Lors de cette vague d\u2019interpellations, <b>huit personnes ont \u00e9t\u00e9 plac\u00e9es en garde \u00e0 vue<\/b> en France. \u00c0 l\u2019issue, sept personnes ont \u00e9t\u00e9 d\u00e9f\u00e9r\u00e9es. \u00ab\u00a0<b>Deux ont \u00e9t\u00e9 plac\u00e9es en d\u00e9tention provisoire<\/b> et cinq sous contr\u00f4le judiciaire\u00a0\u00bb, d\u00e9taille le parquet.<\/p>\n<p data-end=\"3523\" class=\" wall-content\">Au total, pr\u00e8s de 200 000 euros en esp\u00e8ces, ainsi que des armes de cat\u00e9gorie A et B, ont \u00e9t\u00e9 saisis. Les mis en cause demeurent pr\u00e9sum\u00e9s innocents \u00e0 ce stade de la proc\u00e9dure. Notons que plusieurs personnes ont \u00e9galement \u00e9t\u00e9 interpell\u00e9es en Belgique.<\/p>\n<p class=\" wall-content\">Suivez toute l\u2019actualit\u00e9 de vos villes et m\u00e9dias favoris en vous inscrivant \u00e0 <a href=\"https:\/\/moncompte.actu.fr\" title=\"D\u00e9couvez Mon Actu\" rel=\"nofollow noopener\" data-trk=\"{&quot;cta&quot;:{&quot;action&quot;:&quot;https:\\\/\\\/moncompte.actu.fr&quot;,&quot;category&quot;:&quot;mon compte&quot;,&quot;from&quot;:&quot;article footer&quot;,&quot;name&quot;:&quot;Mon actu&quot;,&quot;type&quot;:&quot;cta&quot;}}\" target=\"_blank\">Mon Actu<\/a>.<\/p>\n","protected":false},"excerpt":{"rendered":"Par Nicolas Demollien Publi\u00e9 le 25 mai 2025 \u00e0 10h24 Les gendarmes viennent de frapper un grand coup&hellip;\n","protected":false},"author":2,"featured_media":126580,"comment_status":"","ping_status":"","sticky":false,"template":"","format":"standard","meta":{"footnotes":""},"categories":[2815],"tags":[1111,11,3008,1777,674,118,1011,27,3381,811,1307,12,25],"class_list":{"0":"post-126579","1":"post","2":"type-post","3":"status-publish","4":"format-standard","5":"has-post-thumbnail","7":"category-lille","8":"tag-actu","9":"tag-actualites","10":"tag-dechets","11":"tag-eu","12":"tag-europe","13":"tag-faits-divers","14":"tag-fr","15":"tag-france","16":"tag-gendarmerie","17":"tag-hauts-de-france","18":"tag-lille","19":"tag-news","20":"tag-republique-francaise"},"share_on_mastodon":{"url":"https:\/\/pubeurope.com\/@fr\/114567653872029454","error":""},"_links":{"self":[{"href":"https:\/\/www.europesays.com\/fr\/wp-json\/wp\/v2\/posts\/126579","targetHints":{"allow":["GET"]}}],"collection":[{"href":"https:\/\/www.europesays.com\/fr\/wp-json\/wp\/v2\/posts"}],"about":[{"href":"https:\/\/www.europesays.com\/fr\/wp-json\/wp\/v2\/types\/post"}],"author":[{"embeddable":true,"href":"https:\/\/www.europesays.com\/fr\/wp-json\/wp\/v2\/users\/2"}],"replies":[{"embeddable":true,"href":"https:\/\/www.europesays.com\/fr\/wp-json\/wp\/v2\/comments?post=126579"}],"version-history":[{"count":0,"href":"https:\/\/www.europesays.com\/fr\/wp-json\/wp\/v2\/posts\/126579\/revisions"}],"wp:featuredmedia":[{"embeddable":true,"href":"https:\/\/www.europesays.com\/fr\/wp-json\/wp\/v2\/media\/126580"}],"wp:attachment":[{"href":"https:\/\/www.europesays.com\/fr\/wp-json\/wp\/v2\/media?parent=126579"}],"wp:term":[{"taxonomy":"category","embeddable":true,"href":"https:\/\/www.europesays.com\/fr\/wp-json\/wp\/v2\/categories?post=126579"},{"taxonomy":"post_tag","embeddable":true,"href":"https:\/\/www.europesays.com\/fr\/wp-json\/wp\/v2\/tags?post=126579"}],"curies":[{"name":"wp","href":"https:\/\/api.w.org\/{rel}","templated":true}]}}