{"id":126581,"date":"2025-05-25T09:00:11","date_gmt":"2025-05-25T09:00:11","guid":{"rendered":"https:\/\/www.europesays.com\/fr\/126581\/"},"modified":"2025-05-25T09:00:11","modified_gmt":"2025-05-25T09:00:11","slug":"un-president-illegitime-en-concert-a-lille-bruce-springsteen-charge-encore-donald-trump","status":"publish","type":"post","link":"https:\/\/www.europesays.com\/fr\/126581\/","title":{"rendered":"\u00ab\u00a0Un pr\u00e9sident ill\u00e9gitime\u00a0\u00bb : en concert \u00e0 Lille, Bruce Springsteen charge (encore) Donald Trump"},"content":{"rendered":"<p>L\u2019artiste am\u00e9ricain de 75 ans donnait le premier de ses trois concerts fran\u00e7ais, samedi 24 mai \u00e0 Lille.Un show de pr\u00e8s de 3 heures durant lequel il a une nouvelle fois pris position contre Donald Trump.Le pr\u00e9sident des \u00c9tats-Unis a r\u00e9agi \u00e0 cette nouvelle attaque de Bruce Springsteen.<a href=\"https:\/\/www.tf1info.fr\/actualite\/etats-unis-election-presidentielle-americaine-2024-donald-trump-vs-kamala-harris-13534\/\" rel=\"noopener\" class=\"jsx-3118104007 Link jsx-1428418400 jsx-554215408\" target=\"_blank\"><\/p>\n<p style=\"font-weight:400\" class=\"jsx-1837267516\">Suivez la couverture compl\u00e8te<\/p>\n<p style=\"font-weight:800\" class=\"jsx-1837267516\">Le second mandat de Donald Trump<\/p>\n<p><\/a><\/p>\n<p data-module=\"article-paragraph\" class=\"jsx-362436225 Paragraph\">Il ne l\u2019invitera s\u00fbrement pas \u00e0 l\u2019un de ses concerts. <a href=\"https:\/\/www.tf1info.fr\/culture\/tracks-two-the-lost-albums-voici-la-date-de-sortie-27-juin-2025-du-nouveau-coffret-de-bruce-springsteen-avec-83-inedits-2363193.html\" target=\"_blank\" rel=\"noopener\">Bruce Springsteen<\/a>, qui donnait \u00e0 Lille, samedi 24 mai, le premier de ses trois concerts fran\u00e7ais, s\u2019en est une nouvelle fois pris \u00e0 Donald Trump. La passe d\u2019armes entre l\u2019artiste am\u00e9ricain de 75 ans, proche du camp d\u00e9mocrate, et le pr\u00e9sident r\u00e9publicain dure depuis plusieurs jours. \u00ab\u00a0Une majorit\u00e9 de nos repr\u00e9sentants \u00e9lus ont \u00e9chou\u00e9 \u00e0 prot\u00e9ger le peuple am\u00e9ricain des abus d&rsquo;un pr\u00e9sident ill\u00e9gitime et d&rsquo;un gouvernement d\u00e9voy\u00e9. Nous allons survivre \u00e0 ce moment\u00a0\u00bb, a-t-il lanc\u00e9 devant 60.000 fans \u00e0 Lille.<\/p>\n<p data-module=\"article-paragraph\" class=\"jsx-362436225 Paragraph Paragraph__End\">\u00ab\u00a0Regardez l&rsquo;Am\u00e9rique que j&rsquo;aime, l&rsquo;Am\u00e9rique sur laquelle j&rsquo;ai \u00e9crit, source d&rsquo;espoir et de libert\u00e9 depuis 250 ans, est aux mains d&rsquo;un gouvernement corrompu, incomp\u00e9tent et perfide\u00a0\u00bb, a encore charg\u00e9 l\u2019artiste. Donald Trump, lui, n\u2019a pas tard\u00e9 \u00e0 r\u00e9agir sur les r\u00e9seaux sociaux : \u00ab\u00a0je vois que Bruce Springsteen, compl\u00e8tement surcot\u00e9, est all\u00e9 dans un pays \u00e9tranger pour mal parler du pr\u00e9sident des \u00c9tats-Unis. Ce pruneau dess\u00e9ch\u00e9 devrait se la fermer.\u00a0\u00bb<\/p>\n<ul class=\"jsx-3657663356 ReadMoreArticle__List flex flex-column\">\n<li class=\"jsx-3657663356\"><a href=\"https:\/\/www.tf1info.fr\/international\/menaces-de-droits-50-de-douane-donald-trump-dit-ne-pas-chercher-d-accord-commercial-avec-l-ue-union-europeenne-2372788.html\" rel=\"noopener\" class=\"jsx-4233824444 Link flex\" target=\"_blank\"><img decoding=\"async\" src=\"https:\/\/www.europesays.com\/fr\/wp-content\/uploads\/2025\/05\/trump-emirats-arabes-unis-16-mai-2025-85406f-0@1x.jpeg\" alt=\"Le pr\u00e9sident am\u00e9ricain Donald Trump participe \u00e0 un forum d'affaires \u00e0 Abou Dabi, aux \u00c9mirats arabes unis, le 16 mai 2025.\" loading=\"lazy\" importance=\"low\" fetchpriority=\"low\" class=\"\"\/>\n<p class=\"jsx-3657663356 ReadMoreArticle__Title\">Lire aussi<\/p>\n<p class=\"jsx-3657663356\">Menaces de droits de douane : Donald Trump dit ne pas chercher \u00ab\u00a0d&rsquo;accord commercial\u00a0\u00bb avec l&rsquo;UE<\/p>\n<p><\/a><\/li>\n<\/ul>\n<p data-module=\"article-paragraph\" class=\"jsx-362436225 Paragraph\">Cette nouvelle tourn\u00e9e de Bruce Springsteen prend donc une tournure plus politique que jamais contre l\u2019actuel pr\u00e9sident des \u00c9tats-Unis. Entre ces deux hommes, ce sont deux visions de l\u2019Am\u00e9rique qui s&rsquo;affrontent. Celui qu&rsquo;on surnomme \u00ab\u00a0The Boss\u00a0\u00bb raconte son pays, qu&rsquo;il conna\u00eet par c\u0153ur, dans ses chansons comme dans son c\u00e9l\u00e8bre titre : \u00ab\u00a0Born in the U.S.A\u00a0\u00bb. Ses chansons sont d\u00e9sormais plus politiques et vindicatives contre le pr\u00e9sident am\u00e9ricain.\u00a0<\/p>\n<p data-module=\"article-paragraph\" class=\"jsx-362436225 Paragraph Paragraph__End\">Bruce Springsteen donnera encore deux concerts en France. Un nouveau \u00e0 Lille le 27 et un \u00e0 Marseille le 31 mai. L\u2019ann\u00e9e derni\u00e8re, l\u2019artiste de 75 ans avait d\u00fb annuler sa repr\u00e9sentation dans la cit\u00e9 phoc\u00e9enne \u00e0 cause d&rsquo;une extinction de voix.\u00a0<\/p>\n<p>Raphael BAZILE<\/p>\n","protected":false},"excerpt":{"rendered":"L\u2019artiste am\u00e9ricain de 75 ans donnait le premier de ses trois concerts fran\u00e7ais, samedi 24 mai \u00e0 Lille.Un&hellip;\n","protected":false},"author":2,"featured_media":126582,"comment_status":"","ping_status":"","sticky":false,"template":"","format":"standard","meta":{"footnotes":""},"categories":[2815],"tags":[1111,11,1921,23078,75,1777,674,1011,27,811,1922,2497,1307,2041,12,25,133,2040],"class_list":{"0":"post-126581","1":"post","2":"type-post","3":"status-publish","4":"format-standard","5":"has-post-thumbnail","7":"category-lille","8":"tag-actu","9":"tag-actualites","10":"tag-article-video","11":"tag-bruce-springsteen","12":"tag-donald-trump","13":"tag-eu","14":"tag-europe","15":"tag-fr","16":"tag-france","17":"tag-hauts-de-france","18":"tag-info","19":"tag-le-second-mandat-de-donald-trump","20":"tag-lille","21":"tag-medias-et-divertissement","22":"tag-news","23":"tag-republique-francaise","24":"tag-video","25":"tag-video-culture"},"share_on_mastodon":{"url":"https:\/\/pubeurope.com\/@fr\/114567657817895609","error":""},"_links":{"self":[{"href":"https:\/\/www.europesays.com\/fr\/wp-json\/wp\/v2\/posts\/126581","targetHints":{"allow":["GET"]}}],"collection":[{"href":"https:\/\/www.europesays.com\/fr\/wp-json\/wp\/v2\/posts"}],"about":[{"href":"https:\/\/www.europesays.com\/fr\/wp-json\/wp\/v2\/types\/post"}],"author":[{"embeddable":true,"href":"https:\/\/www.europesays.com\/fr\/wp-json\/wp\/v2\/users\/2"}],"replies":[{"embeddable":true,"href":"https:\/\/www.europesays.com\/fr\/wp-json\/wp\/v2\/comments?post=126581"}],"version-history":[{"count":0,"href":"https:\/\/www.europesays.com\/fr\/wp-json\/wp\/v2\/posts\/126581\/revisions"}],"wp:featuredmedia":[{"embeddable":true,"href":"https:\/\/www.europesays.com\/fr\/wp-json\/wp\/v2\/media\/126582"}],"wp:attachment":[{"href":"https:\/\/www.europesays.com\/fr\/wp-json\/wp\/v2\/media?parent=126581"}],"wp:term":[{"taxonomy":"category","embeddable":true,"href":"https:\/\/www.europesays.com\/fr\/wp-json\/wp\/v2\/categories?post=126581"},{"taxonomy":"post_tag","embeddable":true,"href":"https:\/\/www.europesays.com\/fr\/wp-json\/wp\/v2\/tags?post=126581"}],"curies":[{"name":"wp","href":"https:\/\/api.w.org\/{rel}","templated":true}]}}