{"id":126583,"date":"2025-05-25T09:01:09","date_gmt":"2025-05-25T09:01:09","guid":{"rendered":"https:\/\/www.europesays.com\/fr\/126583\/"},"modified":"2025-05-25T09:01:09","modified_gmt":"2025-05-25T09:01:09","slug":"deux-commercants-et-un-automobiliste-agresses-a-marseille-pour-leur-voler-leur-chaine-en-or","status":"publish","type":"post","link":"https:\/\/www.europesays.com\/fr\/126583\/","title":{"rendered":"Deux commer\u00e7ants et un automobiliste agress\u00e9s \u00e0 Marseille pour leur voler leur cha\u00eene en or"},"content":{"rendered":"<p>Deux commer\u00e7ants et un automobiliste ont \u00e9t\u00e9 agress\u00e9s samedi dans 3 arrondissements de la cit\u00e9 phoc\u00e9enne, par des individus qui en voulaient \u00e0 leur <a href=\"https:\/\/www.laprovence.com\/article\/faits-divers-justice\/2171352110678615\/vols-a-l-arrache-de-bijoux-en-or-le-phenomene-n-a-pas-disparu-mais-il-a-considerablement-regresse\" target=\"_blank\" rel=\"noopener\">cha\u00eene en or<\/a>.<\/p>\n<p>Au mitan des ann\u00e9es\u00a02010 \u00e0 Marseille, le vol \u00e0 l\u2019arrach\u00e9 des colliers en or \u00e9tait devenu un \u00ab\u00a0sport national\u00a0\u00bb. En\u00a02013, ann\u00e9e climax du ph\u00e9nom\u00e8ne de vols \u00e0 l\u2019arrach\u00e9 des <a href=\"https:\/\/www.laprovence.com\/article\/economie\/1563774156354315\/impots-jai-vendu-des-bijoux-en-or-que-dois-je-declarer-et-dans-quel-cas-suis-je-exonere\" target=\"_blank\" rel=\"noopener\">bijoux en or<\/a>, il pouvait se commettre jusqu\u2019\u00e0 10 forfaits par jour dans l\u2019hypercentre de <a href=\"https:\/\/www.laprovence.com\/region\/Edition-marseille\" target=\"_blank\" rel=\"noopener\">Marseille<\/a>.<\/p>\n<p>\u00c0 l\u2019\u00e9poque, pas un jour sans que de tr\u00e8s jeunes individus ne s\u2019en prennent aux passants, de pr\u00e9f\u00e9rence des personnes \u00e2g\u00e9es ou des touristes qui arpentaient le quartier de <a href=\"https:\/\/www.laprovence.com\/article\/societe\/58042237418831\/le-quartier-de-noailles-vu-par-ceux-qui-y-vivent-et-y-travaillent\" target=\"_blank\" rel=\"noopener\">Noailles<\/a> ou d\u00e9ambulaient dans les rues Francis-Davso ou Saint-Sa\u00ebns.<\/p>\n<p>Un boucher, un primeur et un automobiliste<\/p>\n<p>Depuis, le ph\u00e9nom\u00e8ne n\u2019avait pas disparu, mais il avait consid\u00e9rablement r\u00e9gress\u00e9, passant de plusieurs milliers de vols \u00e0 l\u2019arrach\u00e9 \u00e0 moins d\u2019une centaine recens\u00e9e par les forces de l\u2019ordre en\u00a02024.<\/p>\n<p>Samedi cependant, trois vols ou tentatives de vol ont \u00e9t\u00e9 commis coup sur coup par deux individus \u00e0 scooter. Le tandem aurait \u00e0 chaque fois agi en observant le m\u00eame modus operandi, brandissant une <a href=\"https:\/\/www.laprovence.com\/article\/faits-divers-justice\/11858259042504\/un-adolescent-de-17-ans-tue-par-arme-blanche-pres-dun-lidl-a-nogent-sur-oise\" target=\"_blank\" rel=\"noopener\">arme blanche<\/a> sous le nez de leur victime pour qu\u2019elle se d\u00e9leste de sa cha\u00eene en or.<\/p>\n<p>C\u2019est d\u2019abord un boucher du quartier de la Valentine qui a fait les frais du duo sur la route des trois Lucs, dans le 11e arrondissement de Marseille, avant que le pilote et le passager du deux-roues n\u2019aillent s\u00e9vir du c\u00f4t\u00e9 de l\u2019ancienne <a href=\"https:\/\/www.laprovence.com\/article\/region\/2438471730803815\/piscines-municipales-a-marseille-apres-luminy-nord-et-bougainville-celle-de-la-bombardiere-refait-surface\" target=\"_blank\" rel=\"noopener\">piscine Bombardi\u00e8re<\/a>, avenue Charles Kaddouz, dans le 12e arrondissement, o\u00f9 ils ont agress\u00e9 un automobiliste.<\/p>\n<p>Enhardis apr\u00e8s ces deux premiers m\u00e9faits, les individus ont ensuite ralli\u00e9 le 13e arrondissement. L\u00e0, c\u2019est sur un primeur de la rue Alphonse Daudet qu\u2019ils ont jet\u00e9 leur d\u00e9volu.<\/p>\n<p>Une enqu\u00eate a \u00e9t\u00e9 ouverte. Les deux auteurs pr\u00e9sum\u00e9s sont activement recherch\u00e9s par la police.<\/p>\n","protected":false},"excerpt":{"rendered":"Deux commer\u00e7ants et un automobiliste ont \u00e9t\u00e9 agress\u00e9s samedi dans 3 arrondissements de la cit\u00e9 phoc\u00e9enne, par des&hellip;\n","protected":false},"author":2,"featured_media":126584,"comment_status":"","ping_status":"","sticky":false,"template":"","format":"standard","meta":{"footnotes":""},"categories":[2814],"tags":[17,1111,11,3874,15738,7230,4070,1777,674,274,1011,27,3289,884,12,471,882,25],"class_list":{"0":"post-126583","1":"post","2":"type-post","3":"status-publish","4":"format-standard","5":"has-post-thumbnail","7":"category-marseille","8":"tag-17","9":"tag-actu","10":"tag-actualites","11":"tag-agresses","12":"tag-automobiliste","13":"tag-commercants","14":"tag-deux","15":"tag-eu","16":"tag-europe","17":"tag-faits-divers-justice","18":"tag-fr","19":"tag-france","20":"tag-leur","21":"tag-marseille","22":"tag-news","23":"tag-pour","24":"tag-provence-alpes-cote-dazur","25":"tag-republique-francaise"},"share_on_mastodon":{"url":"https:\/\/pubeurope.com\/@fr\/114567661861316876","error":""},"_links":{"self":[{"href":"https:\/\/www.europesays.com\/fr\/wp-json\/wp\/v2\/posts\/126583","targetHints":{"allow":["GET"]}}],"collection":[{"href":"https:\/\/www.europesays.com\/fr\/wp-json\/wp\/v2\/posts"}],"about":[{"href":"https:\/\/www.europesays.com\/fr\/wp-json\/wp\/v2\/types\/post"}],"author":[{"embeddable":true,"href":"https:\/\/www.europesays.com\/fr\/wp-json\/wp\/v2\/users\/2"}],"replies":[{"embeddable":true,"href":"https:\/\/www.europesays.com\/fr\/wp-json\/wp\/v2\/comments?post=126583"}],"version-history":[{"count":0,"href":"https:\/\/www.europesays.com\/fr\/wp-json\/wp\/v2\/posts\/126583\/revisions"}],"wp:featuredmedia":[{"embeddable":true,"href":"https:\/\/www.europesays.com\/fr\/wp-json\/wp\/v2\/media\/126584"}],"wp:attachment":[{"href":"https:\/\/www.europesays.com\/fr\/wp-json\/wp\/v2\/media?parent=126583"}],"wp:term":[{"taxonomy":"category","embeddable":true,"href":"https:\/\/www.europesays.com\/fr\/wp-json\/wp\/v2\/categories?post=126583"},{"taxonomy":"post_tag","embeddable":true,"href":"https:\/\/www.europesays.com\/fr\/wp-json\/wp\/v2\/tags?post=126583"}],"curies":[{"name":"wp","href":"https:\/\/api.w.org\/{rel}","templated":true}]}}