{"id":126587,"date":"2025-05-25T09:03:08","date_gmt":"2025-05-25T09:03:08","guid":{"rendered":"https:\/\/www.europesays.com\/fr\/126587\/"},"modified":"2025-05-25T09:03:08","modified_gmt":"2025-05-25T09:03:08","slug":"pres-de-lyon-des-tirs-font-trois-blesses-dont-un-grave-en-pleine-rue-a-villeurbanne","status":"publish","type":"post","link":"https:\/\/www.europesays.com\/fr\/126587\/","title":{"rendered":"Pr\u00e8s de Lyon. Des tirs font trois bless\u00e9s dont un grave en pleine rue \u00e0 Villeurbanne"},"content":{"rendered":"<p>            Par<br \/>\n        <strong><br \/>\n            <a href=\"https:\/\/actu.fr\/auteur\/julien-damboise\" title=\"Consulter tous les articles de Julien Damboise\" rel=\"nofollow noopener\" target=\"_blank\">Julien Damboise<\/a><br \/>\n        <\/strong><\/p>\n<p>        Publi\u00e9 le<\/p>\n<p>            25 mai 2025 \u00e0 10h33        <\/p>\n<p>Des <strong>coups de feu<\/strong> ont retenti ce samedi 24 mai 2025 au soir, rue L\u00e9on Blum \u00e0 <a href=\"https:\/\/actu.fr\/auvergne-rhone-alpes\/villeurbanne_69266\" rel=\"nofollow noopener\" target=\"_blank\">Villeurbanne<\/a>, dans la m\u00e9tropole de <a href=\"https:\/\/actu.fr\/auvergne-rhone-alpes\/lyon_69123\" rel=\"nofollow noopener\" target=\"_blank\">Lyon<\/a>.<\/p>\n<p class=\" wall-content\">Trois jeunes hommes ont \u00e9t\u00e9 bless\u00e9s par balles, sans que leurs jours ne soient en danger. Plusieurs suspects, visiblement bien organis\u00e9s, ont pris la fuite et sont<strong> activement recherch\u00e9s<\/strong> par la police.<\/p>\n<p>    <a href=\"https:\/\/www.google.com\/maps\/embed?pb=!1m18!1m12!1m3!1d916.969365324874!2d4.904685228587968!3d45.760614898185025!2m3!1f0!2f0!3f0!3m2!1i1024!2i768!4f13.1!3m3!1m2!1s0x47f4c052a2a64895%3A0xb8a260c6355a0c!2sRue%20L%C3%A9on%20Blum%2C%2069100%20Villeurbanne!5e1!3m2!1sfr!2sfr!4v1748160481507!5m2!1sfr!2sfr\" title=\"Ouvrie le lien\" rel=\"nofollow noopener\" target=\"_blank\">Cliquez ici pour visualiser le contenu<\/a><\/p>\n<p>Des coups de feu en pleine rue<\/p>\n<p class=\" wall-content\">Les tirs se sont d\u00e9roul\u00e9s en d\u00e9but de soir\u00e9e, <strong>peu avant 21 h<\/strong>, semble-t-il au niveau du croisement avec la rue Burais soit non loin de la place Jules Grandcl\u00e9ment. Plusieurs coups de feu ont \u00e9t\u00e9 perp\u00e9tr\u00e9s en pleine rue, provoquant<strong> l\u2019inqui\u00e9tude dans le secteur<\/strong> parmi les riverains.<\/p>\n<p class=\" wall-content\">Rapidement, un important dispositif de secours a \u00e9t\u00e9 mis en place, car plusieurs personnes ont \u00e9t\u00e9 touch\u00e9es par ces tirs.<\/p>\n<p>Vid\u00e9os : en ce moment sur ActuTrois bless\u00e9s<\/p>\n<p class=\" wall-content\">Trois jeunes hommes ont \u00e9t\u00e9 bless\u00e9s, tous <strong>atteints aux membres inf\u00e9rieurs<\/strong> : jambe, pied, voire fesse. La plus jeune des victimes est \u00e2g\u00e9e de 17 ou 18 ans, et jusqu\u2019\u00e0 22 ans pour la plus \u00e2g\u00e9e.<\/p>\n<p class=\" wall-content\">L\u2019une d\u2019elles a \u00e9t\u00e9 rapidement prise en charge par les sapeurs-pompiers dans un \u00e9tat d\u2019<strong>urgence absolue<\/strong>. Le pronostic vital du jeune homme n\u2019\u00e9tait toutefois pas engag\u00e9 lors de son transport \u00e0 l\u2019h\u00f4pital, pr\u00e9cise une source proche du dossier.<\/p>\n<p>Des suspects cagoul\u00e9s, une voiture incendi\u00e9e\u00a0<\/p>\n<p class=\" wall-content\">Dans le m\u00eame temps, des moyens de <a href=\"https:\/\/actu.fr\/auvergne-rhone-alpes\/venissieux_69259\/pres-de-lyon-des-tirs-dans-ce-quartier-un-blesse-grave-le-suspect-en-fuite_62675858.html\" rel=\"nofollow noopener\" target=\"_blank\">police<\/a> ont \u00e9t\u00e9 d\u00e9p\u00each\u00e9s sur place pour s\u00e9curiser la zone et entamer les investigations.<\/p>\n<p class=\" wall-content\">Les premi\u00e8res remont\u00e9es d\u2019informations \u00e0 actu Lyon font \u00e9tat d\u2019au moins <strong>trois suspects<\/strong> qui ont agi cagoul\u00e9.<\/p>\n<p class=\" wall-content\">Plusieurs auraient ouvert le feu avant de remonter dans un v\u00e9hicule dans lequel un autre complice les attendait. Un <strong>v\u00e9hicule retrouv\u00e9 incendi\u00e9<\/strong> quelques rues plus loin.<\/p>\n<p class=\" wall-content\">Les motivations des tireurs sont inconnues pour l\u2019instant.<\/p>\n<p class=\" wall-content\">Suivez toute l\u2019actualit\u00e9 de vos villes et m\u00e9dias favoris en vous inscrivant \u00e0 <a href=\"https:\/\/moncompte.actu.fr\" title=\"D\u00e9couvez Mon Actu\" rel=\"nofollow noopener\" data-trk=\"{&quot;cta&quot;:{&quot;action&quot;:&quot;https:\\\/\\\/moncompte.actu.fr&quot;,&quot;category&quot;:&quot;mon compte&quot;,&quot;from&quot;:&quot;article footer&quot;,&quot;name&quot;:&quot;Mon actu&quot;,&quot;type&quot;:&quot;cta&quot;}}\" target=\"_blank\">Mon Actu<\/a>.<\/p>\n","protected":false},"excerpt":{"rendered":"Par Julien Damboise Publi\u00e9 le 25 mai 2025 \u00e0 10h33 Des coups de feu ont retenti ce samedi&hellip;\n","protected":false},"author":2,"featured_media":126588,"comment_status":"","ping_status":"","sticky":false,"template":"","format":"standard","meta":{"footnotes":""},"categories":[1889],"tags":[1111,11,2430,1777,674,118,1011,27,2428,12,1072,1311,25],"class_list":{"0":"post-126587","1":"post","2":"type-post","3":"status-publish","4":"format-standard","5":"has-post-thumbnail","7":"category-lyon","8":"tag-actu","9":"tag-actualites","10":"tag-auvergne-rhone-alpes","11":"tag-eu","12":"tag-europe","13":"tag-faits-divers","14":"tag-fr","15":"tag-france","16":"tag-lyon","17":"tag-news","18":"tag-police","19":"tag-pompiers","20":"tag-republique-francaise"},"share_on_mastodon":{"url":"https:\/\/pubeurope.com\/@fr\/114567669640115319","error":""},"_links":{"self":[{"href":"https:\/\/www.europesays.com\/fr\/wp-json\/wp\/v2\/posts\/126587","targetHints":{"allow":["GET"]}}],"collection":[{"href":"https:\/\/www.europesays.com\/fr\/wp-json\/wp\/v2\/posts"}],"about":[{"href":"https:\/\/www.europesays.com\/fr\/wp-json\/wp\/v2\/types\/post"}],"author":[{"embeddable":true,"href":"https:\/\/www.europesays.com\/fr\/wp-json\/wp\/v2\/users\/2"}],"replies":[{"embeddable":true,"href":"https:\/\/www.europesays.com\/fr\/wp-json\/wp\/v2\/comments?post=126587"}],"version-history":[{"count":0,"href":"https:\/\/www.europesays.com\/fr\/wp-json\/wp\/v2\/posts\/126587\/revisions"}],"wp:featuredmedia":[{"embeddable":true,"href":"https:\/\/www.europesays.com\/fr\/wp-json\/wp\/v2\/media\/126588"}],"wp:attachment":[{"href":"https:\/\/www.europesays.com\/fr\/wp-json\/wp\/v2\/media?parent=126587"}],"wp:term":[{"taxonomy":"category","embeddable":true,"href":"https:\/\/www.europesays.com\/fr\/wp-json\/wp\/v2\/categories?post=126587"},{"taxonomy":"post_tag","embeddable":true,"href":"https:\/\/www.europesays.com\/fr\/wp-json\/wp\/v2\/tags?post=126587"}],"curies":[{"name":"wp","href":"https:\/\/api.w.org\/{rel}","templated":true}]}}