{"id":126591,"date":"2025-05-25T09:07:15","date_gmt":"2025-05-25T09:07:15","guid":{"rendered":"https:\/\/www.europesays.com\/fr\/126591\/"},"modified":"2025-05-25T09:07:15","modified_gmt":"2025-05-25T09:07:15","slug":"la-pluie-va-t-elle-sinviter-pendant-les-matchs-a-paris-decouvrez-nos-previsions-a-15-jours","status":"publish","type":"post","link":"https:\/\/www.europesays.com\/fr\/126591\/","title":{"rendered":"la pluie va-t-elle s&rsquo;inviter pendant les matchs \u00e0 Paris ? D\u00e9couvrez nos pr\u00e9visions \u00e0 15 jours"},"content":{"rendered":"<p> <img decoding=\"async\" fetchpriority=\"high\" src=\"https:\/\/www.europesays.com\/fr\/wp-content\/uploads\/2025\/05\/meteo-a-roland-garros-la-pluie-va-t-elle-s-inviter-pendant-les-matchs-a-paris-decouvrez-nos-previsio.jpeg\"  width=\"768\" height=\"432\" alt=\"Tennis pluie Roland-Garros pr\u00e9texte IA\" title=\"Tennis pluie Roland-Garros pr\u00e9texte IA\" data-image=\"rjph5g0pxtqp\"\/>Les Internationaux de France de tennis \u00e0 Roland-Garros sont r\u00e9guli\u00e8rement perturb\u00e9s par l&rsquo;apparition de la pluie sur les courts non couverts (photo d&rsquo;illustration r\u00e9alis\u00e9e par IA).   <img decoding=\"async\" fetchpriority=\"high\" src=\"https:\/\/www.europesays.com\/fr\/wp-content\/uploads\/2025\/04\/anthony-kaczmarek.jpg\" alt=\"Anthony Kaczmarek\" width=\"40\" height=\"40\"\/>    <a class=\"nombre text-hv\" href=\"https:\/\/www.tameteo.com\/auteur\/anthony-kaczmarek\/\" title=\"Anthony Kaczmarek\" rel=\"nofollow noopener\" target=\"_blank\">Anthony Kaczmarek<\/a>         25\/05\/2025 06:00   5 min   <\/p>\n<p>Le <strong>tournoi de tennis de Roland-Garros<\/strong> sera-t-il arros\u00e9 autrement que par les bulles (\u00e0 consommer avec mod\u00e9ration) souvent offertes aux vainqueurs ? Comme chaque ann\u00e9e, <strong>la pluie menace certains matchs des Internationaux de France<\/strong>, malgr\u00e9 les deux courts d\u00e9sormais couverts. <strong>\u00c0 quelle m\u00e9t\u00e9o s&rsquo;attendre pendant cette quinzaine parisienne ? Quand pr\u00e9voit-on des averses ?<\/strong><\/p>\n<p>D\u00e9but de tournoi mitig\u00e9 avant une am\u00e9lioration<\/p>\n<p>Apr\u00e8s une semaine de qualifications, le premier tour des Internationaux de France de tennis \u00e0 Roland-Garros va plut\u00f4t mal commencer : <strong>ce dimanche 25 mai sera en effet marqu\u00e9 par le passage d&rsquo;une perturbation pluvieuse<\/strong> sur la moiti\u00e9 Nord de la France, avec un ciel couvert, des pluies et du vent d&rsquo;Ouest \u00e0 50-70 km\/h en rafales. <\/p>\n<p><img loading=\"lazy\" decoding=\"async\" fetchpriority=\"low\" class=\"lazy \" src=\"https:\/\/www.europesays.com\/fr\/wp-content\/uploads\/2025\/05\/meteo-a-roland-garros-la-pluie-va-t-elle-s-inviter-pendant-les-matchs-a-paris-decouvrez-nos-previsio.png\"  width=\"768\" height=\"432\" alt=\"Dimanche Paris pr\u00e9cipitations\" title=\"Dimanche Paris pr\u00e9cipitations\" data-image=\"o11xlhkgg3rq\"\/>Ce dimanche \u00e0 la mi-journ\u00e9e, une perturbation pluvieuse traversera la r\u00e9gion parisienne, avec \u00e0 la cl\u00e9 nuages et pluies ou averses, entre 9h et 15h.<\/p>\n<p><strong>Dans la capitale<\/strong>, o\u00f9 se tiennent les matchs porte d&rsquo;Auteuil, <strong>la pluie devrait passer entre 9h et midi, avant des averses br\u00e8ves mais plus intenses entre 13h et 15h<\/strong>. Les matchs de la deuxi\u00e8me partie d&rsquo;apr\u00e8s-midi devraient donc se d\u00e9rouler au sec, sous une temp\u00e9rature de 20\u00b0C au maximum mais avec un <strong>vent d\u00e9stabilisant<\/strong>.<\/p>\n<p><a class=\"imagen \" href=\"https:\/\/www.tameteo.com\/actualites\/actualite\/une-mission-scientifique-pour-cartographier-les-futs-dechets-radioactifs-dans-l-atlantique-quels-risques-pour-les-fonds-marins-nucleaire-ocean-cnrs-robot.html\" title=\"Une mission pour cartographier les d\u00e9chets radioactifs dans l&#039;Atlantique : quels risques pour les fonds marins ?\" rel=\"nofollow noopener\" target=\"_blank\"><img loading=\"lazy\" decoding=\"async\" fetchpriority=\"low\" class=\"lazy img-body non-editable\" src=\"https:\/\/www.europesays.com\/fr\/wp-content\/uploads\/2025\/05\/une-mission-pour-cartographier-les-dechets-radioactifs-dans-l-atlantique-quels-risques-pour-les-fond.jpeg\"  width=\"320\" height=\"225\" alt=\"Une mission pour cartographier les d\u00e9chets radioactifs dans l'Atlantique : quels risques pour les fonds marins ?\"\/><\/a><\/p>\n<p><strong>Lundi, le ciel sera partag\u00e9 entre nuages et \u00e9claircies sur Paris<\/strong>, avec une temp\u00e9rature maximale de 20\u00b0C, beaucoup moins de vent, et <strong>peut-\u00eatre un infime risque d&rsquo;averses en deuxi\u00e8me partie de journ\u00e9e, apr\u00e8s 15h<\/strong>. La journ\u00e9e de <strong>mardi<\/strong> sera certainement <strong>bien grise<\/strong>, avec un ciel couvert, et la <strong>possibilit\u00e9 de quelques gouttes dans l&rsquo;apr\u00e8s-midi<\/strong>, sans pour autant grandement perturber les matchs.<\/p>\n<p><img loading=\"lazy\" decoding=\"async\" fetchpriority=\"low\" class=\"lazy \" src=\"https:\/\/www.europesays.com\/fr\/wp-content\/uploads\/2025\/05\/1748164034_143_meteo-a-roland-garros-la-pluie-va-t-elle-s-inviter-pendant-les-matchs-a-paris-decouvrez-nos-previsio.png\"  width=\"768\" height=\"432\" alt=\"Mercredi Paris pr\u00e9cipitations\" title=\"Mercredi Paris pr\u00e9cipitations\" data-image=\"n2xtqnnnwu6k\"\/>La perturbation pluvieuse qui tangentera le Nord de l&rsquo;\u00cele-de-France mercredi pourrait donner des pluies mod\u00e9r\u00e9es sur Paris en d\u00e9but d&rsquo;apr\u00e8s-midi.<\/p>\n<p>C&rsquo;est surtout <strong>la journ\u00e9e de mercredi qu&rsquo;on surveille<\/strong> pour le moment, avec toutefois encore de l&rsquo;incertitude : le ciel sera encore bien gris sur Paris, avec <strong>le passage d&rsquo;une perturbation qui devrait tangenter l&rsquo;\u00cele-de-France<\/strong>. Les matchs pourraient bien \u00eatre perturb\u00e9s <strong>dans l&rsquo;apr\u00e8s-midi avec un risque de pluies mod\u00e9r\u00e9es<\/strong>, surtout d&rsquo;apr\u00e8s le mod\u00e8le am\u00e9ricain GFS.<\/p>\n<p>Une deuxi\u00e8me semaine incertaine ?<\/p>\n<p>Le <strong>week-end de l&rsquo;Ascension<\/strong> marquera enfin <strong>une pause dans la grisaille et l&rsquo;humidit\u00e9<\/strong>, avec toutefois encore un <strong>faible risque d&rsquo;averses jeudi<\/strong>, notamment pour les matchs du matin. <strong>Jusqu&rsquo;\u00e0 dimanche, le ciel devrait alterner entre tr\u00e8s belles \u00e9claircies et quelques passages nuageux<\/strong>, avec des temp\u00e9ratures en hausse et pouvant approcher les 25\u00b0C, surtout samedi et dimanche.<\/p>\n<p><img loading=\"lazy\" decoding=\"async\" fetchpriority=\"low\" class=\"lazy \" src=\"https:\/\/www.europesays.com\/fr\/wp-content\/uploads\/2025\/05\/1748164035_498_meteo-a-roland-garros-la-pluie-va-t-elle-s-inviter-pendant-les-matchs-a-paris-decouvrez-nos-previsio.png\"  width=\"768\" height=\"432\" alt=\"Vendredi Paris n\u00e9bulosit\u00e9\" title=\"Vendredi Paris n\u00e9bulosit\u00e9\" data-image=\"l3cgvjhcfowr\"\/>Vendredi marquera le retour d&rsquo;un beau soleil sur Paris, a priori sans risque d&rsquo;averses, contrairement \u00e0 la journ\u00e9e de jeudi.<\/p>\n<p>Toutefois, <strong>il n&rsquo;est pas impossible qu&rsquo;une d\u00e9gradation pluvio-orageuse remonte par le Sud-Ouest<\/strong> dans l&rsquo;apr\u00e8s-midi de dimanche et <strong>finisse aussi par concerner la r\u00e9gion parisienne<\/strong>. La fiabilit\u00e9 est assez mauvaise pour cette deuxi\u00e8me partie de week-end de l&rsquo;Ascension. La persistance d&rsquo;un temps ensoleill\u00e9 et chaud n&rsquo;est pas certaine, notamment pour la moiti\u00e9 Nord.<\/p>\n<p>Pour la <strong>deuxi\u00e8me semaine du tournoi, les sc\u00e9narios divergent fortement<\/strong> : le mod\u00e8le europ\u00e9en voit le temps tr\u00e8s nettement se d\u00e9grader <strong>d\u00e8s le lundi 2 juin, avec le retour d&rsquo;un temps pluvieux et frais<\/strong>, alors que le mod\u00e8le am\u00e9ricain retarde ces perspectives automnales au <strong>mercredi 4 juin<\/strong>.<\/p>\n<p><a class=\"imagen \" href=\"https:\/\/www.tameteo.com\/actualites\/previsions\/meteo-pour-la-fin-du-mois-gros-coup-de-chaud-sur-la-france-pour-le-week-end-de-l-ascension-avec-plus-de-30-c-ete-meteorologique-juin.html\" title=\"M\u00e9t\u00e9o pour la fin du mois : gros coup de chaud sur la France pour le week-end de l&#039;Ascension avec plus de 30\u00b0C ? \" rel=\"nofollow noopener\" target=\"_blank\"><img loading=\"lazy\" decoding=\"async\" fetchpriority=\"low\" class=\"lazy img-body non-editable\" src=\"https:\/\/www.europesays.com\/fr\/wp-content\/uploads\/2025\/05\/meteo-pour-la-fin-du-mois-gros-coup-de-chaud-sur-la-france-pour-le-week-end-de-l-ascension-avec-plus.png\"  width=\"320\" height=\"225\" alt=\"M\u00e9t\u00e9o pour la fin du mois : gros coup de chaud sur la France pour le week-end de l'Ascension avec plus de 30\u00b0C ? \"\/><\/a><\/p>\n<p>Les perspectives ne sont donc <strong>pas au beau fixe<\/strong> pour cette quinzaine \u00e0 Roland-Garros, notamment pour les courts qui ne sont pas couverts (seuls Philippe Chatrier et Suzanne Lenglen le sont). <strong>Le parapluie sera sans doute n\u00e9cessaire<\/strong> (avec \u00e0 la cl\u00e9 un risque de perturbation des matchs) <strong>pour ce dimanche 25 mai, le mercredi 28 mai, et peut-\u00eatre pour la deuxi\u00e8me semaine du tournoi<\/strong>\u2026<\/p>\n","protected":false},"excerpt":{"rendered":"Les Internationaux de France de tennis \u00e0 Roland-Garros sont r\u00e9guli\u00e8rement perturb\u00e9s par l&rsquo;apparition de la pluie sur les&hellip;\n","protected":false},"author":2,"featured_media":126592,"comment_status":"","ping_status":"","sticky":false,"template":"","format":"standard","meta":{"footnotes":""},"categories":[1888],"tags":[25006,17,1111,1928,11,1927,15119,25005,16738,1777,674,1011,27,3388,15115,12,1926,4594,626,1925,7854,4459,7917,2119,25,8948,4510,4171,5572,517,1467,9621],"class_list":{"0":"post-126591","1":"post","2":"type-post","3":"status-publish","4":"format-standard","5":"has-post-thumbnail","7":"category-paris","8":"tag-15-jours","9":"tag-17","10":"tag-actu","11":"tag-actu-paris","12":"tag-actualites","13":"tag-actualites-paris","14":"tag-averses","15":"tag-courts","16":"tag-couverts","17":"tag-eu","18":"tag-europe","19":"tag-fr","20":"tag-france","21":"tag-matchs","22":"tag-meteo-en-france","23":"tag-news","24":"tag-news-paris","25":"tag-orages","26":"tag-paris","27":"tag-paris-news","28":"tag-perturbations","29":"tag-pluie","30":"tag-previsions","31":"tag-previsions-meteo","32":"tag-republique-francaise","33":"tag-retard","34":"tag-risque","35":"tag-roland-garros","36":"tag-semaine","37":"tag-sport","38":"tag-tennis","39":"tag-tournoi"},"share_on_mastodon":{"url":"https:\/\/pubeurope.com\/@fr\/114567685574968864","error":""},"_links":{"self":[{"href":"https:\/\/www.europesays.com\/fr\/wp-json\/wp\/v2\/posts\/126591","targetHints":{"allow":["GET"]}}],"collection":[{"href":"https:\/\/www.europesays.com\/fr\/wp-json\/wp\/v2\/posts"}],"about":[{"href":"https:\/\/www.europesays.com\/fr\/wp-json\/wp\/v2\/types\/post"}],"author":[{"embeddable":true,"href":"https:\/\/www.europesays.com\/fr\/wp-json\/wp\/v2\/users\/2"}],"replies":[{"embeddable":true,"href":"https:\/\/www.europesays.com\/fr\/wp-json\/wp\/v2\/comments?post=126591"}],"version-history":[{"count":0,"href":"https:\/\/www.europesays.com\/fr\/wp-json\/wp\/v2\/posts\/126591\/revisions"}],"wp:featuredmedia":[{"embeddable":true,"href":"https:\/\/www.europesays.com\/fr\/wp-json\/wp\/v2\/media\/126592"}],"wp:attachment":[{"href":"https:\/\/www.europesays.com\/fr\/wp-json\/wp\/v2\/media?parent=126591"}],"wp:term":[{"taxonomy":"category","embeddable":true,"href":"https:\/\/www.europesays.com\/fr\/wp-json\/wp\/v2\/categories?post=126591"},{"taxonomy":"post_tag","embeddable":true,"href":"https:\/\/www.europesays.com\/fr\/wp-json\/wp\/v2\/tags?post=126591"}],"curies":[{"name":"wp","href":"https:\/\/api.w.org\/{rel}","templated":true}]}}