{"id":126593,"date":"2025-05-25T09:08:21","date_gmt":"2025-05-25T09:08:21","guid":{"rendered":"https:\/\/www.europesays.com\/fr\/126593\/"},"modified":"2025-05-25T09:08:21","modified_gmt":"2025-05-25T09:08:21","slug":"paris-sabre-le-champagne-3-0","status":"publish","type":"post","link":"https:\/\/www.europesays.com\/fr\/126593\/","title":{"rendered":"Paris sabre le Champagne (3-0)"},"content":{"rendered":"<p>                                                              <img data-twic-src=\"https:\/\/www.europesays.com\/fr\/wp-content\/uploads\/2025\/05\/91b935d80c23d4b9038cd9e9da2f5d31.jpeg\" data-credit=\"Photo  \/ ICON SPORT\" title=\"Photo  \/ ICON SPORT\" alt=\"Paris SG Coupe de France 2025\" class=\"block\"\/>                                        <\/p>\n<p style=\"font-weight: bold\">Logique vainqueur du Stade de Reims (3-0) lors de la 107e finale, le Paris SG a conquis sa seizi\u00e8me Coupe de France, samedi 24 mai au Stade de France, et sign\u00e9 le doubl\u00e9 Coupe-Championnat. <\/p>\n<p>Le Paris Saint-Germain peut se tourner sereinement vers Munich et sa finale de Ligue des champions 2025 contre l&rsquo;Inter Milan, le samedi 31 mai prochain. \u00c0 une semaine de ce grand rendez-vous, il s&rsquo;est alleg\u00e9 l&rsquo;esprit et empli le coeur de confiance en conqu\u00e9rant une nouvelle Coupe de France, la deuxi\u00e8me d&rsquo;affil\u00e9e, la seizi\u00e8me de son histoire, am\u00e9liorant son record.<\/p>\n<p>Favori de la finale qui l&rsquo;opposait au Stade de Reims, le club de la capitale a justifi\u00e9 ce statut avec une victoire (3-0) acquise d\u00e8s la mi-temps, que les Champenois, domin\u00e9s toute la rencontre, n&rsquo;ont jamais \u00e9t\u00e9 en mesure de contester.\u00a0<\/p>\n<p>Les joueurs de Luis Enrique ont donc r\u00e9gn\u00e9 sur le football hexagonal cette saison, remportant tour \u00e0 tour le Troph\u00e9e des champions, le championnat de France de Ligue 1 et donc cette Coupe de France 2024-2025, comme ils l&rsquo;avaient fait la saison pr\u00e9c\u00e9dente. Quant au Stade de Reims, il va d\u00e9sormais pouvoir se concentrer sur son objectif num\u00e9ro un, le maintien en Ligue 1 que le FC Metz lui disputera jeudi prochain en barrage retour.\u00a0<\/p>\n<p style=\"text-align: center;\"><strong><a href=\"https:\/\/www.fff.fr\/473-palmares-de-la-coupe-de-france.html\" target=\"_blank\" rel=\"noopener\">Le palmar\u00e8s de la Coupe de France<\/a><\/strong><\/p>\n<p>16<\/p>\n<p>victoires en Coupe de France pour le PSG (1982, 1983, 1993, 1995, 1998, 2004, 2006, 2010, 2015, 2016, 2017, 2018, 2020, 2021, 2024, 2025), record\u00a0<\/p>\n<p>8<\/p>\n<p>succ\u00e8s dans la comp\u00e9tition pour Marquinhos (2015, 2016, 2017, 2018, 2020, 2021, 2024, 2025), record \u00e9galement.\u00a0<\/p>\n<p><img decoding=\"async\" title=\"Sandra RUHAUT ICON SPORT\" src=\"https:\/\/www.europesays.com\/fr\/wp-content\/uploads\/2025\/05\/966e3a9dc6176b4acd3d1fae01721df7.jpeg\" alt=\"\"\/>Bradley Barcola a mis le PSG sur orbite en signant un doubl\u00e9 aux 16e et 19e minutes (photo Sa,dra RUHAUT \/ ICON SPORT).<\/p>\n<p><strong>\u00a0LE MATCH\u00a0<\/strong><\/p>\n<p>Il n&rsquo;a fallu que dix-neuf minutes au Paris SG pour mettre d\u00e9j\u00e0 une main sur cette Coupe de France 2025. Le temps pour <a href=\"https:\/\/www.fff.fr\/equipe-nationale\/joueur\/10632-barcola-bradley\/fiche.html\" target=\"_blank\" rel=\"noopener\">Bradley Barcola<\/a> de r\u00e9aliser un doubl\u00e9, aux 16es et 19es minutes. Les deux fois servi par le m\u00eame <a href=\"https:\/\/www.fff.fr\/equipe-nationale\/joueur\/10341-doue-desire\/fiche.html\" target=\"_blank\" rel=\"noopener\">D\u00e9sir\u00e9 Dou\u00e9<\/a>, qui avait remplac\u00e9 Kvaratskhelia juste avant le coup d&rsquo;envoi. D\u00e8s lors, et m\u00eame si Amadou Kon\u00e9 avait sign\u00e9 le premier tir cadr\u00e9 de la partie, obligeant Safonov \u00e0 se coucher (5e), on ne voyait plus gu\u00e8re comment les R\u00e9mois allaient pouvoir se sortir de l&#8217;emprise parisienne et inverser le cours de l&rsquo;histoire. Loin de \u00e7a, ils ont continu\u00e9 \u00e0 subir et ce troisi\u00e8me but qui les mena\u00e7ait \u00e0 chaque offensive du PSG a fini par leur tomber dessus, Achraf Hakimi mettant fin \u00e0 la fois \u00e0 leurs espoirs et \u00e0 tout suspense juste avant la pause (3-0, 43e).\u00a0<\/p>\n<p>La seconde mi-temps ? Elle a \u00e9t\u00e9 conforme \u00e0 la premi\u00e8re, entre un Paris s\u00fbr de sa force et de son avance, et un Reims plus souvent sur la d\u00e9fensive que port\u00e9 par un \u00e9lan offensif, faute d&rsquo;arguments, malgr\u00e9 trois changements au repos. \u00c0 ce jeu, la victoire parisienne aurait pu \u00eatre plus large si Diouf n&rsquo;avait pas joliment sorti une frappe de Barcola (59e) et si Demb\u00e9l\u00e9 n&rsquo;avait pas trouv\u00e9 le poteau sur un tir du droit (64e). Bref, le sentiment que l&rsquo;on pouvait avoir avant le coup d&rsquo;envoi que cette finale 2025 n&rsquo;\u00e9chapperait pas au Paris SG s&rsquo;est confirm\u00e9 pendant quatre-vingt-dix minutes sur le terrain.\u00a0<\/p>\n<p style=\"text-align: center;\"><strong><a href=\"https:\/\/www.fff.fr\/article\/14785-les-coulisses-de-la-finale.html\" target=\"_blank\" rel=\"noopener\">Les coulisses de la finale<\/a><\/strong><\/p>\n<p style=\"text-align: center;\"><a href=\"https:\/\/www.fff.fr\/diaporama\/14786-paris-sg-stade-de-reims-en-images.html\" target=\"_blank\" rel=\"noopener\"><strong>Les images de la finale<\/strong><\/a><\/p>\n<p><img decoding=\"async\" title=\"Photo  ICON SPORT\" src=\"https:\/\/www.europesays.com\/fr\/wp-content\/uploads\/2025\/05\/b230d99407b5213f15bfc863bad09c3f.jpeg\" alt=\"\"\/>Une huiti\u00e8me Coupe de France pour Marquinhos (photo ICON SPORT).<\/p>\n<p>\u00a0LES BUTS\u00a0<\/p>\n<p><strong>&#8211; 1-0, Bradley Barcola (16e)<\/strong> : sur une offensive r\u00e9moise, Vitinha, pr\u00e8s de sa surface, ressort le ballon et sert Dou\u00e9 qui progresse rapidement dans l&rsquo;axe et alerte Bradley Barcola en profondeur dans le dos d&rsquo;Okumu. En bonne position \u00e0 l&rsquo;entr\u00e9e des seize m\u00e8tres, l&rsquo;attaquant parisien d\u00e9clenche une frappe crois\u00e9e du droit qui se loge au ras du poteau.\u00a0<\/p>\n<p><strong>&#8211; 2-0, Bradley Barcola (19e)<\/strong> : sur une attaque plac\u00e9e, Marquinhos, aux trente m\u00e8tres, trouve une solution de passe vers Dou\u00e9 sur la droite. Le jeune parisien rentre dans la surface et d\u00e9livre un centre parfait devant le but pour Bradley Barcola dont la reprise ne laisse aucune chance \u00e0 Yehvann Diouf.<\/p>\n<p><strong>&#8211; 3-0, Achraf Hakimi (43e)<\/strong> : servi par Ruiz sur le c\u00f4t\u00e9 gauche, Barcola a tout son temps pour contr\u00f4ler et se mettre sur son pied droit. Son centre au second poteau est une offrande pour Hachraf Hakimi, lanc\u00e9, pour une reprise du droit victorieuse.\u00a0<\/p>\n<p style=\"text-align: center;\"><strong><a href=\"https:\/\/www.fff.fr\/article\/14787-luis-enrique-tous-les-objectifs-ont-ete-remplis-.html\" target=\"_blank\" rel=\"noopener\">Luis Enrique : \u00ab Tous les objectifs ont \u00e9t\u00e9 atteints \u00bb<\/a><\/strong><\/p>\n<p><img decoding=\"async\" title=\"Photo  ICON SPORT\" src=\"https:\/\/www.europesays.com\/fr\/wp-content\/uploads\/2025\/05\/52623926aac12f5f4dd9c1a0b7112250.jpeg\" alt=\"\"\/>D\u00e9sir\u00e9 Dou\u00e9 a d\u00e9livr\u00e9 deux passes d\u00e9cisives pour Bradley Barcola (photo ICON SPORT).<\/p>\n<p style=\"text-align: center;\"><a href=\"https:\/\/www.fff.fr\/article\/14775-la-coupe-de-france-devient-la-coupe-de-france-credit-agricole.html\" target=\"_blank\" rel=\"noopener\"><strong>La Coupe de France devient Coupe de France-Cr\u00e9dit Agricole<\/strong><\/a><\/p>\n<p>2<\/p>\n<p>Deuxi\u00e8me d\u00e9faite en finale de la Coupe de France pour le Stade de Reims (1977, 2025), pour deux victoires (1958, 1958).<\/p>\n<p>\u00a0<\/p>\n<p>La fiche technique<\/p>\n<p class=\"light\">Le samedi 24 mai 2025 \u00e0 Saint-Denis (Stade de France)<br \/>107e finale de la Coupe de France &#8211; Troph\u00e9e Charles Simon (108e \u00e9dition)<\/p>\n<p><strong>PARIS SAINT-GERMAIN &#8211; STADE DE REIMS : 3-0 (3-0)<\/strong><\/p>\n<p><strong>Spectateurs<\/strong> : 77 101<br \/><strong>Arbitre<\/strong> : Beno\u00eet Bastien (Ligue du Grand Est)<br \/><strong>Buts<\/strong> : Barcola (16e, 19e), Hakimi (43e) pour le Paris SG\u00a0<\/p>\n<p><strong>PARIS SAINT-GERMAIN<\/strong> : Safonov &#8211; Hakimi, Marquinhos, Pacho puis Hernandez (61e), Mendes puis Beraldo (61e) &#8211; Vitinha\u00a0 puis Za\u00efre-Emery (71e), Neves puis Mayulu (71e), Ruiz &#8211; Dou\u00e9 puis Ramos (71e), Demb\u00e9l\u00e9, Barcola.<br \/>Entra\u00eeneur : Luis Enrique<br \/>Rempla\u00e7ants : Donnarumma, Lee, Mbaye, Kvaratskhelia.<\/p>\n<p class=\"light\"><strong>STADE DE REIMS<\/strong> : Diouf (cap.) &#8211; Sekin\u00e9, Gbane, Okumu puis Moscardo (46e), Kipr\u00e9, Aki\u00e9m\u00e9 &#8211; Atangana, Kon\u00e9 puis Patrick (74e) &#8211; Ito puis Tia (46e), Siebatcheu puis Diakit\u00e9 (46e), Nakamura puis Diakhon (63e).<br \/>Entra\u00eeneur : Samba Diawara<br \/>Rempla\u00e7ants : Olliero, Jeng, Buta, Sangui.<\/p>\n<p>\u00a0<\/p>\n","protected":false},"excerpt":{"rendered":"Logique vainqueur du Stade de Reims (3-0) lors de la 107e finale, le Paris SG a conquis sa&hellip;\n","protected":false},"author":2,"featured_media":126594,"comment_status":"","ping_status":"","sticky":false,"template":"","format":"standard","meta":{"footnotes":""},"categories":[1888],"tags":[1111,1928,11,1927,1777,674,85,1011,27,12,1926,626,1925,25],"class_list":{"0":"post-126593","1":"post","2":"type-post","3":"status-publish","4":"format-standard","5":"has-post-thumbnail","7":"category-paris","8":"tag-actu","9":"tag-actu-paris","10":"tag-actualites","11":"tag-actualites-paris","12":"tag-eu","13":"tag-europe","14":"tag-fff","15":"tag-fr","16":"tag-france","17":"tag-news","18":"tag-news-paris","19":"tag-paris","20":"tag-paris-news","21":"tag-republique-francaise"},"share_on_mastodon":{"url":"https:\/\/pubeurope.com\/@fr\/114567689371669516","error":""},"_links":{"self":[{"href":"https:\/\/www.europesays.com\/fr\/wp-json\/wp\/v2\/posts\/126593","targetHints":{"allow":["GET"]}}],"collection":[{"href":"https:\/\/www.europesays.com\/fr\/wp-json\/wp\/v2\/posts"}],"about":[{"href":"https:\/\/www.europesays.com\/fr\/wp-json\/wp\/v2\/types\/post"}],"author":[{"embeddable":true,"href":"https:\/\/www.europesays.com\/fr\/wp-json\/wp\/v2\/users\/2"}],"replies":[{"embeddable":true,"href":"https:\/\/www.europesays.com\/fr\/wp-json\/wp\/v2\/comments?post=126593"}],"version-history":[{"count":0,"href":"https:\/\/www.europesays.com\/fr\/wp-json\/wp\/v2\/posts\/126593\/revisions"}],"wp:featuredmedia":[{"embeddable":true,"href":"https:\/\/www.europesays.com\/fr\/wp-json\/wp\/v2\/media\/126594"}],"wp:attachment":[{"href":"https:\/\/www.europesays.com\/fr\/wp-json\/wp\/v2\/media?parent=126593"}],"wp:term":[{"taxonomy":"category","embeddable":true,"href":"https:\/\/www.europesays.com\/fr\/wp-json\/wp\/v2\/categories?post=126593"},{"taxonomy":"post_tag","embeddable":true,"href":"https:\/\/www.europesays.com\/fr\/wp-json\/wp\/v2\/tags?post=126593"}],"curies":[{"name":"wp","href":"https:\/\/api.w.org\/{rel}","templated":true}]}}