{"id":126599,"date":"2025-05-25T09:11:09","date_gmt":"2025-05-25T09:11:09","guid":{"rendered":"https:\/\/www.europesays.com\/fr\/126599\/"},"modified":"2025-05-25T09:11:09","modified_gmt":"2025-05-25T09:11:09","slug":"nous-voulons-vraiment-mettre-fin-a-la-guerre-cette-annee-liberation","status":"publish","type":"post","link":"https:\/\/www.europesays.com\/fr\/126599\/","title":{"rendered":"\u00abNous voulons vraiment mettre fin \u00e0 la guerre cette ann\u00e9e\u00bb \u2013 Lib\u00e9ration"},"content":{"rendered":"<p class=\"sc-ksZaOG ehjQrN text-element\">Le ministre ukrainien des Affaires \u00e9trang\u00e8res, Andriy Sybiha, est entr\u00e9 au gouvernement en septembre 2024, peu avant <a href=\"https:\/\/www.liberation.fr\/international\/amerique\/presidentielle-2024-donald-trump-pousse-aux-portes-du-pouvoir-par-une-amerique-nostalgique-20241106_PLLW2JKJMBEMZNS5KEDXNM6QRY\/?redirected=1\" target=\"_blank\" rel=\"nofollow noopener\" title=\"https:\/\/www.liberation.fr\/international\/amerique\/presidentielle-2024-donald-trump-pousse-aux-portes-du-pouvoir-par-une-amerique-nostalgique-20241106_PLLW2JKJMBEMZNS5KEDXNM6QRY\/?redirected=1\">la victoire de Donald Trump<\/a> \u00e0 l\u2019\u00e9lection pr\u00e9sidentielle am\u00e9ricaine. Il a imm\u00e9diatement commenc\u00e9 \u00e0 promouvoir des n\u00e9gociations de paix et \u00e0 renouer activement le dialogue avec Vladimir Poutine. Depuis <a href=\"https:\/\/www.liberation.fr\/international\/amerique\/ceremonie-dinvestiture-de-donald-trump-au-capitole-tapis-rouge-et-peur-bleue-20250120_6MC3JQFTIFE5DASGDU3GAVBXYQ\/\" target=\"_blank\" rel=\"nofollow noopener\" title=\"https:\/\/www.liberation.fr\/international\/amerique\/ceremonie-dinvestiture-de-donald-trump-au-capitole-tapis-rouge-et-peur-bleue-20250120_6MC3JQFTIFE5DASGDU3GAVBXYQ\/\">le retour de Trump \u00e0 la Maison Blanche<\/a>, la diplomatie ukrainienne doit se montrer aussi discr\u00e8te que possible pour retarder le moment o\u00f9 le pr\u00e9sident am\u00e9ricain perdra d\u00e9finitivement tout int\u00e9r\u00eat pour cette guerre.<\/p>\n<p class=\"sc-ksZaOG ehjQrN text-element\">Apr\u00e8s les derni\u00e8res n\u00e9gociations entre la Russie et l\u2019Ukraine, <a href=\"https:\/\/www.liberation.fr\/international\/europe\/en-direct-guerre-en-ukraine-plusieurs-reunions-attendu&lt;\/p&gt;&lt;\/div&gt;&lt;\/article&gt;&lt;\/div&gt;&lt;div data-fusion-lazy-id=\" f0f8vgvlad832fw=\"\" rel=\"nofollow noopener\" target=\"_blank\"><\/p>\n","protected":false},"excerpt":{"rendered":"Le ministre ukrainien des Affaires \u00e9trang\u00e8res, Andriy Sybiha, est entr\u00e9 au gouvernement en septembre 2024, peu avant la&hellip;\n","protected":false},"author":2,"featured_media":126600,"comment_status":"","ping_status":"","sticky":false,"template":"","format":"standard","meta":{"footnotes":""},"categories":[1591],"tags":[11,1887,12,1885,1886,132,220,297,135,134],"class_list":{"0":"post-126599","1":"post","2":"type-post","3":"status-publish","4":"format-standard","5":"has-post-thumbnail","7":"category-russie","8":"tag-actualites","9":"tag-federation-de-russie","10":"tag-news","11":"tag-russia","12":"tag-russian-federation","13":"tag-russie","14":"tag-ukraine","15":"tag-ukraine-la-crise","16":"tag-vladimir-poutine","17":"tag-volodymyr-zelensky"},"share_on_mastodon":{"url":"https:\/\/pubeurope.com\/@fr\/114567701049183883","error":""},"_links":{"self":[{"href":"https:\/\/www.europesays.com\/fr\/wp-json\/wp\/v2\/posts\/126599","targetHints":{"allow":["GET"]}}],"collection":[{"href":"https:\/\/www.europesays.com\/fr\/wp-json\/wp\/v2\/posts"}],"about":[{"href":"https:\/\/www.europesays.com\/fr\/wp-json\/wp\/v2\/types\/post"}],"author":[{"embeddable":true,"href":"https:\/\/www.europesays.com\/fr\/wp-json\/wp\/v2\/users\/2"}],"replies":[{"embeddable":true,"href":"https:\/\/www.europesays.com\/fr\/wp-json\/wp\/v2\/comments?post=126599"}],"version-history":[{"count":0,"href":"https:\/\/www.europesays.com\/fr\/wp-json\/wp\/v2\/posts\/126599\/revisions"}],"wp:featuredmedia":[{"embeddable":true,"href":"https:\/\/www.europesays.com\/fr\/wp-json\/wp\/v2\/media\/126600"}],"wp:attachment":[{"href":"https:\/\/www.europesays.com\/fr\/wp-json\/wp\/v2\/media?parent=126599"}],"wp:term":[{"taxonomy":"category","embeddable":true,"href":"https:\/\/www.europesays.com\/fr\/wp-json\/wp\/v2\/categories?post=126599"},{"taxonomy":"post_tag","embeddable":true,"href":"https:\/\/www.europesays.com\/fr\/wp-json\/wp\/v2\/tags?post=126599"}],"curies":[{"name":"wp","href":"https:\/\/api.w.org\/{rel}","templated":true}]}}