{"id":12660,"date":"2025-04-09T12:55:08","date_gmt":"2025-04-09T12:55:08","guid":{"rendered":"https:\/\/www.europesays.com\/fr\/12660\/"},"modified":"2025-04-09T12:55:08","modified_gmt":"2025-04-09T12:55:08","slug":"trois-enfants-disparus-depuis-des-mois-retrouves-le-meme-jour-grace-a-une-emission-tele","status":"publish","type":"post","link":"https:\/\/www.europesays.com\/fr\/12660\/","title":{"rendered":"Trois enfants disparus depuis des mois retrouv\u00e9s le m\u00eame jour gr\u00e2ce \u00e0 une \u00e9mission t\u00e9l\u00e9"},"content":{"rendered":"<p>C\u2019est un exploit in\u00e9dit dans la lutte contre les disparitions d\u2019enfants\u00a0: gr\u00e2ce \u00e0 l\u2019\u00e9mission On Patrol\u00a0: Live, trois <a href=\"https:\/\/www.20minutes.fr\/dossier\/disparu\" target=\"_blank\" class=\"color-ultramarine c-link\" rel=\"noopener\">enfants port\u00e9s disparus<\/a> ont \u00e9t\u00e9 retrouv\u00e9s et r\u00e9unis avec leurs familles\u2026 le m\u00eame jour, rapporte le site <a href=\"https:\/\/people.com\/missing-children-recovered-on-patrol-live-reelz-11710856\" rel=\"nofollow noopener\" target=\"_blank\" class=\"color-ultramarine c-link\">People.com<\/a>.<\/p>\n<p>Diffus\u00e9e sur la cha\u00eene Reelz, l\u2019\u00e9mission documentaire a contribu\u00e9, le 30\u00a0mars dernier, au retour de Juliette Kapon, 16 ans, disparue \u00e0 New York depuis novembre\u00a02024, ainsi que des fr\u00e8res Colton et Cohen Desormeaux, \u00e2g\u00e9s de 5 et 7 ans, port\u00e9s disparus en Louisiane depuis la m\u00eame p\u00e9riode.<\/p>\n<p>Une collaboration \u00e9troite<\/p>\n<p>Ce programme t\u00e9l\u00e9 collabore \u00e9troitement avec le <a href=\"https:\/\/www.missingkids.org\/home\" rel=\"nofollow noopener\" target=\"_blank\" class=\"color-ultramarine c-link\">National Center for Missing &amp; Exploited Children (NCMEC)<\/a> et la Black and Missing Foundation (BAMFI) pour diffuser des segments baptis\u00e9s \u00ab\u00a0Missing\u00a0\u00bb, o\u00f9 des visages d\u2019enfants disparus sont montr\u00e9s aux t\u00e9l\u00e9spectateurs, accompagn\u00e9s d\u2019appels \u00e0 t\u00e9moins. L\u2019impact de cette initiative est aujourd\u2019hui spectaculaire\u00a0: quarante personnes ont \u00e9t\u00e9 retrouv\u00e9es gr\u00e2ce \u00e0 l\u2019\u00e9mission, selon le NCMEC.<\/p>\n<\/p>\n<p>Selon Angeline Hartmann, directrice de la communication du NCMEC, il s\u2019agit d\u2019une premi\u00e8re\u00a0: \u00ab\u00a0C\u2019est la premi\u00e8re fois que deux affaires, repr\u00e9sentant trois enfants disparus, pr\u00e9sent\u00e9es cons\u00e9cutivement dans la m\u00eame \u00e9mission, aboutissent \u00e0 un retour \u00e0 la maison dans les 24h.\u00a0\u00bb<\/p>\n<p>Des milliers de t\u00e9l\u00e9spectateurs mobilis\u00e9s<\/p>\n<p>Chaque semaine, On Patrol\u00a0: Live mobilise des milliers de t\u00e9l\u00e9spectateurs, surnomm\u00e9s la OP Nation, qui relayent les signalements sur les r\u00e9seaux sociaux. \u00ab\u00a0Les fans prennent en photo l\u2019\u00e9cran, partagent les images et creusent les pistes. Cela va plus loin que tout ce que j\u2019ai vu auparavant\u00a0\u00bb, ajoute Hartmann.<\/p>\n<p><a href=\"https:\/\/www.20minutes.fr\/monde\/etats-unis\/\" target=\"_blank\" class=\"c-link c-btn c-btn--primary\" rel=\"noopener\">Nos articles sur les Etats-Unis<\/a><\/p>\n<p>Dans le cas de Juliette, les cam\u00e9ras de surveillance l\u2019ont montr\u00e9e quittant son \u00e9cole le jour de sa disparition. Apr\u00e8s la diffusion de cette vid\u00e9o par l\u2019\u00e9mission, l\u2019adolescente a vu sa propre photo \u00e0 la t\u00e9l\u00e9vision\u2026 et a d\u00e9cid\u00e9 de rentrer chez elle.<\/p>\n","protected":false},"excerpt":{"rendered":"C\u2019est un exploit in\u00e9dit dans la lutte contre les disparitions d\u2019enfants\u00a0: gr\u00e2ce \u00e0 l\u2019\u00e9mission On Patrol\u00a0: Live, trois&hellip;\n","protected":false},"author":2,"featured_media":12661,"comment_status":"","ping_status":"","sticky":false,"template":"","format":"standard","meta":{"footnotes":""},"categories":[8],"tags":[47,5796,58,847,59,73,118,1011,27],"class_list":{"0":"post-12660","1":"post","2":"type-post","3":"status-publish","4":"format-standard","5":"has-post-thumbnail","7":"category-divertissement","8":"tag-actualite","9":"tag-disparu","10":"tag-divertissement","11":"tag-enfant","12":"tag-entertainment","13":"tag-etats-unis","14":"tag-faits-divers","15":"tag-fr","16":"tag-france"},"share_on_mastodon":{"url":"https:\/\/pubeurope.com\/@fr\/114308115611859881","error":""},"_links":{"self":[{"href":"https:\/\/www.europesays.com\/fr\/wp-json\/wp\/v2\/posts\/12660","targetHints":{"allow":["GET"]}}],"collection":[{"href":"https:\/\/www.europesays.com\/fr\/wp-json\/wp\/v2\/posts"}],"about":[{"href":"https:\/\/www.europesays.com\/fr\/wp-json\/wp\/v2\/types\/post"}],"author":[{"embeddable":true,"href":"https:\/\/www.europesays.com\/fr\/wp-json\/wp\/v2\/users\/2"}],"replies":[{"embeddable":true,"href":"https:\/\/www.europesays.com\/fr\/wp-json\/wp\/v2\/comments?post=12660"}],"version-history":[{"count":0,"href":"https:\/\/www.europesays.com\/fr\/wp-json\/wp\/v2\/posts\/12660\/revisions"}],"wp:featuredmedia":[{"embeddable":true,"href":"https:\/\/www.europesays.com\/fr\/wp-json\/wp\/v2\/media\/12661"}],"wp:attachment":[{"href":"https:\/\/www.europesays.com\/fr\/wp-json\/wp\/v2\/media?parent=12660"}],"wp:term":[{"taxonomy":"category","embeddable":true,"href":"https:\/\/www.europesays.com\/fr\/wp-json\/wp\/v2\/categories?post=12660"},{"taxonomy":"post_tag","embeddable":true,"href":"https:\/\/www.europesays.com\/fr\/wp-json\/wp\/v2\/tags?post=12660"}],"curies":[{"name":"wp","href":"https:\/\/api.w.org\/{rel}","templated":true}]}}