{"id":126615,"date":"2025-05-25T09:19:09","date_gmt":"2025-05-25T09:19:09","guid":{"rendered":"https:\/\/www.europesays.com\/fr\/126615\/"},"modified":"2025-05-25T09:19:09","modified_gmt":"2025-05-25T09:19:09","slug":"faits-divers-fusillade-place-pierre-semard-a-chenove-un-mort-par-balle","status":"publish","type":"post","link":"https:\/\/www.europesays.com\/fr\/126615\/","title":{"rendered":"Faits divers. Fusillade place Pierre Semard \u00e0 Chen\u00f4ve : un mort par balle"},"content":{"rendered":"<p>Ce dimanche 25 mai, vers 00 h 30, une fusillade a \u00e9clat\u00e9 pr\u00e8s de la piscine municipale de Chen\u00f4ve.<\/p>\n<p>Un homme a \u00e9t\u00e9\u00a0mortellement atteint par des tirs d\u2019arme \u00e0 feu place Pierre Semard. Il avait 29 ans.<\/p>\n<p>Ce contenu est bloqu\u00e9 car vous n&rsquo;avez pas accept\u00e9 les cookies et autres traceurs.<\/p>\n<p>En cliquant sur \u00ab J\u2019accepte \u00bb, les cookies et autres traceurs seront d\u00e9pos\u00e9s et vous pourrez visualiser les contenus  (<a href=\"\" class=\"consentModule_policy\" target=\"_blank\" title=\"Consulter la politique de protection des donn\u00e9es du fournisseur\">plus d&rsquo;informations<\/a>).<\/p>\n<p>En cliquant sur \u00ab J\u2019accepte tous les cookies \u00bb, vous autorisez des d\u00e9p\u00f4ts de cookies et autres traceurs pour le stockage de vos donn\u00e9es sur nos sites et applications \u00e0 des fins de personnalisation et de ciblage publicitaire.<\/p>\n<p class=\"consentModule_secondaryText\">Vous gardez la possibilit\u00e9 de retirer votre consentement \u00e0 tout moment en consultant notre <a href=\"https:\/\/www.bienpublic.com\/protection-des-donnees\" target=\"_blank\" title=\"Consulter notre politique de protection des donn\u00e9es\" rel=\"noopener\">politique de protection des donn\u00e9es<\/a>. <br \/>&#13;<br \/>\n            <a href=\"https:\/\/www.bienpublic.com\/faits-divers-justice\/2025\/05\/25\/javascript:Didomi.notice.show()\" class=\"consentModule_cmp\" target=\"_blank\" rel=\"noopener\">G\u00e9rer mes choix<\/a>&#13;\n        <\/p>\n<p>&#13;<br \/>\n                        J&rsquo;accepte&#13;<br \/>\n            J&rsquo;accepte tous les cookies&#13;\n        <\/p>\n<p>  Un habitant de la m\u00e9tropole dijonnaise<\/p>\n<p>D&rsquo;apr\u00e8s le parquet de Dijon, la victime, qui r\u00e9side dans la m\u00e9tropole dijonnaise, n\u2019est pas connue judiciairement pour des infractions \u00e0 la l\u00e9gislation sur les stup\u00e9fiants.<\/p>\n<p>\u00ab\u00a0Une dizaine d\u2019\u00e9tuis de munitions compatibles avec l\u2019usage d\u2019une arme automatique \u00e9taient d\u00e9couverts sur place. Des traces de projectiles dans des v\u00e9hicules stationn\u00e9s et un impact dans un appartement au 3\u00e8me \u00e9tage \u00e9taient \u00e9galement relev\u00e9s \u00e0 proximit\u00e9 des faits, sans que ces tirs n\u2019aient g\u00e9n\u00e9r\u00e9s d\u2019autres personnes victimes\u00a0\u00bb, \u00e9crit le procureur de la R\u00e9publique de Dijon, Olivier Caracotch, dans un communiqu\u00e9 de presse adress\u00e9 aux r\u00e9dactions ce matin.<\/p>\n<p>\u00ab\u00a0Les premi\u00e8res constatations permettaient de supposer la pr\u00e9sence d\u2019un tireur, venu au contact du groupe dans lequel se trouvait la victime, et qui prenait la fuite \u00e0 bord d\u2019un v\u00e9hicule automobile apr\u00e8s les tirs.\u00a0\u00bb<\/p>\n<p>  Une enqu\u00eate criminelle de flagrance ouverte<\/p>\n<p>Une enqu\u00eate criminelle de flagrance a \u00e9t\u00e9 ouverte pour meurtre en bande organis\u00e9e et association de malfaiteurs. Les investigations sont confi\u00e9es \u00e0 la DCOS (division de la criminalit\u00e9 organis\u00e9e et sp\u00e9cialis\u00e9e).<\/p>\n<p>Le troisi\u00e8me homme vis\u00e9 en un peu plus d&rsquo;une semaine<\/p>\n<p>Pour rappel, dans la nuit du 17 au 18 mai,<a href=\"https:\/\/www.bienpublic.com\/faits-divers-justice\/2025\/05\/18\/un-homme-blesse-par-balles-dans-le-quartier-des-gresilles-a-dijon\" target=\"_blank\" rel=\"noopener\"> un homme avait\u00a0\u00e9t\u00e9 la cible de tirs<\/a>\u00a0dans le quartier des Gr\u00e9silles \u00e0 Dijon.\u00a0<\/p>\n<p>Aussi, dans la nuit de mardi \u00e0 mercredi, un homme avait \u00e9t\u00e9 d\u00e9pos\u00e9 aux urgences, <a href=\"https:\/\/www.bienpublic.com\/faits-divers-justice\/2025\/05\/21\/nouveaux-tirs-aux-gresilles-un-homme-blesse-a-la-jambe\" target=\"_blank\" rel=\"noopener\">victime de tirs par arme \u00e0 feu<\/a>, \u00e0 Dijon.\u00a0<\/p>\n","protected":false},"excerpt":{"rendered":"Ce dimanche 25 mai, vers 00 h 30, une fusillade a \u00e9clat\u00e9 pr\u00e8s de la piscine municipale de&hellip;\n","protected":false},"author":2,"featured_media":126616,"comment_status":"","ping_status":"","sticky":false,"template":"","format":"standard","meta":{"footnotes":""},"categories":[2],"tags":[11,25010,10975,274,107,1011,27,12,25],"class_list":{"0":"post-126615","1":"post","2":"type-post","3":"status-publish","4":"format-standard","5":"has-post-thumbnail","7":"category-actualites","8":"tag-actualites","9":"tag-chenove","10":"tag-edition-beaune-et-sa-region","11":"tag-faits-divers-justice","12":"tag-fil-info","13":"tag-fr","14":"tag-france","15":"tag-news","16":"tag-republique-francaise"},"share_on_mastodon":{"url":"https:\/\/pubeurope.com\/@fr\/114567732616299134","error":""},"_links":{"self":[{"href":"https:\/\/www.europesays.com\/fr\/wp-json\/wp\/v2\/posts\/126615","targetHints":{"allow":["GET"]}}],"collection":[{"href":"https:\/\/www.europesays.com\/fr\/wp-json\/wp\/v2\/posts"}],"about":[{"href":"https:\/\/www.europesays.com\/fr\/wp-json\/wp\/v2\/types\/post"}],"author":[{"embeddable":true,"href":"https:\/\/www.europesays.com\/fr\/wp-json\/wp\/v2\/users\/2"}],"replies":[{"embeddable":true,"href":"https:\/\/www.europesays.com\/fr\/wp-json\/wp\/v2\/comments?post=126615"}],"version-history":[{"count":0,"href":"https:\/\/www.europesays.com\/fr\/wp-json\/wp\/v2\/posts\/126615\/revisions"}],"wp:featuredmedia":[{"embeddable":true,"href":"https:\/\/www.europesays.com\/fr\/wp-json\/wp\/v2\/media\/126616"}],"wp:attachment":[{"href":"https:\/\/www.europesays.com\/fr\/wp-json\/wp\/v2\/media?parent=126615"}],"wp:term":[{"taxonomy":"category","embeddable":true,"href":"https:\/\/www.europesays.com\/fr\/wp-json\/wp\/v2\/categories?post=126615"},{"taxonomy":"post_tag","embeddable":true,"href":"https:\/\/www.europesays.com\/fr\/wp-json\/wp\/v2\/tags?post=126615"}],"curies":[{"name":"wp","href":"https:\/\/api.w.org\/{rel}","templated":true}]}}