{"id":126621,"date":"2025-05-25T09:24:08","date_gmt":"2025-05-25T09:24:08","guid":{"rendered":"https:\/\/www.europesays.com\/fr\/126621\/"},"modified":"2025-05-25T09:24:08","modified_gmt":"2025-05-25T09:24:08","slug":"que-la-fete-commence-suivez-les-matchs-de-dimanche-avec-nous-en-attendant-lhommage-a-rafa","status":"publish","type":"post","link":"https:\/\/www.europesays.com\/fr\/126621\/","title":{"rendered":"Que la f\u00eate commence\u00a0! Suivez les matchs de dimanche avec nous, en attendant l&rsquo;hommage \u00e0 Rafa\u2026"},"content":{"rendered":"<p>Comme chaque ann\u00e9e, j&rsquo;ouvre le bal de 15 jours de live effr\u00e9n\u00e9 avec un \u00e9norme plaisir, car Roland, c&rsquo;est d&rsquo;abord le signe que l&rsquo;\u00e9t\u00e9 arrive et les vacances aussi. On commence ce dimanche, avec un programme qu&rsquo;on peut qualifier de \u00ab mise en route tranquille \u00bb, mais un gros temps fort puisque c&rsquo;est aujourd&rsquo;hui, sans doute vers 18h, que tout le peuple parisien rendra hommage \u00e0 Rafa Nadal sur le Chatrier. H\u00e2te d&rsquo;y \u00eatre et h\u00e2te de voir \u00e0 quoi \u00e7a va ressembler<\/p>\n","protected":false},"excerpt":{"rendered":"Comme chaque ann\u00e9e, j&rsquo;ouvre le bal de 15 jours de live effr\u00e9n\u00e9 avec un \u00e9norme plaisir, car Roland,&hellip;\n","protected":false},"author":2,"featured_media":126622,"comment_status":"","ping_status":"","sticky":false,"template":"","format":"standard","meta":{"footnotes":""},"categories":[1415],"tags":[7615,4169,1011,27,25011,4171,517,60,1467,4170],"class_list":{"0":"post-126621","1":"post","2":"type-post","3":"status-publish","4":"format-standard","5":"has-post-thumbnail","7":"category-tennis","8":"tag-aryna-sabalenka","9":"tag-atp","10":"tag-fr","11":"tag-france","12":"tag-grand-chelem","13":"tag-roland-garros","14":"tag-sport","15":"tag-sports","16":"tag-tennis","17":"tag-wta"},"share_on_mastodon":{"url":"https:\/\/pubeurope.com\/@fr\/114567752118417391","error":""},"_links":{"self":[{"href":"https:\/\/www.europesays.com\/fr\/wp-json\/wp\/v2\/posts\/126621","targetHints":{"allow":["GET"]}}],"collection":[{"href":"https:\/\/www.europesays.com\/fr\/wp-json\/wp\/v2\/posts"}],"about":[{"href":"https:\/\/www.europesays.com\/fr\/wp-json\/wp\/v2\/types\/post"}],"author":[{"embeddable":true,"href":"https:\/\/www.europesays.com\/fr\/wp-json\/wp\/v2\/users\/2"}],"replies":[{"embeddable":true,"href":"https:\/\/www.europesays.com\/fr\/wp-json\/wp\/v2\/comments?post=126621"}],"version-history":[{"count":0,"href":"https:\/\/www.europesays.com\/fr\/wp-json\/wp\/v2\/posts\/126621\/revisions"}],"wp:featuredmedia":[{"embeddable":true,"href":"https:\/\/www.europesays.com\/fr\/wp-json\/wp\/v2\/media\/126622"}],"wp:attachment":[{"href":"https:\/\/www.europesays.com\/fr\/wp-json\/wp\/v2\/media?parent=126621"}],"wp:term":[{"taxonomy":"category","embeddable":true,"href":"https:\/\/www.europesays.com\/fr\/wp-json\/wp\/v2\/categories?post=126621"},{"taxonomy":"post_tag","embeddable":true,"href":"https:\/\/www.europesays.com\/fr\/wp-json\/wp\/v2\/tags?post=126621"}],"curies":[{"name":"wp","href":"https:\/\/api.w.org\/{rel}","templated":true}]}}