{"id":126625,"date":"2025-05-25T09:27:11","date_gmt":"2025-05-25T09:27:11","guid":{"rendered":"https:\/\/www.europesays.com\/fr\/126625\/"},"modified":"2025-05-25T09:27:11","modified_gmt":"2025-05-25T09:27:11","slug":"nous-sommes-faibles-a-basse-vitesse","status":"publish","type":"post","link":"https:\/\/www.europesays.com\/fr\/126625\/","title":{"rendered":"Nous sommes faibles \u00e0 basse vitesse"},"content":{"rendered":"<p>Apr\u00e8s ses pole positions au Japon, en Arabie saoudite et \u00e0 Miami, <a href=\"https:\/\/fr.motorsport.com\/driver\/max-verstappen\/93029\/\" target=\"_blank\" rel=\"noopener\">Max Verstappen<\/a> ne r\u00e9alisera pas de nouvel exploit \u00e0 Monaco. Le pilote <a href=\"https:\/\/fr.motorsport.com\/team\/red-bull\/553\/\" target=\"_blank\" rel=\"noopener\">Red Bull<\/a>, dans la partie depuis le d\u00e9but du week-end, s&rsquo;\u00e9lancera de la quatri\u00e8me position, apr\u00e8s avoir gagn\u00e9 une place suite \u00e0 la p\u00e9nalit\u00e9 de <a href=\"https:\/\/fr.motorsport.com\/driver\/lewis-hamilton\/76878\/\" target=\"_blank\" rel=\"noopener\">Lewis Hamilton<\/a>, qui a g\u00ean\u00e9 le N\u00e9erlandais lors de la Q1.\u00a0<\/p>\n<p>Alors qu&rsquo;il limite la casse en s&rsquo;\u00e9lan\u00e7ant de la deuxi\u00e8me ligne, Max Verstappen reste \u00e0 sept dixi\u00e8mes de la pole position de <a href=\"https:\/\/fr.motorsport.com\/driver\/lando-norris\/289708\/\" target=\"_blank\" rel=\"noopener\">Lando Norris<\/a>. Selon le pilote Red Bull, ce r\u00e9sultat ne semble pas si surprenant. Il explique que les difficult\u00e9s se faisaient d\u00e9j\u00e0 ressentir lors des s\u00e9ance d&rsquo;essais libres, pointant du doigt le deuxi\u00e8me secteur et la difficult\u00e9 \u00e0 passer les virages \u00e0 basse vitesse.<\/p>\n<p>\u00ab\u00a0D\u00e9j\u00e0 en EL3, nous \u00e9tions limit\u00e9s, mais ensuite, en qualifications, je pense qu&rsquo;il \u00e9tait assez clair que le secteur 2 \u00e9tait juste tr\u00e8s mauvais, nous ne pouvions tout simplement pas escalader les vibreurs. Nous sommes faibles \u00e0 basse vitesse, et aussi quand il faut prendre des vibreurs,\u00a0elle n&rsquo;a jamais aim\u00e9 \u00e7a, et elle ne l&rsquo;aime toujours pas.\u00a0\u00bb<\/p>\n<p>\u00ab\u00a0Lors des EL2, ce n&rsquo;\u00e9tait \u00e9galement pas tr\u00e8s bon, mais il est clair que d&rsquo;autres ont fait un pas en avant, mais le probl\u00e8me est que normalement, oui, nous pouvons affiner notre \u00e9quilibre, nous trouvons la performance, mais quand une voiture n&rsquo;est pas performante \u00e0 ces vitesses, elle n&rsquo;est pas performante, peu importe ce que vous faites avec la configuration, et c&rsquo;est notre probl\u00e8me.\u00a0\u00bb<\/p>\n<p>   <img decoding=\"async\" draggable=\"false\" src=\"https:\/\/www.europesays.com\/fr\/wp-content\/uploads\/2025\/05\/1748165231_243_max-verstappen-red-bull-racing.jpg\" alt=\"Max Verstappen apr\u00e8s les qualifications.\" width=\"1200\" height=\"800\" loading=\"lazy\"\/> <\/p>\n<p class=\"title\">Max Verstappen apr\u00e8s les qualifications.<\/p>\n<p class=\"photographer\">Photo de: Sam Bloxham \/ Motorsport Images via Getty Images<\/p>\n<p>Malgr\u00e9 son exploit en 2023, o\u00f9 il avait r\u00e9alis\u00e9 une pole position exceptionnelle, Max Verstappen estime que Red Bull fait toujours face au m\u00eame probl\u00e8me depuis 2022, ann\u00e9e du d\u00e9but de l&rsquo;\u00e8re des monoplaces \u00e0 effet de sol : la faiblesse dans les virages \u00e0 basse vitesse et la difficult\u00e9 \u00e0 passer sur les vibreurs.\u00a0<\/p>\n<p>\u00ab\u00a0\u00c7a a toujours \u00e9t\u00e9 notre probl\u00e8me depuis 2022, et \u00e7a l&rsquo;est toujours. On esp\u00e8re toujours plus, on essaie de r\u00e9soudre les probl\u00e8mes, mais notre voiture n&rsquo;aime tout simplement pas les virages \u00e0 basse vitesse, et particuli\u00e8rement ici \u00e0 Monaco avec tous les vibreurs et tout le reste. Ce n&rsquo;est tout simplement pas notre piste.\u00a0\u00bb<\/p>\n<p>Pour le Grand Prix ce dimanche, Max Verstappen s&rsquo;\u00e9lancera depuis la quatri\u00e8me place gr\u00e2ce \u00e0 la p\u00e9nalit\u00e9 de Lewis Hamilton susmentionn\u00e9e. Il partira derri\u00e8re ses rivaux au championnat, les deux pilotes <a href=\"https:\/\/fr.motorsport.com\/team\/mclaren\/609\/\" target=\"_blank\" rel=\"noopener\">McLaren<\/a>, sur un trac\u00e9 o\u00f9 il est pratiquement impossible de d\u00e9passer. Malgr\u00e9 la nouvelle r\u00e8gle des deux arr\u00eats au stand obligatoires, le N\u00e9erlandais estime qu&rsquo;il est encore trop difficile de d\u00e9terminer quelle strat\u00e9gie \u00e0 adopter.<\/p>\n<p>\u00ab\u00a0Je ne sais pas, nous pourrions avoir besoin d&rsquo;\u00eatre chanceux avec la strat\u00e9gie. Nous savons aussi, bien s\u00fbr, que c&rsquo;est une course assez longue, mais avec deux arr\u00eats, cela pourrait rendre la course un peu plus int\u00e9ressante.\u00a0Tout d\u00e9pend s&rsquo;il y a une voiture de s\u00e9curit\u00e9 ou non, donc c&rsquo;est tr\u00e8s difficile de savoir ce que l&rsquo;on doit faire pour le moment.\u00a0\u00bb<\/p>\n<p>Lire aussi :<\/p>\n<p>Dans cet article<\/p>\n<p>    Lucas Huaum\u00e9\n<\/p>\n<p>    Formule 1\n<\/p>\n<p>    Max Verstappen\n<\/p>\n<p>    Red Bull\n<\/p>\n<p>Soyez le premier inform\u00e9 et souscrivez aux alertes mails pour recevoir les infos en temps r\u00e9el<\/p>\n<p>    S&rsquo;abonner aux alertes de news<\/p>\n","protected":false},"excerpt":{"rendered":"Apr\u00e8s ses pole positions au Japon, en Arabie saoudite et \u00e0 Miami, Max Verstappen ne r\u00e9alisera pas de&hellip;\n","protected":false},"author":2,"featured_media":126626,"comment_status":"","ping_status":"","sticky":false,"template":"","format":"standard","meta":{"footnotes":""},"categories":[1412],"tags":[1451,1452,1453,1454,1455,1011,27,23310,2236,5386,2255,60],"class_list":{"0":"post-126625","1":"post","2":"type-post","3":"status-publish","4":"format-standard","5":"has-post-thumbnail","7":"category-f1","8":"tag-f1","9":"tag-formula-1","10":"tag-formula1","11":"tag-formule-1","12":"tag-formule1","13":"tag-fr","14":"tag-france","15":"tag-gp-de-monaco","16":"tag-max-verstappen","17":"tag-monte-carlo","18":"tag-red-bull","19":"tag-sports"},"share_on_mastodon":{"url":"https:\/\/pubeurope.com\/@fr\/114567763970517004","error":""},"_links":{"self":[{"href":"https:\/\/www.europesays.com\/fr\/wp-json\/wp\/v2\/posts\/126625","targetHints":{"allow":["GET"]}}],"collection":[{"href":"https:\/\/www.europesays.com\/fr\/wp-json\/wp\/v2\/posts"}],"about":[{"href":"https:\/\/www.europesays.com\/fr\/wp-json\/wp\/v2\/types\/post"}],"author":[{"embeddable":true,"href":"https:\/\/www.europesays.com\/fr\/wp-json\/wp\/v2\/users\/2"}],"replies":[{"embeddable":true,"href":"https:\/\/www.europesays.com\/fr\/wp-json\/wp\/v2\/comments?post=126625"}],"version-history":[{"count":0,"href":"https:\/\/www.europesays.com\/fr\/wp-json\/wp\/v2\/posts\/126625\/revisions"}],"wp:featuredmedia":[{"embeddable":true,"href":"https:\/\/www.europesays.com\/fr\/wp-json\/wp\/v2\/media\/126626"}],"wp:attachment":[{"href":"https:\/\/www.europesays.com\/fr\/wp-json\/wp\/v2\/media?parent=126625"}],"wp:term":[{"taxonomy":"category","embeddable":true,"href":"https:\/\/www.europesays.com\/fr\/wp-json\/wp\/v2\/categories?post=126625"},{"taxonomy":"post_tag","embeddable":true,"href":"https:\/\/www.europesays.com\/fr\/wp-json\/wp\/v2\/tags?post=126625"}],"curies":[{"name":"wp","href":"https:\/\/api.w.org\/{rel}","templated":true}]}}