{"id":126633,"date":"2025-05-25T09:31:10","date_gmt":"2025-05-25T09:31:10","guid":{"rendered":"https:\/\/www.europesays.com\/fr\/126633\/"},"modified":"2025-05-25T09:31:10","modified_gmt":"2025-05-25T09:31:10","slug":"le-morlaisien-victor-ronne-renait-a-travers-ses-oeuvres-dart","status":"publish","type":"post","link":"https:\/\/www.europesays.com\/fr\/126633\/","title":{"rendered":"Le Morlaisien Victor Ronn\u00e9 rena\u00eet \u00e0 travers ses \u0153uvres d\u2019art"},"content":{"rendered":"<p>Victor Ronn\u00e9, jeune artiste morlaisien, expose au 21, de la rue de Brest des \u0153uvres r\u00e9centes, li\u00e9es \u00e0 un moment qui a boulevers\u00e9 sa vie. Il y a 4 ans, dipl\u00f4m\u00e9 des Beaux-Arts, surfeur, alors sc\u00e9nographe vid\u00e9o au \u00ab\u00a0Warehouse\u00a0\u00bb, bo\u00eete de nuit branch\u00e9e sur l\u2019\u00eele de Nantes, il \u00e9tait brutalement terrass\u00e9 par une rupture d\u2019an\u00e9vrisme. N\u2019ayant pas perdu son sens de l\u2019humour, il regrette de n\u2019avoir pu appr\u00e9cier son bapt\u00eame d\u2019h\u00e9licopt\u00e8re lors de son transfert \u00e0 la Cavale Blanche\u00a0!<\/p>\n<p>Deux ans de r\u00e9education<\/p>\n<p>Pris en charge par des \u00e9quipes m\u00e9dicales remarquables, <a href=\"https:\/\/www.letelegramme.fr\/finistere\/roscoff-29680\/au-centre-de-perharidy-de-roscoff-victor-ronne-sorti-du-coma-expose-ses-toiles-4065136.php\" title=\"www.letelegramme.fr\" target=\"_blank\" rel=\"noopener\">Victor a ensuite accompli une p\u00e9riode de r\u00e9\u00e9ducation de 2 ans \u00e0 Pehraridy<\/a>\u00a0: \u00ab\u00a0R\u00e9apprendre \u00e0 parler, \u00e0 se d\u00e9placer, se dire que la vie ne pourra plus \u00eatre la m\u00eame, r\u00e9fl\u00e9chir \u00e0 la direction que je pourrais prendre\u00a0\u00bb dit le r\u00e9silient jeune homme tout juste trentenaire.<\/p>\n<p>Peu \u00e0 peu, il s\u2019est remis \u00e0 la sculpture et \u00e0 la peinture. Ce d\u00e9but 2025, alors qu\u2019il cherchait un lieu d\u2019exposition \u00e0 Morlaix, Morgane Postellec lui a propos\u00e9 de mettre \u00e0 sa disposition le local du 22 de la rue de Brest. Il vient d\u2019y installer sa 3e exposition depuis son accident.<\/p>\n<p>Habitants et commer\u00e7ants solidaires<\/p>\n<p>Parmi les \u0153uvres expos\u00e9es, une grande toile arbore d\u00e9sormais un ph\u00e9nix \u00ab\u00a0Ronn\u00e9ssant\u00a0\u00bb. Un buste en quatre lamelles, \u00ab\u00a0rat\u00e9 pour un probl\u00e8me technique\u00a0\u00bb, dit Victor, retrouve son unit\u00e9 gr\u00e2ce aux barres de m\u00e9tal qui le transpercent, \u00e9voquant le martyre de Saint S\u00e9bastien. Il pr\u00e9sente aussi des sculptures r\u00e9centes, entre ombre et lumi\u00e8re, parfois tr\u00e8s humoristiques. En terre ou c\u00e9ramique, l\u2019artiste a pu les modeler chez Manuelle Bodin qui lui a ouvert son atelier, Lithops. \u00ab\u00a0Les habitants et les commer\u00e7ants de la rue de Brest sont solidaires\u00a0\u00bb, dit Victor en souriant. Il ne faut pas h\u00e9siter \u00e0 prendre le temps de regarder ses \u0153uvres qui d\u00e9coiffent\u00a0!<\/p>\n<p><b>Pratique<\/b><\/p>\n<p class=\"note\">Victor Ronn\u00e9, Exposition vitrine au 21 rue de Brest, Morlaix. Contact\u00a0: victor.ronne29@gmail.com<\/p>\n","protected":false},"excerpt":{"rendered":"Victor Ronn\u00e9, jeune artiste morlaisien, expose au 21, de la rue de Brest des \u0153uvres r\u00e9centes, li\u00e9es \u00e0&hellip;\n","protected":false},"author":2,"featured_media":126634,"comment_status":"","ping_status":"","sticky":false,"template":"","format":"standard","meta":{"footnotes":""},"categories":[1358],"tags":[1348,1384,1385,1386,58,59,1011,27,2131],"class_list":{"0":"post-126633","1":"post","2":"type-post","3":"status-publish","4":"format-standard","5":"has-post-thumbnail","7":"category-arts-et-design","8":"tag-arts","9":"tag-arts-and-design","10":"tag-arts-et-design","11":"tag-design","12":"tag-divertissement","13":"tag-entertainment","14":"tag-fr","15":"tag-france","16":"tag-morlaix"},"share_on_mastodon":{"url":"https:\/\/pubeurope.com\/@fr\/114567779678792043","error":""},"_links":{"self":[{"href":"https:\/\/www.europesays.com\/fr\/wp-json\/wp\/v2\/posts\/126633","targetHints":{"allow":["GET"]}}],"collection":[{"href":"https:\/\/www.europesays.com\/fr\/wp-json\/wp\/v2\/posts"}],"about":[{"href":"https:\/\/www.europesays.com\/fr\/wp-json\/wp\/v2\/types\/post"}],"author":[{"embeddable":true,"href":"https:\/\/www.europesays.com\/fr\/wp-json\/wp\/v2\/users\/2"}],"replies":[{"embeddable":true,"href":"https:\/\/www.europesays.com\/fr\/wp-json\/wp\/v2\/comments?post=126633"}],"version-history":[{"count":0,"href":"https:\/\/www.europesays.com\/fr\/wp-json\/wp\/v2\/posts\/126633\/revisions"}],"wp:featuredmedia":[{"embeddable":true,"href":"https:\/\/www.europesays.com\/fr\/wp-json\/wp\/v2\/media\/126634"}],"wp:attachment":[{"href":"https:\/\/www.europesays.com\/fr\/wp-json\/wp\/v2\/media?parent=126633"}],"wp:term":[{"taxonomy":"category","embeddable":true,"href":"https:\/\/www.europesays.com\/fr\/wp-json\/wp\/v2\/categories?post=126633"},{"taxonomy":"post_tag","embeddable":true,"href":"https:\/\/www.europesays.com\/fr\/wp-json\/wp\/v2\/tags?post=126633"}],"curies":[{"name":"wp","href":"https:\/\/api.w.org\/{rel}","templated":true}]}}