{"id":126637,"date":"2025-05-25T09:33:08","date_gmt":"2025-05-25T09:33:08","guid":{"rendered":"https:\/\/www.europesays.com\/fr\/126637\/"},"modified":"2025-05-25T09:33:08","modified_gmt":"2025-05-25T09:33:08","slug":"quelle-epoque-lea-salame-revient-avec-force-sur-la-polemique-ardisson","status":"publish","type":"post","link":"https:\/\/www.europesays.com\/fr\/126637\/","title":{"rendered":"Quelle \u00c9poque ! : L\u00e9a Salam\u00e9 revient avec force sur la pol\u00e9mique Ardisson"},"content":{"rendered":"<p>      R\u00e9sum\u00e9<\/p>\n<p>L\u00e9a Salam\u00e9 a vivement d\u00e9nonc\u00e9 les propos de Thierry Ardisson dans Quelle \u00e9poque !, affirmant qu\u2019ils auraient d\u00fb \u00ab\u00a0le couper\u00a0\u00bb.<\/p>\n<p>        Sommaire<\/p>\n<p>Dans l&rsquo;\u00e9pisode Quelle \u00e9poque ! du samedi 10 mai dernier, <strong>Thierry Ardisson a d\u00e9clench\u00e9 un v\u00e9ritable toll\u00e9<\/strong>. Invit\u00e9 par L\u00e9a Salam\u00e9 au sujet de son dernier livre, il a <strong><a href=\"https:\/\/www.public.fr\/thierry-ardisson-compare-gaza-a-auschwitz-dans-quelle-epoque-valerie-benaim-explose-tous-les-invites-se-sont-tus\" target=\"_blank\" rel=\"noopener\">compar\u00e9 la situation \u00e0 Gaza \u00e0 celle d\u2019Auschwitz<\/a><\/strong>. Des propos qui ont d\u00e9clench\u00e9 une <strong>avalanche de critiques sur les r\u00e9seaux sociaux<\/strong>. <\/p>\n<p>M\u00eame s&rsquo;il s\u2019est ensuite excus\u00e9 : \u00ab\u00a0L\u2019\u00e9motion \u00e9tait sans doute trop forte et mon <strong>propos exag\u00e9r\u00e9<\/strong>. Je prie mes amis juifs de bien vouloir me pardonner.\u00a0\u00bb, la <strong>pol\u00e9mique n&rsquo;est pas encore ent\u00e9rin\u00e9e<\/strong> et L\u00e9a Salam\u00e9 a pris la parole ce samedi 24 mai pour donner son point de vue.<\/p>\n<p>L\u00e9a Salam\u00e9 r\u00e9pond \u00e0 la pol\u00e9mique<\/p>\n<p>La journaliste, tr\u00e8s \u00e9mue, a tenu \u00e0 faire entendre sa voix et \u00e0 pr\u00e9senter ses excuses aux t\u00e9l\u00e9spectateurs. Et sa r\u00e9ponse a \u00e9t\u00e9 <strong>aussi personnelle que politique<\/strong>. Dans Quelle \u00e9poque !, elle a expliqu\u00e9 qu&rsquo;elle ne souhaitait en aucun cas <strong>\u00ab\u00a0qu\u2019on banalise la Shoah, rien que pour \u00e7a, eh bien, nous aurions d\u00fb la couper\u00a0\u00bb<\/strong>, en parlant de la s\u00e9quence. Elle a ajout\u00e9 : \u00ab\u00a0Ce que nous regrettons ici, c\u2019est que cette pol\u00e9mique ait \u00e9clips\u00e9 le sujet premier, qui \u00e9tait de parler de la situation dramatique \u00e0 Gaza, des <strong>milliers de morts<\/strong>, des <strong>enfants qui ont faim<\/strong>.\u00a0\u00bb<\/p>\n<p>L\u00e9a Salam\u00e9 a aussi rappel\u00e9 <strong>son engagement personnel contre toutes les formes de haine<\/strong> et son histoire familiale : \u00ab\u00a0Toute ma vie, tout ce que je suis, <strong>mes origines<\/strong>, l\u2019histoire de ma famille, du g\u00e9nocide arm\u00e9nien dans ma famille maternelle&#8230;\u00a0\u00bb En effet, elle conna\u00eet tr\u00e8s bien <strong>\u00ab\u00a0le prix personnel et collectif de ces guerres\u00a0\u00bb. <\/strong><\/p>\n<p>Avec cette prise de parole, <strong>L\u00e9a Salam\u00e9 affirme sa ligne rouge<\/strong> : \u00ab\u00a0\u00catre accus\u00e9 de complaisance \u00e0 l\u2019\u00e9gard du Hamas ou de l\u2019antis\u00e9mitisme quand on produit une parole forte sur Gaza, \u00e7a ne marche pas, pas ici, pas avec moi.\u00a0\u00bb<\/p>\n<blockquote class=\"twitter-tweet\">\n<p>\ud83c\udccf\u00abJe vous le dis tout net, \u00eatre accus\u00e9 de complaisance \u00e0 l&rsquo;\u00e9gard du Hamas ou de l&rsquo;antis\u00e9mitisme quand on produit une parole forte sur Gaza, \u00e7a ne marche pas, pas ici, pas avec moi(..)\u00bb<a href=\"https:\/\/twitter.com\/hashtag\/QuelleEpoque?src=hash&amp;ref_src=twsrc%5Etfw\" target=\"_blank\" rel=\"noopener\">#QuelleEpoque<\/a> &#8211; Apr\u00e8s une mise au point sur Ardisson, L\u00e9a Salam\u00e9 qui ne c\u00e8de pas<\/p>\n<p>Bravo <a href=\"https:\/\/t.co\/9lkZ2IICVi\">pic.twitter.com\/9lkZ2IICVi<\/a><\/p>\n<p>\u2014 DANS LA S\u00c9QUENCE (@D_La_Sequence) <a href=\"https:\/\/twitter.com\/D_La_Sequence\/status\/1926391798127001602?ref_src=twsrc%5Etfw\" target=\"_blank\" rel=\"noopener\">May 24, 2025<\/a><\/p><\/blockquote>\n<p>Un contexte sous haute tension<\/p>\n<p>Alors m\u00eame si Quelle \u00e9poque ! est connue pour des \u00e9changes piquants et des invit\u00e9s hauts en couleur, la venue de<strong> <a href=\"https:\/\/www.public.fr\/thierry-ardisson-sen-prend-desormais-a-lea-salame\" target=\"_blank\" rel=\"noopener\">Thierry Ardisson <\/a>semble avoir franchi une ligne<\/strong>. Et cela, L\u00e9a Salam\u00e9 ne le nie pas, mais elle ne souhaite pas que cette pol\u00e9mique cache la priorit\u00e9 du d\u00e9bat : <strong>les civils, les enfants, les familles en souffrance<\/strong>.<\/p>\n<p><strong>L\u00e9a Salam\u00e9 <\/strong>a toujours l&rsquo;esp\u00e9rance d&rsquo;une France \u00ab\u00a0o\u00f9 chr\u00e9tiens, musulmans, juifs, ath\u00e9es, peuvent encore se parler et m\u00eame s\u2019aimer\u00a0\u00bb. \u00ab\u00a0Je continuerai toute ma vie \u00e0 essayer de faire entendre nos voix de paix et d\u2019apaisement. <strong>C\u2019est mon combat.<\/strong>\u00ab\u00a0, a-t-elle conclu. Des mots qui r\u00e9sonnent fort dans un <strong>contexte international ultra-sensible.<\/strong><\/p>\n<p>      Mentionn\u00e9s dans cet article<\/p>\n<p>\u00c0 lire aussi<\/p>\n<p><script async src=\"https:\/\/platform.twitter.com\/widgets.js\" charset=\"utf-8\"><\/script><\/p>\n","protected":false},"excerpt":{"rendered":"R\u00e9sum\u00e9 L\u00e9a Salam\u00e9 a vivement d\u00e9nonc\u00e9 les propos de Thierry Ardisson dans Quelle \u00e9poque !, affirmant qu\u2019ils auraient&hellip;\n","protected":false},"author":2,"featured_media":126638,"comment_status":"","ping_status":"","sticky":false,"template":"","format":"standard","meta":{"footnotes":""},"categories":[1356],"tags":[58,59,1011,27,594,3806,4495,252,10058,1364],"class_list":{"0":"post-126637","1":"post","2":"type-post","3":"status-publish","4":"format-standard","5":"has-post-thumbnail","7":"category-television","8":"tag-divertissement","9":"tag-entertainment","10":"tag-fr","11":"tag-france","12":"tag-france-2","13":"tag-lea-salame","14":"tag-quelle-epoque","15":"tag-television","16":"tag-thierry-ardisson","17":"tag-tv"},"share_on_mastodon":{"url":"https:\/\/pubeurope.com\/@fr\/114567787529876286","error":""},"_links":{"self":[{"href":"https:\/\/www.europesays.com\/fr\/wp-json\/wp\/v2\/posts\/126637","targetHints":{"allow":["GET"]}}],"collection":[{"href":"https:\/\/www.europesays.com\/fr\/wp-json\/wp\/v2\/posts"}],"about":[{"href":"https:\/\/www.europesays.com\/fr\/wp-json\/wp\/v2\/types\/post"}],"author":[{"embeddable":true,"href":"https:\/\/www.europesays.com\/fr\/wp-json\/wp\/v2\/users\/2"}],"replies":[{"embeddable":true,"href":"https:\/\/www.europesays.com\/fr\/wp-json\/wp\/v2\/comments?post=126637"}],"version-history":[{"count":0,"href":"https:\/\/www.europesays.com\/fr\/wp-json\/wp\/v2\/posts\/126637\/revisions"}],"wp:featuredmedia":[{"embeddable":true,"href":"https:\/\/www.europesays.com\/fr\/wp-json\/wp\/v2\/media\/126638"}],"wp:attachment":[{"href":"https:\/\/www.europesays.com\/fr\/wp-json\/wp\/v2\/media?parent=126637"}],"wp:term":[{"taxonomy":"category","embeddable":true,"href":"https:\/\/www.europesays.com\/fr\/wp-json\/wp\/v2\/categories?post=126637"},{"taxonomy":"post_tag","embeddable":true,"href":"https:\/\/www.europesays.com\/fr\/wp-json\/wp\/v2\/tags?post=126637"}],"curies":[{"name":"wp","href":"https:\/\/api.w.org\/{rel}","templated":true}]}}