{"id":126656,"date":"2025-05-25T09:43:08","date_gmt":"2025-05-25T09:43:08","guid":{"rendered":"https:\/\/www.europesays.com\/fr\/126656\/"},"modified":"2025-05-25T09:43:08","modified_gmt":"2025-05-25T09:43:08","slug":"quatre-mois-apres-le-meurtre-de-son-fils-sa-mere-sort-du-silence","status":"publish","type":"post","link":"https:\/\/www.europesays.com\/fr\/126656\/","title":{"rendered":"quatre mois apr\u00e8s le meurtre de son fils, sa m\u00e8re sort du silence"},"content":{"rendered":"<p><strong>EXCLUSIF &#8211;<\/strong> Dans une lettre ouverte \u00e0 tous, la m\u00e8re d\u2019Elias, adolescent d\u2019\u00e0 peine 15 ans sauvagement tu\u00e9 \u00e0 Paris pour un t\u00e9l\u00e9phone portable, en appelle \u00e0 un \u00e9veil de la conscience collective, quatre mois jour pour jour apr\u00e8s le drame.<\/p>\n<p class=\"fig-paragraph\">Dimanche 25 mai 2025,<\/p>\n<p class=\"fig-paragraph\"><a href=\"http:\/\/www.lefigaro.fr\/faits-divers\/a-paris-la-mort-tragique-d-un-adolescent-reflet-de-la-violence-gratuite-de-deux-mineurs-recidivistes-20250126\" target=\"_blank\" data-fig-type=\"Article\" rel=\"noopener\" data-gtm-custom-categorie=\"navigation\" data-gtm-custom-action=\"crossclick\" data-gtm-custom-label=\"Contextuel\" data-gtm-event=\"customEventSPE\" data-fig-domain=\"LEFIGARO\">Le vendredi 24 janvier 2025<\/a>, un peu avant 20h, comme chaque vendredi, Elias est sorti du Stade Jules-No\u00ebl dans le 14\u00e8me arrondissement de Paris.<\/p>\n<p class=\"fig-paragraph\">Comme chaque vendredi apr\u00e8s son entra\u00eenement de foot, Elias marche avec ses amis avenue Maurice d\u2019Ocagne pour aller chercher un V\u00e9lib.<\/p>\n<p class=\"fig-paragraph\">Comme chaque vendredi, Elias doit me t\u00e9l\u00e9phoner. Je ne suis pas loin de lui, je travaille \u00e0 l\u2019h\u00f4pital Saint-Joseph et nous habitons pr\u00e8s du Parc Montsouris.<\/p>\n<p class=\"fig-paragraph\">Comme chaque vendredi, nous allons discuter de sa journ\u00e9e et d\u00e9cider si Elias d\u00eene avec nous \u00e0 la maison, s\u2019il va manger un burger avec ses potes ou s\u2019il va rejoindre sa petite amie. Elias va bient\u00f4t avoir 15 ans, il est en 3\u00e8me au Lyc\u00e9e Montaigne. Elias est un adolescent gentil, vraiment gentil, joyeux, beau et fort. Aim\u00e9 et aimant.<\/p>\n<p class=\"fig-paragraph\">Le vendredi 24 janvier 2025, un peu avant 20h, ce n\u2019est pas Elias qui m\u2019a appel\u00e9e, mais son meilleur ami pour me dire qu\u2019Elias \u00e9tait \u00e0 terre et qu\u2019il avait \u00e9t\u00e9\u00a0<a href=\"http:\/\/www.lefigaro.fr\/flash-actu\/elias-est-mort-en-raison-d-une-impunite-les-parents-du-jeune-poignarde-pour-un-vol-de-telephone-encouragent-le-parlement-a-legiferer-sur-la-justice-des-mineurs-20250213\" target=\"_blank\" data-fig-type=\"NewsFlash\" rel=\"noopener\" data-gtm-custom-categorie=\"navigation\" data-gtm-custom-action=\"crossclick\" data-gtm-custom-label=\"Contextuel\" data-gtm-event=\"customEventSPE\" data-fig-domain=\"LEFIGARO\">poignard\u00e9 avec une machette<\/a>.<\/p>\n<p class=\"fig-paragraph\">Je suis arriv\u00e9e en courant en moins de 10 minutes. Tout le monde \u00e9tait l\u00e0, les pompiers, les membres du Samu, les policiers. J\u2019ai pu m\u2019allonger contre mon enfant. L\u2019embrasser, lui parler, le rassurer, lui dire que son papa arrivait. Elias respirait difficilement.<\/p>\n<p class=\"fig-body-link\">\n            \u00c0 lire aussi<br \/>\n        <a class=\"fig-body-link__link fig-premium-mark\" href=\"http:\/\/www.lefigaro.fr\/actualite-france\/meurtre-d-elias-les-defaillances-de-la-justice-des-mineurs-20250127\" target=\"_blank\" data-fig-type=\"Article\" rel=\"noopener\" data-gtm-custom-categorie=\"navigation\" data-gtm-custom-action=\"crossclick\" data-gtm-custom-label=\"Contextuel\" data-gtm-event=\"customEventSPE\" data-fig-domain=\"LEFIGARO\">Le meurtre d\u2019\u00c9lias jette une lumi\u00e8re crue sur l\u2019\u00e9chec de la justice des mineurs<br \/>\n    <\/a>\n<\/p>\n<p class=\"fig-paragraph\">Son \u00e9tat s\u2019est rapidement aggrav\u00e9, en raison d\u2019une plaie thoracique transfixiante responsable d\u2019une h\u00e9morragie interne. Malgr\u00e9 la prise en charge du SAMU, des \u00e9quipes de chirurgie, d\u2019anesth\u00e9sie et de r\u00e9animation de l\u2019h\u00f4pital Necker, Elias est mort le samedi 25 janvier 2025.<\/p>\n<p class=\"fig-paragraph\">La grande s\u0153ur d\u2019Elias est n\u00e9e le 23 janvier 2004. Son grand fr\u00e8re est n\u00e9 le 26 janvier 2001. Elias a \u00e9t\u00e9 poignard\u00e9 le 24 janvier et est mort le 25 janvier. Les chiffres de la vie se sont moqu\u00e9s de moi.<\/p>\n<p class=\"fig-paragraph\">Mais qui s\u2019est moqu\u00e9 d\u2019Elias\u00a0?<\/p>\n<p class=\"fig-paragraph\">Ces deux adolescents de 16 et 17 ans, qui en toute impunit\u00e9,\u00a0<a href=\"http:\/\/www.lefigaro.fr\/actualite-france\/meurtre-d-elias-le-parcours-judiciaire-edifiant-des-agresseurs-20250129\" target=\"_blank\" data-fig-type=\"NewsFlash\" rel=\"noopener\" data-gtm-custom-categorie=\"navigation\" data-gtm-custom-action=\"crossclick\" data-gtm-custom-label=\"Contextuel\" data-gtm-event=\"customEventSPE\" data-fig-domain=\"LEFIGARO\">depuis 2021 r\u00e9it\u00e8rent des vols avec violence<\/a>\u00a0? Ces deux adolescents qui malgr\u00e9 une interdiction juridique d\u2019entrer en contact, se retrouvent r\u00e9guli\u00e8rement autour du Stade Jules-No\u00ebl pour commettre des d\u00e9lits.<\/p>\n<p class=\"fig-paragraph\">Leurs parents et l\u2019instabilit\u00e9 des cellules familiales\u00a0?<\/p>\n<p class=\"fig-paragraph\"><a href=\"http:\/\/www.lefigaro.fr\/vox\/politique\/meurtre-d-elias-quand-l-insecurite-explose-a-paris-anne-hidalgo-se-felicite-d-avoir-trouve-un-hashtag-20250129\" target=\"_blank\" data-fig-type=\"Article\" rel=\"noopener\" data-gtm-custom-categorie=\"navigation\" data-gtm-custom-action=\"crossclick\" data-gtm-custom-label=\"Contextuel\" data-gtm-event=\"customEventSPE\" data-fig-domain=\"LEFIGARO\">Cette maire<\/a>\u00a0qui n\u2019a pas jug\u00e9 bon de s\u00e9curiser les abords du stade qu\u2019elle savait mal fr\u00e9quent\u00e9s\u00a0?<\/p>\n<p class=\"fig-paragraph\">Les m\u00e9dias qui n\u2019ont pas eu l\u2019honn\u00eatet\u00e9 d\u2019\u00e9crire les mots machette et hachette, pr\u00e9f\u00e9rant minimiser l\u2019acte en parlant de couteau\u00a0? En \u00e9crivant qu\u2019Elias a refus\u00e9 de donner son t\u00e9l\u00e9phone portable\u00a0? Mais qui refuserait de donner son t\u00e9l\u00e9phone face \u00e0 deux individus arm\u00e9s d\u2019une hachette et d\u2019une machette sortie de son \u00e9tui\u00a0?<\/p>\n<p class=\"fig-paragraph\">Les juges des enfants qui ordonnent \u00e0 deux reprises (en 2023 et 2024) une interdiction d\u2019entrer en contact des deux d\u00e9linquants, sans v\u00e9rifier leurs adresses et sans s\u2019apercevoir qu\u2019ils habitent dans la m\u00eame r\u00e9sidence\u00a0?<\/p>\n<p class=\"fig-paragraph\">Les diff\u00e9rents ministres de la Sant\u00e9, de l\u2019\u00c9ducation nationale, de la Justice, de l\u2019Int\u00e9rieur qui n\u2019ont pas pris la mesure depuis des ann\u00e9es de la d\u00e9rive d\u2019une partie de la jeunesse, de son ensauvagement, de l\u2019impact des r\u00e9seaux sociaux et de la banalisation de la violence chez les adolescents entre eux et contre eux-m\u00eames\u00a0?<\/p>\n<p class=\"fig-paragraph\">Qui s\u2019est moqu\u00e9 d\u2019Elias\u00a0?<\/p>\n<p class=\"fig-paragraph\">Qui se moque d\u2019un joueur de foot qui rentre d\u2019un entra\u00eenement, comme des milliers de jeunes en France\u00a0?<\/p>\n<p>Qui se moque d\u2019un adolescent parisien de 14 ans qui est un fr\u00e8re, un petit-fils, un cousin, un ami, un amoureux\u00a0?<\/p>\n<p class=\"fig-paragraph\">Qui se moque d\u2019un adolescent parisien de 14 ans qui est un fr\u00e8re, un petit-fils, un cousin, un ami, un amoureux\u00a0?<\/p>\n<p class=\"fig-paragraph\">Depuis quatre mois j\u2019attends des r\u00e9ponses et je ne vois rien venir.<\/p>\n<p class=\"fig-paragraph\">Je m\u2019occupe de la s\u00e9pulture de mon fils et de notre famille. Je veille sur mon fils. Je tente de survivre \u00e0 l\u2019absence de mon fils Elias, \u00e0 ses \u00abcoucou maman\u00bb, \u00e0 ses \u00abbisous maman\u00bb, \u00e0 cette carte et \u00e0 ce petit cadeau que je n\u2019aurai pas pour la f\u00eate des m\u00e8res.<\/p>\n<p class=\"fig-paragraph\">Je patiente.<\/p>\n<p class=\"fig-paragraph\">Et je saurai qui s\u2019est moqu\u00e9 de nous.<\/p>\n<p class=\"fig-paragraph\">St\u00e9phanie, m\u00e8re d\u2019Elias<\/p>\n","protected":false},"excerpt":{"rendered":"EXCLUSIF &#8211; Dans une lettre ouverte \u00e0 tous, la m\u00e8re d\u2019Elias, adolescent d\u2019\u00e0 peine 15 ans sauvagement tu\u00e9&hellip;\n","protected":false},"author":2,"featured_media":126657,"comment_status":"","ping_status":"","sticky":false,"template":"","format":"standard","meta":{"footnotes":""},"categories":[2],"tags":[11,1428,1292,5361,5360,1429,1011,27,2683,303,12,1427,626,1426,104],"class_list":{"0":"post-126656","1":"post","2":"type-post","3":"status-publish","4":"format-standard","5":"has-post-thumbnail","7":"category-actualites","8":"tag-actualites","9":"tag-chroniqueurs","10":"tag-debat","11":"tag-debat-societe","12":"tag-debats-societaux","13":"tag-figarovox","14":"tag-fr","15":"tag-france","16":"tag-homicide","17":"tag-justice","18":"tag-news","19":"tag-opinions","20":"tag-paris","21":"tag-questions","22":"tag-societe"},"share_on_mastodon":{"url":"https:\/\/pubeurope.com\/@fr\/114567826831973080","error":""},"_links":{"self":[{"href":"https:\/\/www.europesays.com\/fr\/wp-json\/wp\/v2\/posts\/126656","targetHints":{"allow":["GET"]}}],"collection":[{"href":"https:\/\/www.europesays.com\/fr\/wp-json\/wp\/v2\/posts"}],"about":[{"href":"https:\/\/www.europesays.com\/fr\/wp-json\/wp\/v2\/types\/post"}],"author":[{"embeddable":true,"href":"https:\/\/www.europesays.com\/fr\/wp-json\/wp\/v2\/users\/2"}],"replies":[{"embeddable":true,"href":"https:\/\/www.europesays.com\/fr\/wp-json\/wp\/v2\/comments?post=126656"}],"version-history":[{"count":0,"href":"https:\/\/www.europesays.com\/fr\/wp-json\/wp\/v2\/posts\/126656\/revisions"}],"wp:featuredmedia":[{"embeddable":true,"href":"https:\/\/www.europesays.com\/fr\/wp-json\/wp\/v2\/media\/126657"}],"wp:attachment":[{"href":"https:\/\/www.europesays.com\/fr\/wp-json\/wp\/v2\/media?parent=126656"}],"wp:term":[{"taxonomy":"category","embeddable":true,"href":"https:\/\/www.europesays.com\/fr\/wp-json\/wp\/v2\/categories?post=126656"},{"taxonomy":"post_tag","embeddable":true,"href":"https:\/\/www.europesays.com\/fr\/wp-json\/wp\/v2\/tags?post=126656"}],"curies":[{"name":"wp","href":"https:\/\/api.w.org\/{rel}","templated":true}]}}