{"id":126658,"date":"2025-05-25T09:44:10","date_gmt":"2025-05-25T09:44:10","guid":{"rendered":"https:\/\/www.europesays.com\/fr\/126658\/"},"modified":"2025-05-25T09:44:10","modified_gmt":"2025-05-25T09:44:10","slug":"le-quartier-de-bellevue-boucle-ce-dimanche","status":"publish","type":"post","link":"https:\/\/www.europesays.com\/fr\/126658\/","title":{"rendered":"le quartier de Bellevue boucl\u00e9 ce dimanche"},"content":{"rendered":"<p>Plusieurs feux de v\u00e9hicules \u00e0 quelques rues d&rsquo;intervalle&#8230; Le quartier de Bellevue \u00e0 Saint-\u00c9tienne a v\u00e9cu un r\u00e9veil agit\u00e9, ce dimanche 25 mai.<\/p>\n<p>Tout a commenc\u00e9 vers 6h10 avec un premier sinistre au niveau du boulevard Chantalouette. A l&rsquo;arriv\u00e9e des secours, deux v\u00e9hicules \u00e9taient totalement embras\u00e9s.<\/p>\n<p>  Le coffret de gaz s&rsquo;enflamme<\/p>\n<p>Quinze minutes plus tard, \u00e0 6h25, rebelote, cette fois dans la rue des Mouliniers. \u00ab Trois v\u00e9hicules l\u00e9gers \u00e9taient totalement embras\u00e9s, avec une fuite de gaz enflamm\u00e9e sur un coffret de gaz\u00a0\u00bb, d\u00e9taille une source aupr\u00e8s du service d\u00e9partemental d&rsquo;incendie et de secours de la Loire. La torch\u00e8re a pu \u00eatre \u00e9teinte et le risque d&rsquo;explosion a \u00e9t\u00e9 \u00e9cart\u00e9.<\/p>\n<p>L&rsquo;alimentation en gaz a \u00e9t\u00e9 coup\u00e9e par GrDF dans ce secteur, entra\u00eenant une coupure aupr\u00e8s de 193 clients du quartier. La distribution devrait pouvoir \u00eatre r\u00e9tablie dans la journ\u00e9e. <\/p>\n<p>  Un incendie dans un parking\u00a0: vingt-cinq personnes mises en s\u00e9curit\u00e9<\/p>\n<p>Tandis que les secours \u00e9taient mobilis\u00e9s sur ces op\u00e9rations, deux autres sinistres se d\u00e9claraient. L&rsquo;un dans la rue Thimonnier\u00a0: l\u00e0, c&rsquo;est dans le parking situ\u00e9 au rez-de-chauss\u00e9e d&rsquo;un immeuble de cinq \u00e9tages\u00a0 qu&rsquo;une voiture et une moto \u00e9taient la proie des flammes. L&rsquo;immeuble a d\u00fb \u00eatre \u00e9vacu\u00e9.<\/p>\n<p>Vingt-cinq personnes qui ont \u00e9t\u00e9 expos\u00e9es aux fum\u00e9es (dont deux policiers) ont \u00e9t\u00e9 examin\u00e9es par les secours. Aucune n&rsquo;a finalement \u00e9t\u00e9 bless\u00e9e. L&rsquo;extinction de cet incendie a \u00e9t\u00e9 rendue d\u00e9licate \u00ab du fait de l&rsquo;agencement des locaux\u00a0\u00bb. Une conduite de gaz a \u00e9galement \u00e9t\u00e9 endommag\u00e9e par la chaleur.<\/p>\n<p>  Une fa\u00e7ade d&rsquo;immeuble d\u00e9grad\u00e9e<\/p>\n<p>La derni\u00e8re intervention s&rsquo;est d\u00e9roul\u00e9e rue Chomier. L\u00e0, se sont quatre v\u00e9hicules stationn\u00e9s \u00e0 l&rsquo;air libre qui ont br\u00fbl\u00e9, les flammes ayant par ailleurs endommag\u00e9 la fa\u00e7ade d&rsquo;un immeuble voisin.<\/p>\n<p>Ces interventions multiples ont n\u00e9cessit\u00e9 l&rsquo;intervention d&rsquo;un nombre importants d&rsquo;engins ainsi que de 51 sapeurs-pompiers. \u00ab Une recouverture op\u00e9rationnelle a \u00e9t\u00e9 r\u00e9alis\u00e9e sur l&rsquo;agglom\u00e9ration st\u00e9phanoise\u00a0\u00bb, pr\u00e9cise le SDIS42, avec l&rsquo;envoi de moyens des communes mitoyennes pour regarnir les casernes et assurer les autres missions de secours.<\/p>\n","protected":false},"excerpt":{"rendered":"Plusieurs feux de v\u00e9hicules \u00e0 quelques rues d&rsquo;intervalle&#8230; Le quartier de Bellevue \u00e0 Saint-\u00c9tienne a v\u00e9cu un r\u00e9veil&hellip;\n","protected":false},"author":2,"featured_media":126659,"comment_status":"","ping_status":"","sticky":false,"template":"","format":"standard","meta":{"footnotes":""},"categories":[9653],"tags":[1111,11,2430,271,272,7539,1777,674,274,107,1011,27,1310,3367,12,25,4001,7538],"class_list":{"0":"post-126658","1":"post","2":"type-post","3":"status-publish","4":"format-standard","5":"has-post-thumbnail","7":"category-saint-etienne","8":"tag-actu","9":"tag-actualites","10":"tag-auvergne-rhone-alpes","11":"tag-crime","12":"tag-delit-et-contravention","13":"tag-edition-loire-sud","14":"tag-eu","15":"tag-europe","16":"tag-faits-divers-justice","17":"tag-fil-info","18":"tag-fr","19":"tag-france","20":"tag-incendie","21":"tag-loire","22":"tag-news","23":"tag-republique-francaise","24":"tag-saint-etienne","25":"tag-saint-etienne-ville"},"share_on_mastodon":{"url":"https:\/\/pubeurope.com\/@fr\/114567830856168927","error":""},"_links":{"self":[{"href":"https:\/\/www.europesays.com\/fr\/wp-json\/wp\/v2\/posts\/126658","targetHints":{"allow":["GET"]}}],"collection":[{"href":"https:\/\/www.europesays.com\/fr\/wp-json\/wp\/v2\/posts"}],"about":[{"href":"https:\/\/www.europesays.com\/fr\/wp-json\/wp\/v2\/types\/post"}],"author":[{"embeddable":true,"href":"https:\/\/www.europesays.com\/fr\/wp-json\/wp\/v2\/users\/2"}],"replies":[{"embeddable":true,"href":"https:\/\/www.europesays.com\/fr\/wp-json\/wp\/v2\/comments?post=126658"}],"version-history":[{"count":0,"href":"https:\/\/www.europesays.com\/fr\/wp-json\/wp\/v2\/posts\/126658\/revisions"}],"wp:featuredmedia":[{"embeddable":true,"href":"https:\/\/www.europesays.com\/fr\/wp-json\/wp\/v2\/media\/126659"}],"wp:attachment":[{"href":"https:\/\/www.europesays.com\/fr\/wp-json\/wp\/v2\/media?parent=126658"}],"wp:term":[{"taxonomy":"category","embeddable":true,"href":"https:\/\/www.europesays.com\/fr\/wp-json\/wp\/v2\/categories?post=126658"},{"taxonomy":"post_tag","embeddable":true,"href":"https:\/\/www.europesays.com\/fr\/wp-json\/wp\/v2\/tags?post=126658"}],"curies":[{"name":"wp","href":"https:\/\/api.w.org\/{rel}","templated":true}]}}