{"id":126664,"date":"2025-05-25T09:47:11","date_gmt":"2025-05-25T09:47:11","guid":{"rendered":"https:\/\/www.europesays.com\/fr\/126664\/"},"modified":"2025-05-25T09:47:11","modified_gmt":"2025-05-25T09:47:11","slug":"mercato-nancy-michael-chretien-recruter-cinq-ou-six-joueurs","status":"publish","type":"post","link":"https:\/\/www.europesays.com\/fr\/126664\/","title":{"rendered":"Mercato Nancy &#8211; Micha\u00ebl Chr\u00e9tien : \u00ab Recruter cinq ou six joueurs \u00bb"},"content":{"rendered":"<p style=\"text-align: justify;\">Apr\u00e8s trois ans d\u2019absence, l\u2019AS <strong>Nancy<\/strong> va faire son retour en <strong>Ligue 2<\/strong> cet \u00e9t\u00e9. Le champion de N1 pr\u00e9pare son mercato. Interrog\u00e9 par <a href=\"https:\/\/www.estrepublicain.fr\/\" target=\"_blank\" rel=\"noopener\">L\u2019Est R\u00e9publicain<\/a>, le directeur sportif <strong>Micha\u00ebl<\/strong> <strong>Chr\u00e9tien<\/strong> entend \u00ab s\u2019appuyer sur la dynamique positive \u00bb de l\u2019\u00e9quipe actuelle. N\u00e9anmoins, des renforts sont \u00e0 attendre cet \u00e9t\u00e9 et sont d\u00e9taill\u00e9s par le dirigeant.<\/p>\n<p style=\"text-align: justify;\">\u00c0 lire aussi &gt;&gt; <a href=\"https:\/\/maligue2.fr\/2025\/05\/25\/mercato-rodez-deux-prolongations-et-deux-departs-en-defense\/\" target=\"_blank\" rel=\"noopener\">Mercato Rodez : Deux prolongations et deux d\u00e9parts en d\u00e9fense ?<\/a><\/p>\n<p style=\"text-align: justify;\">\u00ab On cherche un gardien pour remplacer Marco Giagnorio, en fin\u00a0 de contrat, qui a besoin de temps de jeu \u00e0 son \u00e2ge (ndlr, 24 ans). On a un chantier assez important en d\u00e9fense centrale puisqu\u2019on enregistre deux d\u00e9parts dans ce secteur. On aurait \u00e9videmment voulu garder Aliou Thiar\u00e9 mais son pr\u00eat touche \u00e0 sa fin ; il rentre au Havre. Il y a aussi le d\u00e9part de Lucas Pellegrini. On aimerait aussi trouver une deuxi\u00e8me lat\u00e9ral droit, en plus d\u2019Adrien Julloux, c\u2019est le seul poste qui n\u2019\u00e9tait pas vraiment doubl\u00e9 cette saison [\u2026] Enfin, on souhaiterait un attaquant suppl\u00e9mentaire. L\u2019id\u00e9e de c\u2019est de recruter cinq ou six joueurs pour bonifier l\u2019effectif. \u00bb<\/p>\n<p style=\"text-align: justify;\">Sur les profils recherch\u00e9s : \u00ab \u00c7a nous semble essentiel de recruter quelques joueurs qui connaissent le niveau sup\u00e9rieur. Soit des joueurs de Ligue 2, soit des joueurs qui se sont un peu perdus \u00e0 l\u2019\u00e9tranger, soit des pr\u00eat\u00e9s de Ligue 1. On suit aussi certains jeunes \u00e0 fort potentiel, mais en sachant qu\u2019ils ne seront pas forc\u00e9ment pr\u00eats imm\u00e9diatement pour la Ligue 2. \u00bb<\/p>\n<p style=\"text-align: justify;\">Photo \u00a9Fred Marvaux\/Icon Sport<\/p>\n","protected":false},"excerpt":{"rendered":"Apr\u00e8s trois ans d\u2019absence, l\u2019AS Nancy va faire son retour en Ligue 2 cet \u00e9t\u00e9. Le champion de&hellip;\n","protected":false},"author":2,"featured_media":126665,"comment_status":"","ping_status":"","sticky":false,"template":"","format":"standard","meta":{"footnotes":""},"categories":[9635],"tags":[24683,1111,11,1777,674,1011,27,775,25017,1702,12,25],"class_list":{"0":"post-126664","1":"post","2":"type-post","3":"status-publish","4":"format-standard","5":"has-post-thumbnail","7":"category-nancy","8":"tag-alaune4","9":"tag-actu","10":"tag-actualites","11":"tag-eu","12":"tag-europe","13":"tag-fr","14":"tag-france","15":"tag-grand-est","16":"tag-michael-chretien","17":"tag-nancy","18":"tag-news","19":"tag-republique-francaise"},"share_on_mastodon":{"url":"https:\/\/pubeurope.com\/@fr\/114567842638313756","error":""},"_links":{"self":[{"href":"https:\/\/www.europesays.com\/fr\/wp-json\/wp\/v2\/posts\/126664","targetHints":{"allow":["GET"]}}],"collection":[{"href":"https:\/\/www.europesays.com\/fr\/wp-json\/wp\/v2\/posts"}],"about":[{"href":"https:\/\/www.europesays.com\/fr\/wp-json\/wp\/v2\/types\/post"}],"author":[{"embeddable":true,"href":"https:\/\/www.europesays.com\/fr\/wp-json\/wp\/v2\/users\/2"}],"replies":[{"embeddable":true,"href":"https:\/\/www.europesays.com\/fr\/wp-json\/wp\/v2\/comments?post=126664"}],"version-history":[{"count":0,"href":"https:\/\/www.europesays.com\/fr\/wp-json\/wp\/v2\/posts\/126664\/revisions"}],"wp:featuredmedia":[{"embeddable":true,"href":"https:\/\/www.europesays.com\/fr\/wp-json\/wp\/v2\/media\/126665"}],"wp:attachment":[{"href":"https:\/\/www.europesays.com\/fr\/wp-json\/wp\/v2\/media?parent=126664"}],"wp:term":[{"taxonomy":"category","embeddable":true,"href":"https:\/\/www.europesays.com\/fr\/wp-json\/wp\/v2\/categories?post=126664"},{"taxonomy":"post_tag","embeddable":true,"href":"https:\/\/www.europesays.com\/fr\/wp-json\/wp\/v2\/tags?post=126664"}],"curies":[{"name":"wp","href":"https:\/\/api.w.org\/{rel}","templated":true}]}}