{"id":126666,"date":"2025-05-25T09:48:09","date_gmt":"2025-05-25T09:48:09","guid":{"rendered":"https:\/\/www.europesays.com\/fr\/126666\/"},"modified":"2025-05-25T09:48:09","modified_gmt":"2025-05-25T09:48:09","slug":"cette-commune-varoise-a-ete-recompensee-pour-ses-efforts-en-faveur-des-abeilles","status":"publish","type":"post","link":"https:\/\/www.europesays.com\/fr\/126666\/","title":{"rendered":"Cette commune varoise a \u00e9t\u00e9 r\u00e9compens\u00e9e pour ses efforts en faveur des abeilles"},"content":{"rendered":"<p>Sous un soleil presque estival, le Jardin remarquable de Baudouvin a bourdonn\u00e9 d\u2019une activit\u00e9 peu ordinaire. \u00c0 l\u2019occasion de la premi\u00e8re Journ\u00e9e de l\u2019abeille, organis\u00e9e par la m\u00e9tropole Toulon Provence M\u00e9diterran\u00e9e et la Ville de La Valette-du-Var, le site s\u2019est transform\u00e9 en ruche d\u2019animations, de d\u00e9couvertes et d\u2019engagements en faveur de la biodiversit\u00e9.<\/p>\n<p>Au-del\u00e0 des stands et ateliers, un moment fort a marqu\u00e9 la journ\u00e9e: la remise officielle du label APIcit\u00e9 \u00ab\u00a01 abeille\u00a0\u00bb par l\u2019Union nationale de l\u2019apiculture fran\u00e7aise. Cette distinction, qui r\u00e9compense les collectivit\u00e9s engag\u00e9es pour la protection des pollinisateurs, vient saluer les efforts constants de la commune en mati\u00e8re de d\u00e9veloppement durable.<\/p>\n<p>Gestion raisonn\u00e9e des espaces naturels<\/p>\n<p>Le territoire valettois, dont plus de la moiti\u00e9 est inconstructible, mise sur une gestion raisonn\u00e9e de ses espaces naturels: entre la cr\u00e9ation de quatorze nouveaux espaces verts, l\u2019essor des mini-for\u00eats urbaines selon la m\u00e9thode Miyawaki, ou encore l\u2019interdiction des pesticides, la nature y reprend ses droits. La biodiversit\u00e9 s\u2019\u00e9panouit aussi dans les \u00e9coles avec la mise en place d\u2019h\u00f4tels \u00e0 insectes ou via des campagnes d\u2019affichage pour diff\u00e9rencier les scolies des frelons asiatiques.<\/p>\n<p>Le Jardin de Baudouvin, qui marie potager nourricier et esth\u00e9tisme paysager, incarne \u00e0 lui seul cette philosophie. L\u2019association des Amis de Baudouvin, tr\u00e8s investie dans l\u2019organisation de l\u2019\u00e9v\u00e9nement, \u0153uvre toute l\u2019ann\u00e9e pour faire de ce lieu un mod\u00e8le de valorisation \u00e9cologique et culturelle.<\/p>\n<p>Un artisan local qui se distingue<\/p>\n<p>Cette premi\u00e8re Journ\u00e9e de l\u2019abeille \u2013 elle pourrait bien devenir un rendez-vous annuel \u2013 s\u2019est voulue \u00e0 la fois festive et p\u00e9dagogique. Les visiteurs ont pu rencontrer des apiculteurs passionn\u00e9s, go\u00fbter des miels locaux, d\u00e9couvrir une exposition photo d\u00e9di\u00e9e aux gestes de l\u2019apiculture traditionnelle, ou encore participer \u00e0 un atelier de fabrication de ruches en terre. Des enfants valettois ont \u00e9t\u00e9 sensibilis\u00e9s en amont avec Adrien Ligier. Avec 330 ruches et pr\u00e8s de 18 millions d\u2019abeilles, cet apiculteur professionnel prim\u00e9 \u00e0 plusieurs reprises au Salon de l\u2019agriculture incarne l\u2019excellence artisanale valettoise. Son miel de ch\u00e2taignier a re\u00e7u l\u2019or en 2023; son nougat blanc, l\u2019argent en 2024.<\/p>\n","protected":false},"excerpt":{"rendered":"Sous un soleil presque estival, le Jardin remarquable de Baudouvin a bourdonn\u00e9 d\u2019une activit\u00e9 peu ordinaire. \u00c0 l\u2019occasion&hellip;\n","protected":false},"author":2,"featured_media":126667,"comment_status":"","ping_status":"","sticky":false,"template":"","format":"standard","meta":{"footnotes":""},"categories":[9619],"tags":[1111,11,1777,674,1011,27,12,882,25,2310,3366],"class_list":{"0":"post-126666","1":"post","2":"type-post","3":"status-publish","4":"format-standard","5":"has-post-thumbnail","7":"category-toulon","8":"tag-actu","9":"tag-actualites","10":"tag-eu","11":"tag-europe","12":"tag-fr","13":"tag-france","14":"tag-news","15":"tag-provence-alpes-cote-dazur","16":"tag-republique-francaise","17":"tag-toulon","18":"tag-vie-locale"},"share_on_mastodon":{"url":"https:\/\/pubeurope.com\/@fr\/114567846574302032","error":""},"_links":{"self":[{"href":"https:\/\/www.europesays.com\/fr\/wp-json\/wp\/v2\/posts\/126666","targetHints":{"allow":["GET"]}}],"collection":[{"href":"https:\/\/www.europesays.com\/fr\/wp-json\/wp\/v2\/posts"}],"about":[{"href":"https:\/\/www.europesays.com\/fr\/wp-json\/wp\/v2\/types\/post"}],"author":[{"embeddable":true,"href":"https:\/\/www.europesays.com\/fr\/wp-json\/wp\/v2\/users\/2"}],"replies":[{"embeddable":true,"href":"https:\/\/www.europesays.com\/fr\/wp-json\/wp\/v2\/comments?post=126666"}],"version-history":[{"count":0,"href":"https:\/\/www.europesays.com\/fr\/wp-json\/wp\/v2\/posts\/126666\/revisions"}],"wp:featuredmedia":[{"embeddable":true,"href":"https:\/\/www.europesays.com\/fr\/wp-json\/wp\/v2\/media\/126667"}],"wp:attachment":[{"href":"https:\/\/www.europesays.com\/fr\/wp-json\/wp\/v2\/media?parent=126666"}],"wp:term":[{"taxonomy":"category","embeddable":true,"href":"https:\/\/www.europesays.com\/fr\/wp-json\/wp\/v2\/categories?post=126666"},{"taxonomy":"post_tag","embeddable":true,"href":"https:\/\/www.europesays.com\/fr\/wp-json\/wp\/v2\/tags?post=126666"}],"curies":[{"name":"wp","href":"https:\/\/api.w.org\/{rel}","templated":true}]}}