{"id":126685,"date":"2025-05-25T10:05:44","date_gmt":"2025-05-25T10:05:44","guid":{"rendered":"https:\/\/www.europesays.com\/fr\/126685\/"},"modified":"2025-05-25T10:05:44","modified_gmt":"2025-05-25T10:05:44","slug":"lensemble-de-la-metropole-nantaise-concernee-par-le-tri-des-dechets-dans-les-rues-maville-nantes","status":"publish","type":"post","link":"https:\/\/www.europesays.com\/fr\/126685\/","title":{"rendered":"L\u2019ensemble de la m\u00e9tropole nantaise concern\u00e9e par le tri des d\u00e9chets dans les rues &#8211; Maville Nantes"},"content":{"rendered":"<ol>\n<li><a href=\"https:\/\/news.google.com\/rss\/articles\/CBMi2gFBVV95cUxNQzFoNFNZR1ZEc0Q2TG1oMjl5aXF4MWNxR0lDUXZfemMzX0tkY0I5bEFkOGc0QUJJaXVmbkVHbml6Q0dETTZPbzJBTFkwTWVXYTdFOWNoaG1WM0V4dWx0bVFCWU1PU19Kd1N4bHd4RXVtVFhDd090bHlEU09qNVE4M2EtMTREUG5RdGM1R1BLcUFmY0U3MlNwV3BfY1NxeFhkVzlkWl9tZmFVeng0MHFrZXZ1NjJrMzBWLUthZWJhUjFJUWFCWWVVSWhuWG9RMHhfVzYtal9aWl9IQQ?oc=5\" target=\"_blank\" rel=\"noopener\">L\u2019ensemble de la m\u00e9tropole nantaise concern\u00e9e par le tri des d\u00e9chets dans les rues<\/a>&nbsp;&nbsp;Maville Nantes<\/li>\n<li><a href=\"https:\/\/news.google.com\/rss\/articles\/CBMi5AFBVV95cUxPTnBRUWJWNERjVi11NTFBLXNXWHhnNFh2MjVWU25IYmpCamtCZHZzMDVjcTBidDMxYldVd3BIZ1lpSnM0ekNVMXprWjlsdFI1V19DSVkxM1lEUWpXbnRNLUlfMDJiN3JZa0FfVGkwNFFtbXcxTHp2UC1MeWFsb0kzbEhjaHlnR3hsODhuSGRqY2hOMFV3T0RyNGVhZXZzN1lSd0NwRkJJdmJuX1ItVmtoeWxZbTNxMjdwUkJlOWRjS2kzSHFIV2NDSHYwd29hVUhSa0FJUjNNMjJweTZmNENNXzlUeno?oc=5\" target=\"_blank\" rel=\"noopener\">Dans la m\u00e9tropole de Nantes, 2.500 nouvelles poubelles pour mieux trier<\/a>&nbsp;&nbsp;francebleu.fr<\/li>\n<li><a href=\"https:\/\/news.google.com\/rss\/articles\/CBMi5wFBVV95cUxOUnNucS1FcEZZelZrS015OERfcGM2Y29sZE1kUFM0cFlrOVdMM29KMEFzajFocWptSHpGNTRvdGx6cGUydEFZQ1AwX0tCOWl4ckNYNXcwZGNNMllpV0ZWc1ptaV82YVBleTNGOVlLaVVUYks3ZjBqZG1kMEpsNGR5aWNyNllMY3JEeTV5YVdzcUJpTW44RW5KN1hnamRiZGFrYzR2ZWpPUkVSUnRvb2xjMHFiYk9OYnBqd3VWdmZmVXYzaFJscGhKZTJXSXIxY1Y1Tlk5X3F2VjhDTWdyMVNnX2h1dDY5b0E?oc=5\" target=\"_blank\" rel=\"noopener\">Le tri des d\u00e9chets \u00abcomme \u00e0 la maison\u00bb : Nantes M\u00e9tropole installe 2 500 corbeilles de tri s\u00e9lectif<\/a>&nbsp;&nbsp;Ouest-France<\/li>\n<li><a href=\"https:\/\/news.google.com\/rss\/articles\/CBMiqAFBVV95cUxOLXBmNUtxdkRxZnF4WmI0Q0tVZGw3TjdKWmJzaW9ld0xqdWxmd1NuaUE1Wk5GWjVjaG5lZGswUHZtNEQzZWlOVTA1WHljU3MyNk02UnNtYnh2LTlLWUJpQ25USUw4RmZ2MW9Ucll0OTNiZWluNE9tSFd3bmwzS05LamtHc2hBakFzWTNsa3ctTlFpYnBULTdXSUI4VG04M2oxWXFLVm80ZXQ?oc=5\" target=\"_blank\" rel=\"noopener\">Dans la m\u00e9tropole nantaise, les corbeilles de rue se mettent au tri<\/a>&nbsp;&nbsp;Nantes M\u00e9tropole<\/li>\n<\/ol>\n","protected":false},"excerpt":{"rendered":"L\u2019ensemble de la m\u00e9tropole nantaise concern\u00e9e par le tri des d\u00e9chets dans les rues&nbsp;&nbsp;Maville Nantes Dans la m\u00e9tropole&hellip;\n","protected":false},"author":2,"featured_media":126686,"comment_status":"","ping_status":"","sticky":false,"template":"","format":"standard","meta":{"footnotes":""},"categories":[2818],"tags":[1111,11,25018,3008,9487,1777,674,1011,27,2800,7127,766,12,2636,25,16915,25019],"class_list":{"0":"post-126685","1":"post","2":"type-post","3":"status-publish","4":"format-standard","5":"has-post-thumbnail","7":"category-nantes","8":"tag-actu","9":"tag-actualites","10":"tag-concernee","11":"tag-dechets","12":"tag-ensemble","13":"tag-eu","14":"tag-europe","15":"tag-fr","16":"tag-france","17":"tag-metropole","18":"tag-nantaise","19":"tag-nantes","20":"tag-news","21":"tag-pays-de-la-loire","22":"tag-republique-francaise","23":"tag-rues","24":"tag-tri"},"share_on_mastodon":{"url":"https:\/\/pubeurope.com\/@fr\/114567913547753075","error":""},"_links":{"self":[{"href":"https:\/\/www.europesays.com\/fr\/wp-json\/wp\/v2\/posts\/126685","targetHints":{"allow":["GET"]}}],"collection":[{"href":"https:\/\/www.europesays.com\/fr\/wp-json\/wp\/v2\/posts"}],"about":[{"href":"https:\/\/www.europesays.com\/fr\/wp-json\/wp\/v2\/types\/post"}],"author":[{"embeddable":true,"href":"https:\/\/www.europesays.com\/fr\/wp-json\/wp\/v2\/users\/2"}],"replies":[{"embeddable":true,"href":"https:\/\/www.europesays.com\/fr\/wp-json\/wp\/v2\/comments?post=126685"}],"version-history":[{"count":0,"href":"https:\/\/www.europesays.com\/fr\/wp-json\/wp\/v2\/posts\/126685\/revisions"}],"wp:featuredmedia":[{"embeddable":true,"href":"https:\/\/www.europesays.com\/fr\/wp-json\/wp\/v2\/media\/126686"}],"wp:attachment":[{"href":"https:\/\/www.europesays.com\/fr\/wp-json\/wp\/v2\/media?parent=126685"}],"wp:term":[{"taxonomy":"category","embeddable":true,"href":"https:\/\/www.europesays.com\/fr\/wp-json\/wp\/v2\/categories?post=126685"},{"taxonomy":"post_tag","embeddable":true,"href":"https:\/\/www.europesays.com\/fr\/wp-json\/wp\/v2\/tags?post=126685"}],"curies":[{"name":"wp","href":"https:\/\/api.w.org\/{rel}","templated":true}]}}