{"id":126687,"date":"2025-05-25T10:06:11","date_gmt":"2025-05-25T10:06:11","guid":{"rendered":"https:\/\/www.europesays.com\/fr\/126687\/"},"modified":"2025-05-25T10:06:11","modified_gmt":"2025-05-25T10:06:11","slug":"la-soiree-de-soutien-a-urgence-palestine-fait-le-plein","status":"publish","type":"post","link":"https:\/\/www.europesays.com\/fr\/126687\/","title":{"rendered":"la soir\u00e9e de soutien \u00e0 Urgence Palestine fait le plein"},"content":{"rendered":"<p>Partout en France, la mobilisation monte en puissance contre la dissolution du collectif Urgence Palestine. <a href=\"https:\/\/contre-attaque.net\/2025\/04\/30\/rouleau-compresseur-neofasciste-le-gouvernement-veut-dissoudre-urgence-palestine-et-la-jeune-garde\/\" target=\"_blank\" rel=\"noopener\">Une proc\u00e9dure annonc\u00e9e par Bruno Retailleau il y a un mois<\/a>, mais pas encore mise en application. Une p\u00e9tition de soutien a d\u00e9j\u00e0 recueilli plus de 230.000 signatures, de nombreuses personnalit\u00e9s publiques ont pris position, des meetings et des manifestations ont lieu, <a href=\"https:\/\/contre-attaque.net\/2025\/05\/22\/dissolution-ou-pas-il-y-a-urgence-en-palestine\/\" target=\"_blank\" rel=\"noopener\">des fresques sont r\u00e9alis\u00e9es<\/a>\u2026<\/p>\n<p>\u00c0 Nantes, vendredi 23 mai, une soir\u00e9e contre la dissolution de ce collectif pro-palestinien, le plus actif du pays, \u00e9tait initi\u00e9e par le collectif La R\u00e9cr\u00e9.e, et co-organis\u00e9e par Contre Attaque au Labo Diva, sur l\u2019\u00eele de Nantes. L\u2019\u00e9v\u00e9nement a fait le plein r\u00e9unissant plus de 100 personnes. Dans un bar d\u00e9cor\u00e9 de banderoles et d\u2019un grand drapeau palestinien, plusieurs prises de parole se sont succ\u00e9d\u00e9es\u00a0: celui d\u2019une militante d\u2019Urgence Palestine, elle-m\u00eame palestinienne, a racont\u00e9 son d\u00e9sarroi face au g\u00e9nocide en cours, suivie du collectif antiraciste Isonomia, d\u2019un syndicaliste de la CGT, et une contribution de Contre Attaque.<\/p>\n<p>Pour finir, le discours poignant d\u2019une militante d\u00e9coloniale antillaise a dress\u00e9 un panorama du colonialisme fran\u00e7ais et point\u00e9 l\u2019immense responsabilit\u00e9 du gouvernement Macron dans la prolongation du continuum colonial et raciste, en France et dans le monde. Ces interventions ont d\u00e9montr\u00e9 la construction de l\u2019unit\u00e9 dans la diversit\u00e9 des collectifs face \u00e0 l\u2019offensive raciste et autoritaire du pouvoir.<\/p>\n<p>Des stands proposaient des produits pour soutenir financi\u00e8rement Urgence Palestine dans le cadre des proc\u00e9dures en cours, et un atelier cr\u00e9atif a r\u00e9alis\u00e9 des affiches qui ont ensuite \u00e9t\u00e9 coll\u00e9es dans la ville.<\/p>\n<p>Pour cl\u00f4turer cette soir\u00e9e en musique, La R\u00e9cr\u00e9.e a propos\u00e9 un DJ set endiabl\u00e9 et engag\u00e9. Cette soir\u00e9e a conjugu\u00e9 le s\u00e9rieux du moment politique et la joie de se retrouver ensemble, d\u00e9montrant que, malgr\u00e9 l\u2019obscurit\u00e9 qui s\u2019avance, les braises de la r\u00e9sistance brillent encore. D\u2019autres initiatives suivront.<\/p>\n","protected":false},"excerpt":{"rendered":"Partout en France, la mobilisation monte en puissance contre la dissolution du collectif Urgence Palestine. Une proc\u00e9dure annonc\u00e9e&hellip;\n","protected":false},"author":2,"featured_media":126688,"comment_status":"","ping_status":"","sticky":false,"template":"","format":"standard","meta":{"footnotes":""},"categories":[2818],"tags":[1111,11,25020,1777,674,1011,27,766,12,2636,2189,25,25021,25022],"class_list":{"0":"post-126687","1":"post","2":"type-post","3":"status-publish","4":"format-standard","5":"has-post-thumbnail","7":"category-nantes","8":"tag-actu","9":"tag-actualites","10":"tag-dissolution","11":"tag-eu","12":"tag-europe","13":"tag-fr","14":"tag-france","15":"tag-nantes","16":"tag-news","17":"tag-pays-de-la-loire","18":"tag-photos","19":"tag-republique-francaise","20":"tag-soiree-de-soutien","21":"tag-urgence-palestine"},"share_on_mastodon":{"url":"https:\/\/pubeurope.com\/@fr\/114567917381738713","error":""},"_links":{"self":[{"href":"https:\/\/www.europesays.com\/fr\/wp-json\/wp\/v2\/posts\/126687","targetHints":{"allow":["GET"]}}],"collection":[{"href":"https:\/\/www.europesays.com\/fr\/wp-json\/wp\/v2\/posts"}],"about":[{"href":"https:\/\/www.europesays.com\/fr\/wp-json\/wp\/v2\/types\/post"}],"author":[{"embeddable":true,"href":"https:\/\/www.europesays.com\/fr\/wp-json\/wp\/v2\/users\/2"}],"replies":[{"embeddable":true,"href":"https:\/\/www.europesays.com\/fr\/wp-json\/wp\/v2\/comments?post=126687"}],"version-history":[{"count":0,"href":"https:\/\/www.europesays.com\/fr\/wp-json\/wp\/v2\/posts\/126687\/revisions"}],"wp:featuredmedia":[{"embeddable":true,"href":"https:\/\/www.europesays.com\/fr\/wp-json\/wp\/v2\/media\/126688"}],"wp:attachment":[{"href":"https:\/\/www.europesays.com\/fr\/wp-json\/wp\/v2\/media?parent=126687"}],"wp:term":[{"taxonomy":"category","embeddable":true,"href":"https:\/\/www.europesays.com\/fr\/wp-json\/wp\/v2\/categories?post=126687"},{"taxonomy":"post_tag","embeddable":true,"href":"https:\/\/www.europesays.com\/fr\/wp-json\/wp\/v2\/tags?post=126687"}],"curies":[{"name":"wp","href":"https:\/\/api.w.org\/{rel}","templated":true}]}}