{"id":12670,"date":"2025-04-09T13:00:12","date_gmt":"2025-04-09T13:00:12","guid":{"rendered":"https:\/\/www.europesays.com\/fr\/12670\/"},"modified":"2025-04-09T13:00:12","modified_gmt":"2025-04-09T13:00:12","slug":"cretin-bete-comme-ses-pieds-musk-insulte-un-conseiller-de-trump","status":"publish","type":"post","link":"https:\/\/www.europesays.com\/fr\/12670\/","title":{"rendered":"\u00ab\u00a0Cr\u00e9tin\u00a0\u00bb, \u00ab\u00a0b\u00eate comme ses pieds\u00a0\u00bb\u2026 Musk insulte un conseiller de Trump"},"content":{"rendered":"<p>Les tensions au sein de la Maison-Blanche s\u2019affichent au grand jour. <a href=\"https:\/\/www.20minutes.fr\/dossier\/elon_musk\" target=\"_blank\" class=\"color-ultramarine c-link\" rel=\"nofollow noopener\">Elon Musk<\/a> s\u2019en est en effet pris mardi au conseiller am\u00e9ricain au commerce, Peter Navarro.<\/p>\n<p>L\u2019homme le plus riche du monde, qui m\u00e8ne pour le compte de <a href=\"https:\/\/www.20minutes.fr\/dossier\/donald_trump\" target=\"_blank\" class=\"color-ultramarine c-link\" rel=\"nofollow noopener\">Donald Trump<\/a> une mission de r\u00e9duction radicale de la d\u00e9pense publique, a \u00e9crit, dans deux messages publi\u00e9s mardi sur X, que Peter Navarro \u00e9tait un \u00ab\u00a0cr\u00e9tin\u00a0\u00bb et qu\u2019il \u00e9tait \u00ab\u00a0b\u00eate comme ses pieds\u00a0\u00bb.<\/p>\n<p>La Maison-Blanche minimise<\/p>\n<p>\u00ab\u00a0Les gar\u00e7ons sont comme \u00e7a, on ne les changera pas, nous les laisserons poursuivre leur duel publiquement\u00a0\u00bb, a pour sa part comment\u00e9 lors d\u2019un point presse la porte-parole de la Maison-Blanche, Karoline Leavitt, visiblement d\u00e9cid\u00e9e \u00e0 traiter l\u2019affaire \u00e0 la l\u00e9g\u00e8re. Elle a \u00e9voqu\u00e9 deux hommes avec des opinions \u00ab\u00a0tr\u00e8s diff\u00e9rentes sur le commerce et les droits de douane\u00a0\u00bb et vant\u00e9 la transparence du gouvernement Trump.<\/p>\n<\/p>\n<p>Elon Musk, grand alli\u00e9 du pr\u00e9sident dont il a financ\u00e9 la campagne \u00e9lectorale, a comment\u00e9 une vid\u00e9o dans laquelle le conseiller au commerce estimait que le patron de <a href=\"https:\/\/www.20minutes.fr\/dossier\/tesla\" target=\"_blank\" class=\"color-ultramarine c-link\" rel=\"nofollow noopener\">Tesla<\/a> n\u2019est \u00ab\u00a0pas un fabricant de voitures\u00a0\u00bb mais seulement un \u00ab\u00a0assembleur\u00a0\u00bb travaillant avec des pi\u00e8ces import\u00e9es d\u2019Asie. \u00ab\u00a0Ce que nous voulons, et c\u2019est l\u00e0 que nous avons des vues diff\u00e9rentes d\u2019Elon, c\u2019est que les pneus soient fabriqu\u00e9s\u00a0\u00bb aux <a href=\"https:\/\/www.20minutes.fr\/monde\/etats-unis\/\" target=\"_blank\" class=\"color-ultramarine c-link\" rel=\"nofollow noopener\">Etats-Unis<\/a>, tout comme les \u00ab\u00a0transmissions\u00a0\u00bb et les \u00ab\u00a0moteurs\u00a0\u00bb, a expliqu\u00e9 Peter Navarro dans cette vid\u00e9o, extraite d\u2019une interview avec la cha\u00eene CNBC.<\/p>\n<p>\u00ab\u00a0Navarro est vraiment un cr\u00e9tin. Ce qu\u2019il dit ici est faux et c\u2019est facile \u00e0 prouver\u00a0\u00bb, a r\u00e9torqu\u00e9 Elon Musk, en ajoutant ensuite\u00a0: \u00ab\u00a0Navarro est b\u00eate comme ses pieds.\u00a0\u00bb Il est revenu \u00e0 la charge dans un troisi\u00e8me message furieux, ajoutant que de tous les constructeurs, Tesla \u00e9tait celui avec \u00ab\u00a0le plus de contenu am\u00e9ricain\u00a0\u00bb, et en concluant\u00a0: \u00ab\u00a0Navarro devrait demander \u00e0 ce faux expert qu\u2019il a invent\u00e9, Ron Vara\u00a0\u00bb. La presse am\u00e9ricaine avait, pendant le premier mandat de Donald Trump, r\u00e9v\u00e9l\u00e9 que Peter Navarro citait dans des livres un expert apparemment invent\u00e9 de toutes pi\u00e8ces, Ron Vara, dont le nom est une anagramme du sien.<\/p>\n<p>Musk sur la sellette<\/p>\n<p>Elon Musk avait d\u00e9j\u00e0 signal\u00e9, mais plus discr\u00e8tement, son opposition \u00e0 la politique radicalement protectionniste dont Peter Navarro est l\u2019un des grands architectes, et qui s\u2019est traduite la semaine derni\u00e8re par l\u2019annonce de droits de douane pour certains astronomiques contre les partenaires commerciaux des Etats-Unis.<\/p>\n<p><a href=\"https:\/\/www.20minutes.fr\/monde\/etats-unis\/\" target=\"_blank\" class=\"c-link c-btn c-btn--primary\" rel=\"nofollow noopener\">Notre dossier sur les Etats-Unis<\/a><\/p>\n<p>Les m\u00e9dias avaient en outre d\u00e9j\u00e0 fait \u00e9tat de tensions entre le multimilliardaire et d\u2019autres membres de l\u2019administration Trump \u00e0 propos de la mani\u00e8re dont Elon Musk d\u00e9mant\u00e8le des pans entiers de la bureaucratie f\u00e9d\u00e9rale. Le locataire de la Maison-Blanche lui maintient jusqu\u2019ici son soutien, mais a ces derniers temps plusieurs fois signal\u00e9 que sa mission au sein de sa \u00ab\u00a0commission \u00e0 l\u2019efficacit\u00e9 gouvernementale\u00a0\u00bb (Doge) n\u2019allait pas durer \u00e9ternellement, et qu\u2019il lui faudrait un jour reprendre les manettes de Tesla, dont les ventes et le cours de Bourse sont en baisse.<\/p>\n","protected":false},"excerpt":{"rendered":"Les tensions au sein de la Maison-Blanche s\u2019affichent au grand jour. Elon Musk s\u2019en est en effet pris&hellip;\n","protected":false},"author":2,"featured_media":12671,"comment_status":"","ping_status":"","sticky":false,"template":"","format":"standard","meta":{"footnotes":""},"categories":[2],"tags":[47,11,215,75,33,46,73,5798,1011,27,5799,2335,74,12,320,133],"class_list":{"0":"post-12670","1":"post","2":"type-post","3":"status-publish","4":"format-standard","5":"has-post-thumbnail","7":"category-actualites","8":"tag-actualite","9":"tag-actualites","10":"tag-commerce","11":"tag-donald-trump","12":"tag-economie","13":"tag-elon-musk","14":"tag-etats-unis","15":"tag-exportation","16":"tag-fr","17":"tag-france","18":"tag-importation","19":"tag-insulte","20":"tag-monde","21":"tag-news","22":"tag-tesla","23":"tag-video"},"share_on_mastodon":{"url":"https:\/\/pubeurope.com\/@fr\/114308135223211266","error":""},"_links":{"self":[{"href":"https:\/\/www.europesays.com\/fr\/wp-json\/wp\/v2\/posts\/12670","targetHints":{"allow":["GET"]}}],"collection":[{"href":"https:\/\/www.europesays.com\/fr\/wp-json\/wp\/v2\/posts"}],"about":[{"href":"https:\/\/www.europesays.com\/fr\/wp-json\/wp\/v2\/types\/post"}],"author":[{"embeddable":true,"href":"https:\/\/www.europesays.com\/fr\/wp-json\/wp\/v2\/users\/2"}],"replies":[{"embeddable":true,"href":"https:\/\/www.europesays.com\/fr\/wp-json\/wp\/v2\/comments?post=12670"}],"version-history":[{"count":0,"href":"https:\/\/www.europesays.com\/fr\/wp-json\/wp\/v2\/posts\/12670\/revisions"}],"wp:featuredmedia":[{"embeddable":true,"href":"https:\/\/www.europesays.com\/fr\/wp-json\/wp\/v2\/media\/12671"}],"wp:attachment":[{"href":"https:\/\/www.europesays.com\/fr\/wp-json\/wp\/v2\/media?parent=12670"}],"wp:term":[{"taxonomy":"category","embeddable":true,"href":"https:\/\/www.europesays.com\/fr\/wp-json\/wp\/v2\/categories?post=12670"},{"taxonomy":"post_tag","embeddable":true,"href":"https:\/\/www.europesays.com\/fr\/wp-json\/wp\/v2\/tags?post=12670"}],"curies":[{"name":"wp","href":"https:\/\/api.w.org\/{rel}","templated":true}]}}